{"id":342353,"date":"2025-08-25T08:06:30","date_gmt":"2025-08-25T08:06:30","guid":{"rendered":"https:\/\/www.europesays.com\/fr\/342353\/"},"modified":"2025-08-25T08:06:30","modified_gmt":"2025-08-25T08:06:30","slug":"la-course-dorientation-un-sport-qui-lie-la-tete-et-les-jambes-a-nantes-sport","status":"publish","type":"post","link":"https:\/\/www.europesays.com\/fr\/342353\/","title":{"rendered":"La course d\u2019orientation, un sport qui \u00ab lie la t\u00eate et les jambes \u00bb \u00e0 Nantes . Sport"},"content":{"rendered":"<p>\u00c0 vos marques, pr\u00eat, courez\u00a0! Oui, mais avec une carte et des balises. Originaire de Scandinavie, la course d\u2019orientation se pratique en ext\u00e9rieur \u00e0 tout \u00e2ge et \u00e0 tous niveaux. Dans ce sport, les pratiquants disposent d\u2019une carte avec des motifs, leur permettant d\u2019identifier des balises rep\u00e9rables dans un lieu donn\u00e9.\u00a0Les orienteurs ne comptent que sur eux-m\u00eames pour choisir leur itin\u00e9raire entre les points de passage.<\/p>\n<p><strong>Lire aussi\u00a0:<\/strong>\u00a0<a href=\"https:\/\/rennes.maville.com\/sport\/detail_-cinq-idees-recues-sur-la-course-d-orientation-un-sport-a-la-portee-de-tous-_54135-6119915_actu.Htm\" target=\"_blank\" rel=\"noopener\">Cinq id\u00e9es re\u00e7ues sur la course d\u2019orientation, un sport \u00e0 la port\u00e9e de tous<\/a><\/p>\n<p>Le chronom\u00e8tre est seul juge\u00a0: celui qui r\u00e9alise le meilleur temps gagne\u00a0! Trois variantes existent (le sprint, la moyenne et la longue distance), mais le principe est toujours le m\u00eame\u00a0:<strong> \u00ab\u00a0Relier des points dans l\u2019ordre en\u00a0courant et en s\u2019orientant \u00e0 l\u2019aide d\u2019une carte\u00a0\u00bb,<\/strong> explique Pierre-Marie Verg\u00e9, secr\u00e9taire g\u00e9n\u00e9ral de Nantes Atlantique Orientation (NAO), l\u2019un des trois clubs du d\u00e9partement (Loire-Atlantique).<\/p>\n<p>En club ou \u00e0 l\u2019\u00e9cole<\/p>\n<p>Cr\u00e9\u00e9e en 1983, l\u2019association propose une pratique tout public, en loisirs ou en comp\u00e9tition. De la pr\u00e9paration physique, \u00e0 lecture de carte en passant par la simulation de courses, les entra\u00eenements ont lieu tous les samedis matin dans les parcs de Nantes et sa m\u00e9tropole.\u00a0En plus de ces sessions, le club se d\u00e9place dans une quarantaine de comp\u00e9titions \u00e0 l\u2019ann\u00e9e.<\/p>\n<p>\t<img decoding=\"async\" src=\"https:\/\/www.europesays.com\/fr\/wp-content\/uploads\/2025\/08\/P35422601D6945948G_px_640_.jpg\" alt=\"photo la carte et la boussole\u00a0: les \u00e9l\u00e9ments essentiels pour une course d\u2019orientation.  \u00a9  ouest-france\" width=\"640\" title=\" La carte et la boussole\u00a0: les \u00e9l\u00e9ments essentiels pour une course d\u2019orientation.   Ouest-France \"\/><\/p>\n<p class=\"elmt-legende\"> La carte et la boussole\u00a0: les \u00e9l\u00e9ments essentiels pour une course d\u2019orientation.   Ouest-France <\/p>\n<p>L\u2019adh\u00e9sion oscille entre 50\u00a0\u20ac et 120\u00a0\u20ac selon l\u2019\u00e2ge et le type de formule choisie, loisirs ou comp\u00e9titions. Des sessions d\u00e9couvertes accessibles d\u00e8s 9\u00a0\u20ac permettent de s\u2019essayer \u00e0 la discipline le temps d\u2019une journ\u00e9e.<\/p>\n<p>Pour Pierre-Marie Verg\u00e9, qui pratique depuis neuf ans, la course d\u2019orientation a de nombreuses vertus\u00a0: <strong>\u00ab\u00a0Se rep\u00e9rer dans l\u2019espace, apprendre \u00e0 lire, \u00eatre proche de la nature\u2026\u00a0\u00bb<\/strong> Ce sport qui <strong>\u00ab\u00a0lie la t\u00eate et les jambes\u00a0\u00bb <\/strong>a d\u2019ailleurs int\u00e9gr\u00e9 les programmes scolaires depuis une dizaine d\u2019ann\u00e9es. Elle se pratique aussi en club, en t\u00e9moigne Nantes Atlantique Orientation et ces soixante-treize licenci\u00e9s.<\/p>\n<p>Plus d\u2019informations sur le <a href=\"https:\/\/www.naorientation.fr\/contacts\/\" target=\"_blank\" rel=\"noopener\">site de l\u2019association<\/a>, par mail \u00e0 nao4403@gmail.com, ou par t\u00e9l\u00e9phone au 06\u00a030\u00a055\u00a001\u00a017.<\/p>\n<p>\u00a0<\/p>\n","protected":false},"excerpt":{"rendered":"\u00c0 vos marques, pr\u00eat, courez\u00a0! Oui, mais avec une carte et des balises. Originaire de Scandinavie, la course&hellip;\n","protected":false},"author":2,"featured_media":342354,"comment_status":"","ping_status":"","sticky":false,"template":"","format":"standard","meta":{"footnotes":""},"categories":[2818],"tags":[1111,11,1438,3809,1465,1777,674,63,1011,27,1792,1922,766,12,2636,25,479,517,1470],"class_list":{"0":"post-342353","1":"post","2":"type-post","3":"status-publish","4":"format-standard","5":"has-post-thumbnail","7":"category-nantes","8":"tag-actu","9":"tag-actualites","10":"tag-angers","11":"tag-ball","12":"tag-basket","13":"tag-eu","14":"tag-europe","15":"tag-football","16":"tag-fr","17":"tag-france","18":"tag-handball","19":"tag-info","20":"tag-nantes","21":"tag-news","22":"tag-pays-de-la-loire","23":"tag-republique-francaise","24":"tag-rugby","25":"tag-sport","26":"tag-volley"},"share_on_mastodon":{"url":"https:\/\/pubeurope.com\/@fr\/115088378112550426","error":""},"_links":{"self":[{"href":"https:\/\/www.europesays.com\/fr\/wp-json\/wp\/v2\/posts\/342353","targetHints":{"allow":["GET"]}}],"collection":[{"href":"https:\/\/www.europesays.com\/fr\/wp-json\/wp\/v2\/posts"}],"about":[{"href":"https:\/\/www.europesays.com\/fr\/wp-json\/wp\/v2\/types\/post"}],"author":[{"embeddable":true,"href":"https:\/\/www.europesays.com\/fr\/wp-json\/wp\/v2\/users\/2"}],"replies":[{"embeddable":true,"href":"https:\/\/www.europesays.com\/fr\/wp-json\/wp\/v2\/comments?post=342353"}],"version-history":[{"count":0,"href":"https:\/\/www.europesays.com\/fr\/wp-json\/wp\/v2\/posts\/342353\/revisions"}],"wp:featuredmedia":[{"embeddable":true,"href":"https:\/\/www.europesays.com\/fr\/wp-json\/wp\/v2\/media\/342354"}],"wp:attachment":[{"href":"https:\/\/www.europesays.com\/fr\/wp-json\/wp\/v2\/media?parent=342353"}],"wp:term":[{"taxonomy":"category","embeddable":true,"href":"https:\/\/www.europesays.com\/fr\/wp-json\/wp\/v2\/categories?post=342353"},{"taxonomy":"post_tag","embeddable":true,"href":"https:\/\/www.europesays.com\/fr\/wp-json\/wp\/v2\/tags?post=342353"}],"curies":[{"name":"wp","href":"https:\/\/api.w.org\/{rel}","templated":true}]}}