{"id":342364,"date":"2025-08-25T08:11:13","date_gmt":"2025-08-25T08:11:13","guid":{"rendered":"https:\/\/www.europesays.com\/fr\/342364\/"},"modified":"2025-08-25T08:11:13","modified_gmt":"2025-08-25T08:11:13","slug":"3-jours-vintage-en-septembre","status":"publish","type":"post","link":"https:\/\/www.europesays.com\/fr\/342364\/","title":{"rendered":"3 jours vintage en septembre"},"content":{"rendered":"<p>\t\t\t\t\t\t\t\t\t\t\t\t\t\t\t\t\t\t\t\t\t\t<img loading=\"lazy\" decoding=\"async\" src=\"data:image\/svg+xml,%3Csvg%20xmlns=\" http:=\"\" class=\"img-fluid\" alt=\"Salon auto-moto Classic Toulouse\" width=\"1024\" height=\"683\" data-lazy-src=\"https:\/\/www.europesays.com\/fr\/wp-content\/uploads\/2025\/08\/1-auto-moto-1024x683.jpg\"\/><\/p>\n<p>Du 5 au 7 septembre 2025, le <a href=\"https:\/\/www.automoto-classic.com\/toulouse\/\" rel=\"nofollow noopener noreferrer\" target=\"_blank\" class=\"shortcode-outbound-link\" data-has-ga=\"true\" data-ga-type=\"click\" data-label=\"https:\/\/www.automoto-classic.com\/toulouse\/\" data-action=\"text_cta_0\" data-category=\"click_non_sales\">Salon Auto-Moto Classic de Toulouse<\/a> revient pour sa 8e \u00e9dition. Trois jours de moteurs qui ronronnent, de chromes qui brillent, de passionn\u00e9s qui partagent et de visiteurs qui s\u2019\u00e9merveillent. Que vous soyez fan de voitures anciennes, collectionneur dans l\u2019\u00e2me ou simple curieux en balade, cette vir\u00e9e dans le pass\u00e9 s\u2019annonce aussi \u00e9lectrique que nostalgique.<\/p>\n<p> <b>Salon auto-moto Classic de Toulouse, un salon XXL entre expo r\u00e9gionale, ventes vintage et 1700 v\u00e9hicules \u00e0 admirer<\/b> <\/p>\n<p><img fetchpriority=\"high\" decoding=\"async\" class=\"alignnone wp-image-13526 size-full\" src=\"data:image\/svg+xml,%3Csvg%20xmlns=\" http:=\"\" alt=\"\" width=\"1200\" height=\"800\" data-lazy- data-lazy- data-lazy-src=\"https:\/\/www.europesays.com\/fr\/wp-content\/uploads\/2025\/08\/2-auto-moto.jpg\"\/><b>1700<\/b>. C\u2019est le nombre de v\u00e9hicules que vous pourrez <b>approcher<\/b>, photographier, admirer sous tous les angles\u2026 ou m\u00eame <b>acheter<\/b>. Du coup\u00e9 Honda S800 \u00e0 la Jaguar rac\u00e9e, en passant par les DS iconiques, les buggys insolites ou les incontournables am\u00e9ricaines, il y en aura <b>pour tous les go\u00fbts <\/b>(et toutes les envies de collection).<br \/>Sur place, <b>250 exposants<\/b> et une ambiance unique pour discuter entre passionn\u00e9s, chiner des pi\u00e8ces rares, ou participer \u00e0 la <b>vente entre particuliers<\/b> (info &amp; modalit\u00e9s sur ventepapautomotoclassic@orange.fr). Et pour les fans de sport m\u00e9canique, une grande <b>expo d\u00e9di\u00e9e aux circuits mythiques d\u2019Occitanie<\/b> promet une plong\u00e9e dans l\u2019histoire vrombissante de la r\u00e9gion.<\/p>\n<p><img loading=\"lazy\" decoding=\"async\" class=\"alignnone wp-image-13527 size-full\" src=\"data:image\/svg+xml,%3Csvg%20xmlns=\" http:=\"\" alt=\"Salon auto-moto Classic Toulouse\" width=\"1200\" height=\"800\" data-lazy- data-lazy- data-lazy-src=\"https:\/\/www.europesays.com\/fr\/wp-content\/uploads\/2025\/08\/3-auto-moto.jpg\"\/>Le Salon Auto-Moto Classic, ce n\u2019est pas qu\u2019un rassemblement de voitures : c\u2019est une <b>ambiance festive et chaleureuse<\/b>. Tout d\u00e9marre le vendredi 5 septembre avec notamment la nocturne musicale jusque 21h et sa <b>chorale de gospel<\/b> envo\u00fbtante et compl\u00e9t\u00e9e par un show de <b>rock et swing<\/b> d\u00e9coiffant sign\u00e9 TRAC, l\u2019\u00e9cole de danse toulousaine.<\/p>\n<p>Les 6 et 7 septembre, les <b>American Days<\/b> vous plongent en plein c\u0153ur des \u00c9tats-Unis avec plus de 700 v\u00e9hicules US, des concerts et de nombreux show. Les enfants (et les grands gamins) ne seront pas en reste : <b>karting \u00e9lectrique<\/b>, <b>simulateur de conduite<\/b>, <b>circuit radio-command\u00e9<\/b>\u2026 et bien s\u00fbr, des <b>stands de street food<\/b> pour recharger les batteries.<\/p>\n<p>Au cours du salon vous aurez la chance de rencontrer les<b> grandes figures de l\u2019automobile fran\u00e7aises et am\u00e9ricaines<\/b> : Bernard Darniche, multiple champion d\u2019Europe et de France de rallyes; Gerry Blyenberg, parrain du Salon et c\u00e9l\u00e8bre pr\u00e9sentateur de l\u2019\u00e9mission Wheeler Dealers et Sandy Gallant influenceuse sp\u00e9cialiste des Mustang et Dodge. <\/p>\n<p> <b>Infos cl\u00e9s :<\/b> <\/p>\n<p>\ud83d\udccd <b>MEETT \u2013<\/b> <b>Parc des Expositions de Toulouse<\/b><b><br \/><\/b> \ud83d\udd52 <b>Horaires<\/b> <\/p>\n<ul>\n<li style=\"font-weight:400;\">Vendredi 5 septembre : 14h \u2013 21h (nocturne musicale)<\/li>\n<li style=\"font-weight:400;\">Samedi 6 septembre : 10h \u2013 19h30<\/li>\n<li style=\"font-weight:400;\">Dimanche 7 septembre : 10h \u2013 18h30<\/li>\n<\/ul>\n<p>\ud83c\udf9f\ufe0f <b>Tarifs<\/b> <\/p>\n<ul>\n<li style=\"font-weight:400;\">En ligne : 10,50 \u20ac<\/li>\n<li style=\"font-weight:400;\">Sur place : 13,50 \u20ac<\/li>\n<li style=\"font-weight:400;\">Pass 2 jours : 17,00 \u20ac<\/li>\n<li style=\"font-weight:400;\">Pass 3 jours : 21,50 \u20ac<\/li>\n<\/ul>\n","protected":false},"excerpt":{"rendered":"Du 5 au 7 septembre 2025, le Salon Auto-Moto Classic de Toulouse revient pour sa 8e \u00e9dition. Trois&hellip;\n","protected":false},"author":2,"featured_media":342365,"comment_status":"","ping_status":"","sticky":false,"template":"","format":"standard","meta":{"footnotes":""},"categories":[2816],"tags":[1111,11,1777,674,1011,27,12,2680,25,2312],"class_list":{"0":"post-342364","1":"post","2":"type-post","3":"status-publish","4":"format-standard","5":"has-post-thumbnail","7":"category-toulouse","8":"tag-actu","9":"tag-actualites","10":"tag-eu","11":"tag-europe","12":"tag-fr","13":"tag-france","14":"tag-news","15":"tag-occitanie","16":"tag-republique-francaise","17":"tag-toulouse"},"share_on_mastodon":{"url":"https:\/\/pubeurope.com\/@fr\/115088397602346639","error":""},"_links":{"self":[{"href":"https:\/\/www.europesays.com\/fr\/wp-json\/wp\/v2\/posts\/342364","targetHints":{"allow":["GET"]}}],"collection":[{"href":"https:\/\/www.europesays.com\/fr\/wp-json\/wp\/v2\/posts"}],"about":[{"href":"https:\/\/www.europesays.com\/fr\/wp-json\/wp\/v2\/types\/post"}],"author":[{"embeddable":true,"href":"https:\/\/www.europesays.com\/fr\/wp-json\/wp\/v2\/users\/2"}],"replies":[{"embeddable":true,"href":"https:\/\/www.europesays.com\/fr\/wp-json\/wp\/v2\/comments?post=342364"}],"version-history":[{"count":0,"href":"https:\/\/www.europesays.com\/fr\/wp-json\/wp\/v2\/posts\/342364\/revisions"}],"wp:featuredmedia":[{"embeddable":true,"href":"https:\/\/www.europesays.com\/fr\/wp-json\/wp\/v2\/media\/342365"}],"wp:attachment":[{"href":"https:\/\/www.europesays.com\/fr\/wp-json\/wp\/v2\/media?parent=342364"}],"wp:term":[{"taxonomy":"category","embeddable":true,"href":"https:\/\/www.europesays.com\/fr\/wp-json\/wp\/v2\/categories?post=342364"},{"taxonomy":"post_tag","embeddable":true,"href":"https:\/\/www.europesays.com\/fr\/wp-json\/wp\/v2\/tags?post=342364"}],"curies":[{"name":"wp","href":"https:\/\/api.w.org\/{rel}","templated":true}]}}