{"id":342368,"date":"2025-08-25T08:14:13","date_gmt":"2025-08-25T08:14:13","guid":{"rendered":"https:\/\/www.europesays.com\/fr\/342368\/"},"modified":"2025-08-25T08:14:13","modified_gmt":"2025-08-25T08:14:13","slug":"journee-portes-ouvertes-theatre-marie-jeanne-13-09-2025-marseille","status":"publish","type":"post","link":"https:\/\/www.europesays.com\/fr\/342368\/","title":{"rendered":"Journ\u00e9e Portes Ouvertes th\u00e9\u00e2tre marie-jeanne &#8211; 13\/09\/2025 &#8211; Marseille"},"content":{"rendered":"<p><strong>De 14h \u00e0 16h : Rencontres<\/strong><\/p>\n<p>&#8211; Visite guid\u00e9e du th\u00e9\u00e2tre par les personnages maison et rencontre avec l&rsquo;\u00e9quipe artistique.<br \/>&#8211; Renseignements et inscriptions pour les ateliers juniors.<br \/>&#8211; Inscription \u00e0 l&rsquo;atelier d&rsquo;essai de 16h (vous pouvez \u00e9galement vous inscrire en ligne depuis le bas de cette page)<\/p>\n<p><strong> De 16h \u00e0 18h : Pratiques<\/strong><\/p>\n<p>&#8211; Atelier d&rsquo;essai pour les th\u00e9matiques adultes : expressionnisme\/masque, clown et bouffon.<br \/>&#8211; D\u00e9monstrations par les ancien\u00b7ne\u00b7s \u00e9l\u00e8ves com\u00e9dien\u00b7ne\u00b7s<\/p>\n<p><strong> A 18h00 : Autour d&rsquo;un verre<\/strong><\/p>\n<p>&#8211; Ap\u00e9ro (petit buffet offert par le th\u00e9\u00e2tre Marie-Jeanne)<br \/>&#8211; Inscriptions aux activit\u00e9s adultes.<br \/>Informations sur les stages de l\u2019ann\u00e9e.<\/p>\n","protected":false},"excerpt":{"rendered":"De 14h \u00e0 16h : Rencontres &#8211; Visite guid\u00e9e du th\u00e9\u00e2tre par les personnages maison et rencontre avec&hellip;\n","protected":false},"author":2,"featured_media":342369,"comment_status":"","ping_status":"","sticky":false,"template":"","format":"standard","meta":{"footnotes":""},"categories":[2814],"tags":[1111,11,1777,674,1011,27,884,12,882,25],"class_list":{"0":"post-342368","1":"post","2":"type-post","3":"status-publish","4":"format-standard","5":"has-post-thumbnail","7":"category-marseille","8":"tag-actu","9":"tag-actualites","10":"tag-eu","11":"tag-europe","12":"tag-fr","13":"tag-france","14":"tag-marseille","15":"tag-news","16":"tag-provence-alpes-cote-dazur","17":"tag-republique-francaise"},"share_on_mastodon":{"url":"https:\/\/pubeurope.com\/@fr\/115088409528784098","error":""},"_links":{"self":[{"href":"https:\/\/www.europesays.com\/fr\/wp-json\/wp\/v2\/posts\/342368","targetHints":{"allow":["GET"]}}],"collection":[{"href":"https:\/\/www.europesays.com\/fr\/wp-json\/wp\/v2\/posts"}],"about":[{"href":"https:\/\/www.europesays.com\/fr\/wp-json\/wp\/v2\/types\/post"}],"author":[{"embeddable":true,"href":"https:\/\/www.europesays.com\/fr\/wp-json\/wp\/v2\/users\/2"}],"replies":[{"embeddable":true,"href":"https:\/\/www.europesays.com\/fr\/wp-json\/wp\/v2\/comments?post=342368"}],"version-history":[{"count":0,"href":"https:\/\/www.europesays.com\/fr\/wp-json\/wp\/v2\/posts\/342368\/revisions"}],"wp:featuredmedia":[{"embeddable":true,"href":"https:\/\/www.europesays.com\/fr\/wp-json\/wp\/v2\/media\/342369"}],"wp:attachment":[{"href":"https:\/\/www.europesays.com\/fr\/wp-json\/wp\/v2\/media?parent=342368"}],"wp:term":[{"taxonomy":"category","embeddable":true,"href":"https:\/\/www.europesays.com\/fr\/wp-json\/wp\/v2\/categories?post=342368"},{"taxonomy":"post_tag","embeddable":true,"href":"https:\/\/www.europesays.com\/fr\/wp-json\/wp\/v2\/tags?post=342368"}],"curies":[{"name":"wp","href":"https:\/\/api.w.org\/{rel}","templated":true}]}}