{"id":342370,"date":"2025-08-25T08:15:15","date_gmt":"2025-08-25T08:15:15","guid":{"rendered":"https:\/\/www.europesays.com\/fr\/342370\/"},"modified":"2025-08-25T08:15:15","modified_gmt":"2025-08-25T08:15:15","slug":"om-de-zerbi-fait-la-girouette-marseille-est-ecoeure","status":"publish","type":"post","link":"https:\/\/www.europesays.com\/fr\/342370\/","title":{"rendered":"OM : De Zerbi fait la girouette, Marseille est \u00e9coeur\u00e9"},"content":{"rendered":"<p>              <img decoding=\"async\" src=\"https:\/\/www.europesays.com\/fr\/wp-content\/uploads\/2025\/08\/om-de-zerbi-fait-la-girouette-marseille-est-ecoeure-iconsport_267501_0012-397767.jpg\" alt=\"OM : De Zerbi fait la girouette, Marseille est \u00e9coeur\u00e9\"\/> <\/p>\n<p class=\"credit\">Icon Sport<\/p>\n<p class=\"the_post_info\">\n            Publi\u00e9 Lundi 25 Ao\u00fbt 2025 \u00e0 09:20  Dans\u00a0: <a href=\"https:\/\/www.foot01.com\/equipe\/marseille\/\" rel=\"nofollow noopener\" target=\"_blank\">OM<\/a>.<br \/>Par <a href=\"https:\/\/www.foot01.com\/author\/53\/\" rel=\"nofollow noopener\" target=\"_blank\">Hadrien Rivayrand<\/a>\n          <\/p>\n<p><strong>L&rsquo;OM a r\u00e9cemment d\u00e9cid\u00e9 de mettre sur la touche Adrien Rabiot suite \u00e0 son comportement \u00e0 Rennes. Mais Roberto De Zerbi ne serait pas contre l&rsquo;id\u00e9e de r\u00e9int\u00e9grer l&rsquo;ancien du PSG.\u00a0<\/strong><\/p>\n<p>L&rsquo;<a href=\"https:\/\/www.foot01.com\/equipe\/marseille\/\" rel=\"nofollow noopener\" target=\"_blank\">OM<\/a> a repris des couleurs ce samedi en Ligue 1 face au Paris FC. Le club phoc\u00e9en veut regarder vers l&rsquo;avant malgr\u00e9 la r\u00e9cente pol\u00e9mique \u00e0 Rennes. L&rsquo;id\u00e9e est de bien terminer le mercato estival et d&rsquo;enchainer les victoires en championnat avant l&rsquo;arriv\u00e9e de la Ligue des champions. Roberto De Zerbi a n\u00e9anmoins fait une d\u00e9claration forte suite \u00e0 la victoire au V\u00e9lodrome face au PFC, puisque l&rsquo;Italien n&rsquo;a pas ferm\u00e9 la porte \u00e0 un retour prochain d&rsquo;Adrien Rabiot. De quoi passablement agacer certains fans et observateurs du club phoc\u00e9en, qui ne comprennent pas ce brusque revirement d&rsquo;opinion. Ce n&rsquo;est pas Najim Medini qui dira le contraire.\u00a0<\/p>\n<p>De Zerbi, une sortie qui ne passe pas<\/p>\n<blockquote class=\"instagram-media\" data-instgrm-captioned=\"\" data-instgrm-permalink=\"https:\/\/www.instagram.com\/reel\/DNvRbwG0IKt\/?utm_source=ig_embed&amp;utm_campaign=loading\" data-instgrm-version=\"14\" style=\"background: #FFF; border: 0; border-radius: 3px; box-shadow: 0 0 1px 0 rgba(0,0,0,0.5),0 1px 10px 0 rgba(0,0,0,0.15); margin: 1px; max-width: 540px; min-width: 326px; padding: 0; width: calc(100% - 2px);\"><p>&#13;<br \/>\n&#13;\n<\/p><\/blockquote>\n<p>Sur le plateau de Winamax, le consultant n&rsquo;a en effet pas fait dans la langue de bois sur le sujet :\u00a0\u00ab J&rsquo;ai \u00e9t\u00e9 un peu choqu\u00e9. Si Rabiot est r\u00e9int\u00e9gr\u00e9, c&rsquo;est honteux et ridicule. Les mots ont un sens et du poids. De Zerbi a tenu des propos forts et 24 heures plus tard, il se contredit. On nous prend pour des cons. (&#8230;) Ils ont parl\u00e9 de violence inou\u00efe. De Zerbi a dit qu&rsquo;il ne voulait pas se prostituer pour un joueur. Il y a eu des d\u00e9clarations de V\u00e9ronique Rabiot. Elle a dit que De Zerbi n&rsquo;arr\u00eatait pas d&rsquo;aboyer et que Benatia et Longoria n&rsquo;avaient rien \u00e0 faire l\u00e0. Si tu commences \u00e0 parler dans la presse&#8230; Il y a un moment, \u00e7a a du sens. On se sent trahis. Je me rangeais avec le club. (&#8230;) Ce serait ridicule. Dans le football, \u00e7a va tr\u00e8s vite dans un sens comme dans l&rsquo;autre \u00bb. On en saura bient\u00f4t plus sur le sort r\u00e9serv\u00e9 \u00e0 Adrien Rabiot. Mais en l&rsquo;\u00e9tat actuel des choses, un d\u00e9part est bien envisag\u00e9 par l&rsquo;OM.\u00a0<\/p>\n<p>\u00a0<\/p>\n<p>      <script async src=\"\/\/www.instagram.com\/embed.js\"><\/script><\/p>\n","protected":false},"excerpt":{"rendered":"Icon Sport Publi\u00e9 Lundi 25 Ao\u00fbt 2025 \u00e0 09:20 Dans\u00a0: OM.Par Hadrien Rivayrand L&rsquo;OM a r\u00e9cemment d\u00e9cid\u00e9 de&hellip;\n","protected":false},"author":2,"featured_media":342371,"comment_status":"","ping_status":"","sticky":false,"template":"","format":"standard","meta":{"footnotes":""},"categories":[2814],"tags":[1111,11,1777,674,1011,27,884,12,882,25],"class_list":{"0":"post-342370","1":"post","2":"type-post","3":"status-publish","4":"format-standard","5":"has-post-thumbnail","7":"category-marseille","8":"tag-actu","9":"tag-actualites","10":"tag-eu","11":"tag-europe","12":"tag-fr","13":"tag-france","14":"tag-marseille","15":"tag-news","16":"tag-provence-alpes-cote-dazur","17":"tag-republique-francaise"},"share_on_mastodon":{"url":"https:\/\/pubeurope.com\/@fr\/115088414236257925","error":""},"_links":{"self":[{"href":"https:\/\/www.europesays.com\/fr\/wp-json\/wp\/v2\/posts\/342370","targetHints":{"allow":["GET"]}}],"collection":[{"href":"https:\/\/www.europesays.com\/fr\/wp-json\/wp\/v2\/posts"}],"about":[{"href":"https:\/\/www.europesays.com\/fr\/wp-json\/wp\/v2\/types\/post"}],"author":[{"embeddable":true,"href":"https:\/\/www.europesays.com\/fr\/wp-json\/wp\/v2\/users\/2"}],"replies":[{"embeddable":true,"href":"https:\/\/www.europesays.com\/fr\/wp-json\/wp\/v2\/comments?post=342370"}],"version-history":[{"count":0,"href":"https:\/\/www.europesays.com\/fr\/wp-json\/wp\/v2\/posts\/342370\/revisions"}],"wp:featuredmedia":[{"embeddable":true,"href":"https:\/\/www.europesays.com\/fr\/wp-json\/wp\/v2\/media\/342371"}],"wp:attachment":[{"href":"https:\/\/www.europesays.com\/fr\/wp-json\/wp\/v2\/media?parent=342370"}],"wp:term":[{"taxonomy":"category","embeddable":true,"href":"https:\/\/www.europesays.com\/fr\/wp-json\/wp\/v2\/categories?post=342370"},{"taxonomy":"post_tag","embeddable":true,"href":"https:\/\/www.europesays.com\/fr\/wp-json\/wp\/v2\/tags?post=342370"}],"curies":[{"name":"wp","href":"https:\/\/api.w.org\/{rel}","templated":true}]}}