{"id":342372,"date":"2025-08-25T08:16:19","date_gmt":"2025-08-25T08:16:19","guid":{"rendered":"https:\/\/www.europesays.com\/fr\/342372\/"},"modified":"2025-08-25T08:16:19","modified_gmt":"2025-08-25T08:16:19","slug":"que-faire-a-lyon-cette-semaine-du-25-au-29-aout-2025","status":"publish","type":"post","link":"https:\/\/www.europesays.com\/fr\/342372\/","title":{"rendered":"Que faire \u00e0 Lyon cette semaine ? (du 25 au 29 ao\u00fbt 2025)"},"content":{"rendered":"<p>\t\t\t\t\t\t\t\t<img data-recalc-dims=\"1\" fetchpriority=\"high\" decoding=\"async\" class=\"alignnone size-medium wp-image-135253\" src=\"https:\/\/www.europesays.com\/fr\/wp-content\/uploads\/2025\/08\/Que-faire-a-Lyon-cette-semaine.jpg\" alt=\"\" width=\"800\" height=\"600\"  \/><\/p>\n<p>Coucou les p\u2019tits chatons ! Apr\u00e8s un mois de pause (et quelques coups de soleil, barbecues cram\u00e9s et siestes \u00e0 rallonge), la Team CityCrunch est enfin de retour ! On vous a un peu manqu\u00e9 ? Parce que vous, vous nous avez carr\u00e9ment manqu\u00e9 !<\/p>\n<p data-start=\"493\" data-end=\"725\">On reprend donc nos bonnes vieilles habitudes avec le rituel du lundi matin : une s\u00e9lection toute fra\u00eeche de sorties cool, d\u00e9cal\u00e9es et parfois gratuites, histoire de rendre votre semaine bien plus funky que vos r\u00e9unions Teams.<\/p>\n<p data-start=\"727\" data-end=\"902\">Le principe reste le m\u00eame : <strong data-start=\"755\" data-end=\"789\">un jour = un bon plan original<\/strong> \u00e0 tester. Bref, on est repartis comme en 40\u2026 enfin, comme en septembre ! Suivez le guide, on vous embarque.<\/p>\n<p>Lundi 25 ao\u00fbt 2025 &gt; Phonography \u00e0 la Commune (Lyon 7)<\/p>\n<p><img loading=\"lazy\" data-recalc-dims=\"1\" decoding=\"async\" class=\"alignnone size-medium wp-image-135167\" src=\"https:\/\/www.europesays.com\/fr\/wp-content\/uploads\/2025\/08\/525300019_1056188436674825_2553592367984698395_n.jpg\" alt=\"\" width=\"800\" height=\"420\"  \/><\/p>\n<p>Le food court du 7eme n\u2019est pas qu\u2019un endroit o\u00f9 manger de bons petits plats. C\u2019est aussi un lieu o\u00f9 il se passe plein d\u2019\u00e9v\u00e9nements (m\u00eame en d\u00e9but de semaine). Par exemple, ce lundi, c\u2019est <strong>Phonography<\/strong>, un atelier anim\u00e9 par Laetitia, passionn\u00e9e de vinyles et de graffiti. Elle vous guidera dans la cr\u00e9ation de votre propre \u0153uvre d\u2019art en utilisant vinyles, pochoirs et bombes de graffiti.<br \/>\u00c7a dure 1h, il y a deux sessions (\u00e0 18h30 et 19h30) et c\u2019est<strong> GRATUIT<\/strong>.<br \/><a href=\"https:\/\/www.facebook.com\/events\/4123963147882812\/\" target=\"_blank\" rel=\"noopener nofollow\">Plus d\u2019infos<\/a><\/p>\n<p>Le Manga Festival revient du 25 au 30 ao\u00fbt 2025 au CC St Genis 2 : une semaine 100% pop culture japonaise \u00e0 ne pas manquer !<\/p>\n<p><img loading=\"lazy\" decoding=\"async\" class=\"alignnone size-full wp-image-134927\" src=\"https:\/\/www.europesays.com\/fr\/wp-content\/uploads\/2025\/08\/1756109774_315_7c795c4e15066fc74adad8b946514c3281bcee45.jpeg\"   alt=\"\" width=\"768\" height=\"432\" data-recalc-dims=\"1\"\/><\/p>\n<p>Le <strong>Manga Festival<\/strong> revient <strong>du 25 au 30 ao\u00fbt 2025<\/strong> pour une semaine enti\u00e8rement d\u00e9di\u00e9e \u00e0 la <strong>pop culture japonaise<\/strong>, avec un programme riche et ludique <strong>pour tous les \u00e2ges<\/strong>. <strong>Ateliers cr\u00e9atifs<\/strong> quotidiens (origami, masques, marque-pages, lanternes), <strong>bornes d\u2019arcade, expo miniature<\/strong> en partenariat avec <a href=\"https:\/\/miniworldlyon.com\" target=\"_blank\" rel=\"noopener nofollow\">Mini World Lyon<\/a>, <strong>stands de cr\u00e9ateurs<\/strong> et <strong>ambiance kawaii<\/strong>seront au rendez-vous. Le <strong>grand final du samedi<\/strong> promet une journ\u00e9e festive avec <strong>concours de cosplay, atelier de gravure, d\u00e9gustation de tayaki et troc de mangas<\/strong>. Un \u00e9v\u00e9nement \u00e0 ne pas manquer pour tous les fans de manga, petits ou grands !<\/p>\n<p class=\"\" data-start=\"80\" data-end=\"507\">\ud83d\udc49 <a href=\"https:\/\/www.saint-genis2.fr\/actualite\/29121-manga-festival?source=lccbpdls2508\" target=\"_blank\" rel=\"noopener nofollow\">Plus d\u2019infos<\/a><\/p>\n<p>Mardi 26 ao\u00fbt 2025 &gt; Magic Mardi au Sucre (Lyon 2)<\/p>\n<p><img data-recalc-dims=\"1\" loading=\"lazy\" decoding=\"async\" class=\"alignnone size-medium wp-image-135249\" src=\"https:\/\/www.europesays.com\/fr\/wp-content\/uploads\/2025\/08\/536269026_1188784949956211_608180476674095535_n-2.jpg\" alt=\"\" width=\"800\" height=\"450\"  \/><\/p>\n<p>On ne change pas une formule qui gagne ! Chaque mardi soir rien de mieux que d\u2019aller s\u2019enjailler sur le rooftop du <strong>Sucre,<\/strong> le club pos\u00e9 sur le toit de la Sucri\u00e8re. Cette semaine l\u2019\u00e9quipe a encore d\u00e9gain\u00e9 une programmation aux petits oignons :<strong> Verveine<\/strong>, <strong>ptt.snt<\/strong> et un set hybride sign\u00e9 <strong>Mayan &amp; Sekisushai<\/strong> m\u00ealant beats tribaux, basses envo\u00fbtantes et sonorit\u00e9s underground. \u00c7a va \u00eatre tr\u00e8s cool !<br \/>C\u2019est de 19h \u00e0 1h et c\u2019est <strong>GRATUIT.<\/strong><br \/><a href=\"https:\/\/www.facebook.com\/events\/1453470122638278\" target=\"_blank\" rel=\"noopener nofollow\">Plus d\u2019infos<\/a><\/p>\n<p>Mercredi 27 ao\u00fbt 2025 &gt; Concert de Antediluvian, Ceremonial Bloodbath et Miasmes au Rock\u2019N Eat (Lyon 9)<\/p>\n<p><img data-recalc-dims=\"1\" loading=\"lazy\" decoding=\"async\" class=\"alignnone size-medium wp-image-135250\" src=\"https:\/\/www.europesays.com\/fr\/wp-content\/uploads\/2025\/08\/522760069_1227887192469865_7056912082388933127_n.jpg\" alt=\"\" width=\"800\" height=\"419\"  \/><\/p>\n<p>Apr\u00e8s l\u2019\u00e9lectro place au rock ! Et pas n\u2019importe lequel ! Le Black Metal ! \u00c7a se passe au<strong> Rock\u2019N Eat<\/strong> qui accueille les Canadiens de<strong> Antediluvian<\/strong> et <strong>Ceremonial Bloodbath<\/strong>. Ils seront accompagn\u00e9s du groupe fran\u00e7ais <strong>Miasmes<\/strong>. Bref, \u00e7a va claquer !<br \/>C\u2019est \u00e0 20h et \u00e7a co\u00fbte 17\u20ac.<br \/><a href=\"https:\/\/yp.events\/3a5972d4-5448-48b8-9502-66f52f30fd4e\/Antediluvian-Ceremonial-Bloodbath-Miasmes-au-Rock-n-Eat?fbclid=IwY2xjawMY8cNleHRuA2FlbQIxMABicmlkETBFQkhOM2NsZVBNSDlQb2swAR68LOvhm1dCyV-yisBVyquccju1ELZzY46pTMh3A97RP-Vg4K9yOLJLDDDiaA_aem_YhpnAQ6jn76lvcMThYgLxg\" target=\"_blank\" rel=\"noopener nofollow\">Plus d\u2019infos<\/a><\/p>\n<p>Jeudi 28 ao\u00fbt 2025 : Soir\u00e9e d\u2019ouverture de la r\u00e9trospective Meryl Streep \u00e0 l\u2019Institut Lyon (Lyon 8)<\/p>\n<p><img data-recalc-dims=\"1\" loading=\"lazy\" decoding=\"async\" class=\"alignnone size-medium wp-image-135251\" src=\"https:\/\/www.europesays.com\/fr\/wp-content\/uploads\/2025\/08\/535352097_1150920000393949_831021910421214291_n-2.jpg\" alt=\"\" width=\"800\" height=\"450\"  \/><\/p>\n<p>Chez CityCrunch, on voue une vraie passion pour les r\u00e9trospectives de l\u2019<strong>Institut Lumi\u00e8re<\/strong>. C\u2019est toujours l\u2019occasion de revoir de grands classiques dans des conditions optimum et de peaufiner sa culture cin\u00e9matographique. Pour terminer l\u2019\u00e9t\u00e9 (et bien d\u00e9marrer la rentr\u00e9e), l\u2019\u00e9quipe de l\u2019Institut vous propose de revoir les films qui ont marqu\u00e9 la carri\u00e8re de<strong> Meryl Streep.<\/strong> \u00c7a d\u00e9marre avec le poignant <strong>Le Choix de Sophie<\/strong> qui a valu \u00e0 l\u2019actrice am\u00e9ricaine son deuxi\u00e8me Oscar.<br \/>C\u2019est \u00e0 19h et \u00a0la place co\u00fbte 8,90\u20ac (7,40\u20ac pour les moins de 18 ans).<br \/><a href=\"https:\/\/www.facebook.com\/events\/1067081245414122\" target=\"_blank\" rel=\"noopener nofollow\">Plus d\u2019infos<\/a><\/p>\n<p>Vendredi 29 ao\u00fbt 2025 : \u00e0 suivre\u2026<\/p>\n<p>Et pour la fin de la semaine, il faudra revenir pour nos\u00a0<strong><a href=\"https:\/\/lyon.citycrunch.fr\/agenda\/\" rel=\"nofollow noopener\" target=\"_blank\">Bons Plans du Week-end<\/a><\/strong>, publi\u00e9s avant midi, le vendredi.<br \/>Si vous voulez \u00eatre s\u00fbrs de ne pas rater ces bons plans du week-end, le plus simple est de vous <a href=\"https:\/\/dashboard.mailerlite.com\/forms\/354999\/83421925757421043\/share\" target=\"_blank\" rel=\"noopener nofollow\"><strong>abonner \u00e0\u00a0notre newsletter<\/strong><\/a>\u00a0qui part tous les vendredis \u00e0 12 h et qui contient le r\u00e9sum\u00e9 de nos articles de la semaine et nos bons plans du week-end.<\/p>\n<p>Quelques liens qui vont bien ?<\/p>\n<p>\ud83c\udf7d\u00a0 Vous cherchez une id\u00e9e de resto pour ce week-end : <a href=\"https:\/\/lyon.citycrunch.fr\/bonnes-adresses-a-lyon\/restaurants-lyon\/\" rel=\"nofollow noopener\" target=\"_blank\">c\u2019est par ici<\/a><br \/>\ud83c\udf7b\u00a0 Vous cherchez une id\u00e9e de bar :\u00a0<a href=\"https:\/\/lyon.citycrunch.fr\/bonnes-adresses-a-lyon\/bars-lyon\/\" rel=\"nofollow noopener\" target=\"_blank\">c\u2019est par l\u00e0<\/a><br \/>\ud83c\udfb5\u00a0 Envie de vous faire un petit concert :\u00a0<a href=\"https:\/\/lyon.citycrunch.fr\/5-concerts-a-ne-pas-rater-en-juillet-2025-a-lyon\/2025\/06\/26\/\" target=\"_blank\" rel=\"noopener nofollow\">c\u2019est ici<\/a><br \/>\ud83c\udf77 Envie d\u2019un \u00e9v\u00e9nement Super Canon : <a href=\"https:\/\/lyon.citycrunch.fr\/evenements-vin-lyon-7\/2025\/07\/02\/\" rel=\"nofollow noopener\" target=\"_blank\">par ici<\/a><br \/>\ud83d\udce6\u00a0 Vous cherchez \u00e0 d\u00e9m\u00e9nager, pour savoir o\u00f9 habiter \u00e0 Lyon :\u00a0<a href=\"https:\/\/lyon.citycrunch.fr\/ou-habiter-a-lyon-nos-5-quartiers-sympas-preferes\/2022\/09\/01\/\" rel=\"nofollow noopener\" target=\"_blank\">c\u2019est par l\u00e0<\/a><\/p>\n<p><strong>La photo qui illustre l\u2019article a \u00e9t\u00e9 prise par <a href=\"https:\/\/www.instagram.com\/angele_n_j\/\" target=\"_blank\" rel=\"noopener nofollow\">@angele_n_j<\/a><\/strong><strong>\u00a0Si vous voulez qu\u2019une de vos photos illustre un de nos articles, postez-la sur Instagram, en identifiant notre compte @<a href=\"https:\/\/www.instagram.com\/lyon_citycrunch\/\" target=\"_blank\" rel=\"noopener nofollow\">lyon_citycrunch<\/a>.<\/strong><\/p>\n<p>\t\t\t\t\t\t\t<a href=\"https:\/\/action.metaffiliation.com\/trk.php?mclic=P51309B52224521B41\" rel=\"nofollow noopener\" target=\"_blank\"><img decoding=\"async\" src=\"https:\/\/www.europesays.com\/fr\/wp-content\/uploads\/2025\/06\/trk\"\/><\/a>Ne rate plus aucun de nos bons plans sorties \u00e0 Lyon  Abonne-toi \u00e0 notre newsletter et re\u00e7ois, tous les vendredis midi, dans ta boite mail nos bons plans du week-end et nos derniers coups de coeur en mati\u00e8re de bars, caf\u00e9s et restos. <br \/>\ud83d\udc49\ud83c\udffb <b><a href=\"https:\/\/dashboard.mailerlite.com\/forms\/354999\/83421925757421043\/share\" rel=\"nofollow noopener\" target=\"_blank\">Inscris-toi, c&rsquo;est GRATUIT !<\/a><\/b><\/p>\n<p><script async src=\"\/\/www.instagram.com\/embed.js\"><\/script><\/p>\n","protected":false},"excerpt":{"rendered":"Coucou les p\u2019tits chatons ! Apr\u00e8s un mois de pause (et quelques coups de soleil, barbecues cram\u00e9s et&hellip;\n","protected":false},"author":2,"featured_media":342373,"comment_status":"","ping_status":"","sticky":false,"template":"","format":"standard","meta":{"footnotes":""},"categories":[1889],"tags":[1111,11,2430,1777,674,1011,27,2428,12,25],"class_list":{"0":"post-342372","1":"post","2":"type-post","3":"status-publish","4":"format-standard","5":"has-post-thumbnail","7":"category-lyon","8":"tag-actu","9":"tag-actualites","10":"tag-auvergne-rhone-alpes","11":"tag-eu","12":"tag-europe","13":"tag-fr","14":"tag-france","15":"tag-lyon","16":"tag-news","17":"tag-republique-francaise"},"share_on_mastodon":{"url":"https:\/\/pubeurope.com\/@fr\/115088417621093011","error":""},"_links":{"self":[{"href":"https:\/\/www.europesays.com\/fr\/wp-json\/wp\/v2\/posts\/342372","targetHints":{"allow":["GET"]}}],"collection":[{"href":"https:\/\/www.europesays.com\/fr\/wp-json\/wp\/v2\/posts"}],"about":[{"href":"https:\/\/www.europesays.com\/fr\/wp-json\/wp\/v2\/types\/post"}],"author":[{"embeddable":true,"href":"https:\/\/www.europesays.com\/fr\/wp-json\/wp\/v2\/users\/2"}],"replies":[{"embeddable":true,"href":"https:\/\/www.europesays.com\/fr\/wp-json\/wp\/v2\/comments?post=342372"}],"version-history":[{"count":0,"href":"https:\/\/www.europesays.com\/fr\/wp-json\/wp\/v2\/posts\/342372\/revisions"}],"wp:featuredmedia":[{"embeddable":true,"href":"https:\/\/www.europesays.com\/fr\/wp-json\/wp\/v2\/media\/342373"}],"wp:attachment":[{"href":"https:\/\/www.europesays.com\/fr\/wp-json\/wp\/v2\/media?parent=342372"}],"wp:term":[{"taxonomy":"category","embeddable":true,"href":"https:\/\/www.europesays.com\/fr\/wp-json\/wp\/v2\/categories?post=342372"},{"taxonomy":"post_tag","embeddable":true,"href":"https:\/\/www.europesays.com\/fr\/wp-json\/wp\/v2\/tags?post=342372"}],"curies":[{"name":"wp","href":"https:\/\/api.w.org\/{rel}","templated":true}]}}