{"id":342374,"date":"2025-08-25T08:17:11","date_gmt":"2025-08-25T08:17:11","guid":{"rendered":"https:\/\/www.europesays.com\/fr\/342374\/"},"modified":"2025-08-25T08:17:11","modified_gmt":"2025-08-25T08:17:11","slug":"a-quelle-meteo-sattendre-cette-semaine-a-lyon","status":"publish","type":"post","link":"https:\/\/www.europesays.com\/fr\/342374\/","title":{"rendered":"A quelle m\u00e9t\u00e9o s&rsquo;attendre cette semaine \u00e0 Lyon ?"},"content":{"rendered":"<p class=\"content\" style=\"font-size:1.2em;font-weight:700\">Apr\u00e8s un week-end ensoleill\u00e9, la semaine du 25 au 31 ao\u00fbt s\u2019annonce contrast\u00e9e \u00e0 Lyon. Orages, rafra\u00eechissement et \u00e9claircies rythmeront les prochains jours.<\/p>\n<p>D\u00e8s ce lundi 25 ao\u00fbt, Lyon vivra une journ\u00e9e tr\u00e8s chaude, avec un pic pouvant atteindre 31 degr\u00e9s l\u2019apr\u00e8s-midi. Le temps sera plut\u00f4t nuageux pour cette premi\u00e8re journ\u00e9e de la semaine mais restera globalement ensoleill\u00e9.<\/p>\n<p>Mardi, la chaleur s\u2019accentuera encore : 33 degr\u00e9s sont attendus l\u2019apr\u00e8s-midi, et le vent se l\u00e8vera en cours de journ\u00e9e, rendant l\u2019air plus sec mais accentuant la sensation de chaleur pour les habitants.<\/p>\n<p>Une semaine agit\u00e9e avant un weekend stable<\/p>\n<p>\u00c0 partir de mercredi, le temps commencera \u00e0 \u00e9voluer. La chaleur s\u2019att\u00e9nuera l\u00e9g\u00e8rement (28\u202f\u00b0C au plus chaud), mais l\u2019air deviendra plus humide et le vent plus sensible, annon\u00e7ant la d\u00e9gradation pr\u00e9vue jeudi. Cette journ\u00e9e marquera un tournant : nuages denses, averses et orages sont attendus, tandis que les temp\u00e9ratures chuteront nettement pour atteindre 22\u202f\u00b0C en journ\u00e9e et 15\u202f\u00b0C le matin.<\/p>\n<p>Vendredi, le temps restera instable, alternant entre \u00e9claircies et averses, avec des temp\u00e9ratures autour de 23\u202f\u00b0C. Mais d\u00e8s samedi, le ciel se d\u00e9gagera progressivement, offrant un week-end plus cl\u00e9ment. Samedi et dimanche, les temp\u00e9ratures diurnes remonteront l\u00e9g\u00e8rement (24\u202f\u00b0C), les minimas nocturnes resteront frais (14\u201315\u202f\u00b0C) et seules quelques nuages \u00e9pars pourraient troubler le soleil.<\/p>\n","protected":false},"excerpt":{"rendered":"Apr\u00e8s un week-end ensoleill\u00e9, la semaine du 25 au 31 ao\u00fbt s\u2019annonce contrast\u00e9e \u00e0 Lyon. Orages, rafra\u00eechissement et&hellip;\n","protected":false},"author":2,"featured_media":10164,"comment_status":"","ping_status":"","sticky":false,"template":"","format":"standard","meta":{"footnotes":""},"categories":[1889],"tags":[1111,11,2430,1777,674,1011,27,2428,12,25],"class_list":{"0":"post-342374","1":"post","2":"type-post","3":"status-publish","4":"format-standard","5":"has-post-thumbnail","7":"category-lyon","8":"tag-actu","9":"tag-actualites","10":"tag-auvergne-rhone-alpes","11":"tag-eu","12":"tag-europe","13":"tag-fr","14":"tag-france","15":"tag-lyon","16":"tag-news","17":"tag-republique-francaise"},"share_on_mastodon":{"url":"https:\/\/pubeurope.com\/@fr\/115088421235771495","error":""},"_links":{"self":[{"href":"https:\/\/www.europesays.com\/fr\/wp-json\/wp\/v2\/posts\/342374","targetHints":{"allow":["GET"]}}],"collection":[{"href":"https:\/\/www.europesays.com\/fr\/wp-json\/wp\/v2\/posts"}],"about":[{"href":"https:\/\/www.europesays.com\/fr\/wp-json\/wp\/v2\/types\/post"}],"author":[{"embeddable":true,"href":"https:\/\/www.europesays.com\/fr\/wp-json\/wp\/v2\/users\/2"}],"replies":[{"embeddable":true,"href":"https:\/\/www.europesays.com\/fr\/wp-json\/wp\/v2\/comments?post=342374"}],"version-history":[{"count":0,"href":"https:\/\/www.europesays.com\/fr\/wp-json\/wp\/v2\/posts\/342374\/revisions"}],"wp:featuredmedia":[{"embeddable":true,"href":"https:\/\/www.europesays.com\/fr\/wp-json\/wp\/v2\/media\/10164"}],"wp:attachment":[{"href":"https:\/\/www.europesays.com\/fr\/wp-json\/wp\/v2\/media?parent=342374"}],"wp:term":[{"taxonomy":"category","embeddable":true,"href":"https:\/\/www.europesays.com\/fr\/wp-json\/wp\/v2\/categories?post=342374"},{"taxonomy":"post_tag","embeddable":true,"href":"https:\/\/www.europesays.com\/fr\/wp-json\/wp\/v2\/tags?post=342374"}],"curies":[{"name":"wp","href":"https:\/\/api.w.org\/{rel}","templated":true}]}}