{"id":342375,"date":"2025-08-25T08:19:12","date_gmt":"2025-08-25T08:19:12","guid":{"rendered":"https:\/\/www.europesays.com\/fr\/342375\/"},"modified":"2025-08-25T08:19:12","modified_gmt":"2025-08-25T08:19:12","slug":"le-departement-de-lessonne-lance-un-appel-a-projets-destine-aux-quartiers","status":"publish","type":"post","link":"https:\/\/www.europesays.com\/fr\/342375\/","title":{"rendered":"Le D\u00e9partement de l\u2019Essonne lance un appel \u00e0 projets destin\u00e9 aux quartiers"},"content":{"rendered":"<p><img loading=\"lazy\" decoding=\"async\" alt=\"\u00a9 Grand Paris Sud\/ Lionel Antoni - L\u2019appel \u00e0 projets du D\u00e9partement de l\u2019Essonne va permettre \u00e0 des projets concrets et utiles de voir le jour dans les quartiers prioritaires du territoire.\" data-zoom-src=\"https:\/\/www.europesays.com\/fr\/wp-content\/uploads\/2025\/08\/initial-seth-oeuvre-la-grande-borne-gigny.jpg\" data-zoomable=\"\" height=\"702\" src=\"https:\/\/www.europesays.com\/fr\/wp-content\/uploads\/2025\/08\/initial-seth-oeuvre-la-grande-borne-gigny.jpg\" width=\"1248\"\/>  <\/p>\n<p class=\"article-desc\">\u00a9 Grand Paris Sud\/ Lionel Antoni &#8211; L\u2019appel \u00e0 projets du D\u00e9partement de l\u2019Essonne va permettre \u00e0 des projets concrets et utiles de voir le jour dans les quartiers prioritaires du territoire. <\/p>\n<p><strong>Le D\u00e9partement de l\u2019Essonne<\/strong> r\u00e9affirme son engagement aupr\u00e8s des habitants et associations \u0153uvrant dans les <a href=\"https:\/\/mesinfos.fr\/75000-paris\/quartiers-prioritaires-de-la-ville-paris-dispose-d-une-nouvelle-cartographie-190580.html\" target=\"_blank\" rel=\"noopener\">quartiers populaire<\/a>s, \u00e0 travers le lancement de l\u2019appel \u00e0 projets \u201cEn Essonne, nos quartiers ont des projets\u201d. Ce dispositif vise \u00e0 <strong>soutenir l\u2019action<\/strong> de proximit\u00e9, la solidarit\u00e9 et l\u2019innovation sociale sur l\u2019ensemble des <a href=\"https:\/\/sig.ville.gouv.fr\/Cartographie\/1191\" rel=\"noopener\" target=\"_blank\">47 quartiers prioritaires<\/a> de la politique de la ville (QPV) du territoire. Dot\u00e9 d\u2019un budget de <strong>40 000 euros<\/strong>, il permet de financer des projets concrets, localement ancr\u00e9s, port\u00e9s par des acteurs associatifs investis. <\/p>\n<p> Permettre \u00e0 des projets concrets de voir le jour <\/p>\n<p>Les initiatives doivent s\u2019inscrire dans l\u2019une ou <strong>plusieurs des th\u00e9matiques<\/strong> suivantes : <strong>coh\u00e9sion sociale<\/strong>, <strong>insertion et emploi<\/strong>, \u00e9ducation et jeunesse, sant\u00e9, s\u00e9curit\u00e9 et pr\u00e9vention, citoyennet\u00e9 et participation des habitants, culture et sport. L\u2019objectif est de favoriser la mise en \u0153uvre de projets adapt\u00e9s tels que des ateliers de pr\u00e9vention du cyberharc\u00e8lement, des programmes d\u2019accompagnement \u00e0 la scolarit\u00e9, des actions de proximit\u00e9 en mati\u00e8re de sant\u00e9, ou encore des initiatives culturelles favorisant l\u2019acc\u00e8s \u00e0 la pratique artistique.<\/p>\n<p>Les structures \u00e9ligibles sont des associations dument d\u00e9clar\u00e9es et immatricul\u00e9es au <strong>r\u00e9pertoire SIRENE<\/strong>, respectant les valeurs r\u00e9publicaines. La <strong>subvention<\/strong> propos\u00e9e peut atteindre <strong>jusqu\u2019\u00e0 80 % du budget total du projet<\/strong>, avec une <strong>aide moyenne de 1 000 euros<\/strong>, le solde devant provenir d\u2019un cofinancement compl\u00e9mentaire. Les projets s\u00e9lectionn\u00e9s doivent \u00eatre r\u00e9alis\u00e9s depuis ce 28 juillet et jusqu\u2019au 3 juillet 2026. \u00c0 l\u2019issue de cette p\u00e9riode, un bilan sera demand\u00e9 \u00e0 chaque porteur de projet. <\/p>\n<p><strong>Les candidatures doivent \u00eatre envoy\u00e9es avant le 10 septembre 2025 \u00e0 minuit :<\/strong> <\/p>\n<ul>\n<li>Par email : <a href=\"https:\/\/www.tpbm-presse.com\/cdn-cgi\/l\/email-protection\" class=\"__cf_email__\" data-cfemail=\"86f6e9eaeff2eff7f3e3e2e3eae7f0efeaeae3c6e5e2abe3f5f5e9e8e8e3a8e0f4\" target=\"_blank\" rel=\"noopener\">[email\u00a0protected]<\/a> (Objet : AAP EN ESSONNE, NOS QUARTIERS ONT DES PROJETS + nom de la structure) <\/li>\n<li>Ou par courrier : Conseil d\u00e9partemental de l\u2019Essonne &#8211; Service Politique de la Ville, Boulevard de France &#8211; 91012 \u00c9vry-Courcouronnes CEDEX<\/li>\n<\/ul>\n","protected":false},"excerpt":{"rendered":"\u00a9 Grand Paris Sud\/ Lionel Antoni &#8211; L\u2019appel \u00e0 projets du D\u00e9partement de l\u2019Essonne va permettre \u00e0 des&hellip;\n","protected":false},"author":2,"featured_media":342376,"comment_status":"","ping_status":"","sticky":false,"template":"","format":"standard","meta":{"footnotes":""},"categories":[1592],"tags":[1111,11,1777,674,1011,27,662,12,626,7176,25],"class_list":{"0":"post-342375","1":"post","2":"type-post","3":"status-publish","4":"format-standard","5":"has-post-thumbnail","7":"category-ile-de-france","8":"tag-actu","9":"tag-actualites","10":"tag-eu","11":"tag-europe","12":"tag-fr","13":"tag-france","14":"tag-ile-de-france","15":"tag-news","16":"tag-paris","17":"tag-quartiers-prioritaires","18":"tag-republique-francaise"},"share_on_mastodon":{"url":"https:\/\/pubeurope.com\/@fr\/115088429565228914","error":""},"_links":{"self":[{"href":"https:\/\/www.europesays.com\/fr\/wp-json\/wp\/v2\/posts\/342375","targetHints":{"allow":["GET"]}}],"collection":[{"href":"https:\/\/www.europesays.com\/fr\/wp-json\/wp\/v2\/posts"}],"about":[{"href":"https:\/\/www.europesays.com\/fr\/wp-json\/wp\/v2\/types\/post"}],"author":[{"embeddable":true,"href":"https:\/\/www.europesays.com\/fr\/wp-json\/wp\/v2\/users\/2"}],"replies":[{"embeddable":true,"href":"https:\/\/www.europesays.com\/fr\/wp-json\/wp\/v2\/comments?post=342375"}],"version-history":[{"count":0,"href":"https:\/\/www.europesays.com\/fr\/wp-json\/wp\/v2\/posts\/342375\/revisions"}],"wp:featuredmedia":[{"embeddable":true,"href":"https:\/\/www.europesays.com\/fr\/wp-json\/wp\/v2\/media\/342376"}],"wp:attachment":[{"href":"https:\/\/www.europesays.com\/fr\/wp-json\/wp\/v2\/media?parent=342375"}],"wp:term":[{"taxonomy":"category","embeddable":true,"href":"https:\/\/www.europesays.com\/fr\/wp-json\/wp\/v2\/categories?post=342375"},{"taxonomy":"post_tag","embeddable":true,"href":"https:\/\/www.europesays.com\/fr\/wp-json\/wp\/v2\/tags?post=342375"}],"curies":[{"name":"wp","href":"https:\/\/api.w.org\/{rel}","templated":true}]}}