{"id":342377,"date":"2025-08-25T08:20:12","date_gmt":"2025-08-25T08:20:12","guid":{"rendered":"https:\/\/www.europesays.com\/fr\/342377\/"},"modified":"2025-08-25T08:20:12","modified_gmt":"2025-08-25T08:20:12","slug":"en-letat-le-projet-de-budget-est-invotable-et-il-y-aura-une-motion-de-censure-previent-le-depute-charles-de-courson","status":"publish","type":"post","link":"https:\/\/www.europesays.com\/fr\/342377\/","title":{"rendered":"\u00ab\u00a0En l&rsquo;\u00e9tat, le projet de budget est invotable et il y aura une motion de censure\u00a0\u00bb, pr\u00e9vient le d\u00e9put\u00e9 Charles de Courson"},"content":{"rendered":"\n<p class=\"c-chapo \">\n  Le rapporteur g\u00e9n\u00e9ral du budget met en garde le gouvernement contre l&rsquo;augmentation des pr\u00e9l\u00e8vements obligatoires, lundi sur franceinfo.\n<\/p>\n<p>            lire plus tard<\/p>\n<p id=\"dialog__title\" class=\"dialog__title\">Pour sauvegarder cet article, connectez-vous ou cr\u00e9ez un compte franceinfo<\/p>\n<p class=\"dialog__description\">Sans paiement. Sans abonnement.<\/p>\n<p>        Fermer la fen\u00eatre d\u2019activation des notifications France Info<\/p>\n<p>            cr\u00e9er votre compte<\/p>\n<p>            se connecter<\/p>\n<p>        Fermer la fen\u00eatre de pr\u00e9sentation<\/p>\n<p>    <img loading=\"lazy\" decoding=\"async\" class=\"signature__image lazyload\" width=\"100\" height=\"100\" data- alt=\"\" src=\"https:\/\/www.europesays.com\/fr\/wp-content\/uploads\/2025\/05\/64a7df4c5fe71_placeholder-36b69ec8.png\"\/><\/p>\n<p>    Publi\u00e9 le 25\/08\/2025 08:57<\/p>\n<p>        Temps de lecture : 1min<\/p>\n<p>    <img decoding=\"async\"  alt=\"Membre du Groupe Libert\u00e9s, Ind\u00e9pendants, Outre-mer et Territoires (LIOT) et d\u00e9put\u00e9 fran\u00e7ais Charles de Courson s'adresse aux journalistes \u00e0 l'Assembl\u00e9e nationale, \u00e0 Paris, le 17 septembre 2024. (LUDOVIC MARIN \/ AFP)\" width=\"432\" height=\"243\" src=\"https:\/\/www.europesays.com\/fr\/wp-content\/uploads\/2025\/08\/charles-de-courson2-66fa510fd9d17595076724.jpg\" fetchpriority=\"high\"\/><\/p>\n<p>      Membre du Groupe Libert\u00e9s, Ind\u00e9pendants, Outre-mer et Territoires (LIOT) et d\u00e9put\u00e9 fran\u00e7ais Charles de Courson s&rsquo;adresse aux journalistes \u00e0 l&rsquo;Assembl\u00e9e nationale, \u00e0 Paris, le 17 septembre 2024. (LUDOVIC MARIN \/ AFP)<\/p>\n<p>\u00ab\u00a0En l&rsquo;\u00e9tat, le projet de budget [de Fran\u00e7ois Bayrou] est invotable et il y aura une motion de censure\u00a0\u00bb, pr\u00e9vient lundi 25 ao\u00fbt sur franceinfo Charles de Courson, d\u00e9put\u00e9 (Liot) de la Marne, rapporteur g\u00e9n\u00e9ral du budget, avant la conf\u00e9rence de presse de rentr\u00e9e du Premier ministre. <a href=\"https:\/\/www.franceinfo.fr\/politique\/francois-bayrou\/direct-budget-jours-feries-bloquons-tout-francois-bayrou-s-exprime-a-partir-de-16-heures-suivez-la-conference-de-presse-du-premier-ministre_7452109.html\" rel=\"nofollow noopener\" target=\"_blank\">Fran\u00e7ois Bayrou s&rsquo;exprimera \u00e0 16h lundi<\/a>, alors que les appels \u00e0 bloquer la France le 10 septembre se multiplient. Charles de Courson \u00e9voque deux grandes raisons \u00e0 la possible censure du budget : l&rsquo;augmentation des pr\u00e9l\u00e8vements obligatoires engendr\u00e9e par ces 44 milliards d&rsquo;\u00e9conomies et le fait que ces mesures ne sont, selon lui, pas justes socialement.<\/p>\n<p>Concernant la suppression de deux jours f\u00e9ri\u00e9s, \u00ab\u00a0cela ne tient pas la route\u00a0\u00bb, mart\u00e8le Charles de Courson. \u00ab\u00a0On ne dit pas assez que ces jours ne sont pas pay\u00e9s, que c&rsquo;est du travail entre guillemets gratuits et que la contrepartie, c&rsquo;est 0,6 point de cotisations sociales, patronales, suppl\u00e9mentaires\u00a0\u00bb, ajoute l&rsquo;\u00e9lu de l&rsquo;opposition. \u00ab\u00a0C&rsquo;est une augmentation des pr\u00e9l\u00e8vements obligatoires\u00a0\u00bb, r\u00e9sume-t-il. \u00ab\u00a0M\u00eame s&rsquo;il l\u00e2chait sur les deux jours f\u00e9ri\u00e9s, \u00e7a ne r\u00e9soudrait rien du tout\u00a0\u00bb, avertit Charles de Courson qui reconna\u00eet toutefois la volont\u00e9 du Premier ministre de \u00ab\u00a0de dire la v\u00e9rit\u00e9 aux Fran\u00e7ais\u00a0\u00bb.<\/p>\n","protected":false},"excerpt":{"rendered":"Le rapporteur g\u00e9n\u00e9ral du budget met en garde le gouvernement contre l&rsquo;augmentation des pr\u00e9l\u00e8vements obligatoires, lundi sur franceinfo.&hellip;\n","protected":false},"author":2,"featured_media":342378,"comment_status":"","ping_status":"","sticky":false,"template":"","format":"standard","meta":{"footnotes":""},"categories":[1888],"tags":[1111,1928,11,1927,1777,674,1011,27,12,1926,626,1925,25],"class_list":{"0":"post-342377","1":"post","2":"type-post","3":"status-publish","4":"format-standard","5":"has-post-thumbnail","7":"category-paris","8":"tag-actu","9":"tag-actu-paris","10":"tag-actualites","11":"tag-actualites-paris","12":"tag-eu","13":"tag-europe","14":"tag-fr","15":"tag-france","16":"tag-news","17":"tag-news-paris","18":"tag-paris","19":"tag-paris-news","20":"tag-republique-francaise"},"share_on_mastodon":{"url":"https:\/\/pubeurope.com\/@fr\/115088433070012177","error":""},"_links":{"self":[{"href":"https:\/\/www.europesays.com\/fr\/wp-json\/wp\/v2\/posts\/342377","targetHints":{"allow":["GET"]}}],"collection":[{"href":"https:\/\/www.europesays.com\/fr\/wp-json\/wp\/v2\/posts"}],"about":[{"href":"https:\/\/www.europesays.com\/fr\/wp-json\/wp\/v2\/types\/post"}],"author":[{"embeddable":true,"href":"https:\/\/www.europesays.com\/fr\/wp-json\/wp\/v2\/users\/2"}],"replies":[{"embeddable":true,"href":"https:\/\/www.europesays.com\/fr\/wp-json\/wp\/v2\/comments?post=342377"}],"version-history":[{"count":0,"href":"https:\/\/www.europesays.com\/fr\/wp-json\/wp\/v2\/posts\/342377\/revisions"}],"wp:featuredmedia":[{"embeddable":true,"href":"https:\/\/www.europesays.com\/fr\/wp-json\/wp\/v2\/media\/342378"}],"wp:attachment":[{"href":"https:\/\/www.europesays.com\/fr\/wp-json\/wp\/v2\/media?parent=342377"}],"wp:term":[{"taxonomy":"category","embeddable":true,"href":"https:\/\/www.europesays.com\/fr\/wp-json\/wp\/v2\/categories?post=342377"},{"taxonomy":"post_tag","embeddable":true,"href":"https:\/\/www.europesays.com\/fr\/wp-json\/wp\/v2\/tags?post=342377"}],"curies":[{"name":"wp","href":"https:\/\/api.w.org\/{rel}","templated":true}]}}