{"id":342387,"date":"2025-08-25T08:25:22","date_gmt":"2025-08-25T08:25:22","guid":{"rendered":"https:\/\/www.europesays.com\/fr\/342387\/"},"modified":"2025-08-25T08:25:22","modified_gmt":"2025-08-25T08:25:22","slug":"de-la-democratie-en-temps-de-guerre-russo-ukrainienne-par-sebastien-gobert-le-monde-diplomatique-avril-2025","status":"publish","type":"post","link":"https:\/\/www.europesays.com\/fr\/342387\/","title":{"rendered":"De la d\u00e9mocratie en temps de guerre russo-ukrainienne, par S\u00e9bastien Gobert (Le Monde diplomatique, avril 2025)"},"content":{"rendered":"<p class=\"crayon article-surtitre-68234 surtitre\">Dossier\u00a0: Le pi\u00e8ge du grand r\u00e9armement <\/p>\n<p>La Maison Blanche et le Kremlin esp\u00e8rent trouver un successeur \u00e0 M.\u00a0Volodymyr Zelensky plus enclin aux compromis. Pas s\u00fbr cependant qu\u2019un autre pr\u00e9sident soit mieux dispos\u00e9 \u00e0 entendre leurs exigences. En Ukraine, l\u2019union sacr\u00e9e se fissure, mais l\u2019organisation d\u2019un scrutin demeure, dans un pays en guerre, un casse-t\u00eate pratique et d\u00e9mocratique.<\/p>\n<p>\t\t\t<img loading=\"lazy\" decoding=\"async\" src=\"https:\/\/www.europesays.com\/fr\/wp-content\/uploads\/2025\/08\/img010-2-8-91acc.jpg\" width=\"890\" height=\"669\" class=\"spip_logos\" alt=\"JPEG - 149\u00a0ko\"\/><\/p>\n<p>Serhii Hrekh. \u2013 Serhii Hrekh. \u2013 \u00ab\u00a0Escape\u00a0\u00bb (S\u2019\u00e9vader), 2024<\/p>\n<p>\u00a9 Serhii Hrekh &#8211; ferosone.artfond.me\n<\/p>\n<p>\u00abDepuis 2022, en Ukraine, il n\u2019y a plus de personnalit\u00e9s politiques, il n\u2019y a plus d\u2019\u00e9lecteurs. Il n\u2019y a plus que des citoyens qui remplissent, ou non, leurs devoirs envers leur pays.\u00a0\u00bb M.\u00a0Oleksiy Kovjoune compte parmi les consultants politiques les plus r\u00e9put\u00e9s du pays. Avant la guerre, il a travaill\u00e9 avec des dizaines de candidats pour fa\u00e7onner leurs campagnes et a consacr\u00e9 \u00e0 la politique une bonne partie de sa vie. En temps normal, il aurait eu de quoi faire\u00a0: le mandat de M.\u00a0Volodymyr Zelensky est arriv\u00e9 \u00e0 terme en mai\u00a02024, alors que celui des d\u00e9put\u00e9s de la Verkhovna Rada (Parlement) a expir\u00e9 en juillet. Les \u00e9lections municipales, cantonales \u2014 \u00e0 l\u2019\u00e9chelle des ra\u00efons \u2014 et r\u00e9gionales devraient se tenir \u00e0 l\u2019automne\u00a02025. Le r\u00e9gime de loi martiale, en vigueur depuis l\u2019invasion russe du 24\u00a0f\u00e9vrier\u00a02022, a pourtant repouss\u00e9 sine die le renouvellement des repr\u00e9sentants par les urnes.<\/p>\n<p>M.\u00a0Kovjoune consid\u00e8re qu\u2019il reste malvenu, en mars\u00a02025, de discuter de l\u2019organisation d\u2019un scrutin\u00a0: \u00ab\u00a0Cela ne peut que briser l\u2019unit\u00e9 du pays et affaiblir sa r\u00e9sistance face \u00e0 l\u2019invasion russe.\u00a0\u00bb Le politologue relaie un sentiment partag\u00e9 en Ukraine. Selon une enqu\u00eate d\u2019Ipsos, 62\u00a0% des Ukrainiens r\u00e9sidant dans les territoires contr\u00f4l\u00e9s par Kiev et \u00e0 l\u2019\u00e9tranger partageraient cette opinion\u00a0; 19\u00a0% envisageraient cette \u00e9ventualit\u00e9 dans le cas d\u2019un cessez-le-feu\u00a0; et 14\u00a0% appelleraient \u00e0 un retour aux urnes au plus t\u00f4t. Pourtant, la question des \u00e9lections revient de plus en plus. \u00c0 Washington comme \u00e0 Moscou, on remet ouvertement en cause la l\u00e9gitimit\u00e9 de M.\u00a0Zelensky, que l\u2019on juge priv\u00e9 d\u2019un mandat d\u00e9mocratique pour signer un accord de paix. \u00c0 Kiev, le chef de l\u2019\u00c9tat jouit d\u2019un niveau de soutien appr\u00e9ciable, r\u00e9cemment consolid\u00e9 \u00e0 la suite des humiliations, m\u00e9diatis\u00e9es, que lui a inflig\u00e9es M.\u00a0Donald Trump le 28\u00a0f\u00e9vrier dernier.<\/p>\n<p>Les principaux partis d\u2019opposition rejettent le principe d\u2019\u00e9lections tenues sous le r\u00e9gime de la loi martiale. Ce qui n\u2019emp\u00eache pas leurs quartiers g\u00e9n\u00e9raux de se pr\u00e9parer activement,\u00a0(&#8230;)<\/p>\n<p>Taille de l\u2019article complet\u00a0:\u00a01\u00a0732\u00a0mots.<\/p>\n<p>\tCet article est r\u00e9serv\u00e9 aux\u00a0abonn\u00e9s<\/p>\n<p>\t<strong>Lyc\u00e9es, biblioth\u00e8ques, administrations, entreprises,<\/strong><br \/>\n\tacc\u00e9dez \u00e0 la base de donn\u00e9es en ligne de tous les articles du Monde diplomatique de 1954 \u00e0 nos\u00a0jours.<br \/>\n\t<a id=\"pw-institutions\" class=\"suivi\" href=\"https:\/\/www.monde-diplomatique.fr\/archives\/institutions\" rel=\"nofollow noopener\" target=\"_blank\">Retrouvez cette\u00a0offre sp\u00e9cifique<\/a>.<\/p>\n","protected":false},"excerpt":{"rendered":"Dossier\u00a0: Le pi\u00e8ge du grand r\u00e9armement La Maison Blanche et le Kremlin esp\u00e8rent trouver un successeur \u00e0 M.\u00a0Volodymyr&hellip;\n","protected":false},"author":2,"featured_media":342388,"comment_status":"","ping_status":"","sticky":false,"template":"","format":"standard","meta":{"footnotes":""},"categories":[1590],"tags":[11,1777,674,12,220],"class_list":{"0":"post-342387","1":"post","2":"type-post","3":"status-publish","4":"format-standard","5":"has-post-thumbnail","7":"category-ukraine","8":"tag-actualites","9":"tag-eu","10":"tag-europe","11":"tag-news","12":"tag-ukraine"},"share_on_mastodon":{"url":"https:\/\/pubeurope.com\/@fr\/115088453041646881","error":""},"_links":{"self":[{"href":"https:\/\/www.europesays.com\/fr\/wp-json\/wp\/v2\/posts\/342387","targetHints":{"allow":["GET"]}}],"collection":[{"href":"https:\/\/www.europesays.com\/fr\/wp-json\/wp\/v2\/posts"}],"about":[{"href":"https:\/\/www.europesays.com\/fr\/wp-json\/wp\/v2\/types\/post"}],"author":[{"embeddable":true,"href":"https:\/\/www.europesays.com\/fr\/wp-json\/wp\/v2\/users\/2"}],"replies":[{"embeddable":true,"href":"https:\/\/www.europesays.com\/fr\/wp-json\/wp\/v2\/comments?post=342387"}],"version-history":[{"count":0,"href":"https:\/\/www.europesays.com\/fr\/wp-json\/wp\/v2\/posts\/342387\/revisions"}],"wp:featuredmedia":[{"embeddable":true,"href":"https:\/\/www.europesays.com\/fr\/wp-json\/wp\/v2\/media\/342388"}],"wp:attachment":[{"href":"https:\/\/www.europesays.com\/fr\/wp-json\/wp\/v2\/media?parent=342387"}],"wp:term":[{"taxonomy":"category","embeddable":true,"href":"https:\/\/www.europesays.com\/fr\/wp-json\/wp\/v2\/categories?post=342387"},{"taxonomy":"post_tag","embeddable":true,"href":"https:\/\/www.europesays.com\/fr\/wp-json\/wp\/v2\/tags?post=342387"}],"curies":[{"name":"wp","href":"https:\/\/api.w.org\/{rel}","templated":true}]}}