{"id":342389,"date":"2025-08-25T08:26:10","date_gmt":"2025-08-25T08:26:10","guid":{"rendered":"https:\/\/www.europesays.com\/fr\/342389\/"},"modified":"2025-08-25T08:26:10","modified_gmt":"2025-08-25T08:26:10","slug":"etats-unis-le-vaccin-contre-le-chikungunya-suspendu-apres-de-nouveaux-effets-indesirables","status":"publish","type":"post","link":"https:\/\/www.europesays.com\/fr\/342389\/","title":{"rendered":"\u00c9tats-Unis\u00a0: le vaccin contre le chikungunya suspendu apr\u00e8s de nouveaux effets ind\u00e9sirables"},"content":{"rendered":"<p class=\"paragraph text_align_left lp-f-body-02\">Les autorit\u00e9s sanitaires am\u00e9ricaines ont d\u00e9cid\u00e9 de suspendre l\u2019autorisation du vaccin anti-chikungunya d\u00e9velopp\u00e9 par le laboratoire franco-autrichien <a href=\"https:\/\/www.leparisien.fr\/societe\/sante\/chikungunya-le-dossier-du-vaccin-de-valneva-juge-recevable-au-niveau-europeen-27-11-2023-PGM3M3N3ZFF35MFSPSJ6K62WNE.php\" target=\"_self\" rel=\"nofollow noopener\">Valneva<\/a>. La mesure, annonc\u00e9e lundi par le groupe, intervient apr\u00e8s de nouveaux signalements d\u2019effets secondaires graves.<\/p>\n<p class=\"paragraph text_align_left lp-f-body-02\">\u00ab Cette suspension entre en vigueur imm\u00e9diatement et implique une interruption de l\u2019envoi et de la vente d\u2019Ixchiq aux \u00c9tats-Unis \u00bb, a pr\u00e9cis\u00e9 Valneva dans un communiqu\u00e9.<\/p>\n<p class=\"paragraph text_align_left lp-f-body-02\">Ixchiq, l\u2019un des premiers vaccins mis au point contre cette maladie virale transmise par les moustiques avait d\u00e9j\u00e0 suscit\u00e9 des inqui\u00e9tudes. Au printemps, lors d\u2019une <a href=\"https:\/\/www.leparisien.fr\/la-reunion-974\/la-reunion-cinq-nouveaux-morts-imputes-au-chikungunya-04-06-2025-LH6SAKJ7WZF3XFYGV3V542YL44.php\" target=\"_self\" rel=\"nofollow noopener\">\u00e9pid\u00e9mie majeure \u00e0 La R\u00e9union<\/a>, plusieurs effets ind\u00e9sirables graves avaient \u00e9t\u00e9 rapport\u00e9s, tous concernant des personnes \u00e2g\u00e9es. Selon les autorit\u00e9s sanitaires fran\u00e7aises, un d\u00e9c\u00e8s sur l\u2019\u00eele est tr\u00e8s probablement li\u00e9 au vaccin.<\/p>\n<p>Des d\u00e9cisions divergentes entre l\u2019Europe et les \u00c9tats-Unis<\/p>\n<p class=\"paragraph text_align_left lp-f-body-02\">En France, puis dans l\u2019Union europ\u00e9enne, le vaccin avait \u00e9t\u00e9 suspendu pour les plus de 65 ans. Mais en juillet, Bruxelles avait lev\u00e9 cette restriction, estimant que les b\u00e9n\u00e9fices du vaccin l\u2019emportaient toujours sur les risques pour cette population particuli\u00e8rement expos\u00e9e au virus.<\/p>\n<p class=\"paragraph text_align_left lp-f-body-02\">La Food and Drug Administration (FDA), elle, a choisi une ligne plus stricte. L\u2019agence a suspendu le vaccin pour l\u2019ensemble de la population, invoquant de \u00ab graves inqui\u00e9tudes quant \u00e0 la s\u00e9curit\u00e9 du vaccin, qui semble provoquer des troubles semblables au chikungunya \u00bb. Selon la FDA, \u00ab les b\u00e9n\u00e9fices du vaccin ne compensent pas ses risques, selon les sc\u00e9narios les plus plausibles \u00bb.<\/p>\n<p>Valneva d\u00e9nonce une suspension \u00ab soudaine \u00bb<\/p>\n<p class=\"paragraph text_align_left lp-f-body-02\">Le laboratoire, qui souligne que les nouveaux cas signal\u00e9s concernent quatre personnes \u00e2g\u00e9es de 55 \u00e0 82 ans, estime que ces effets sont \u00ab comparables \u00bb \u00e0 ceux d\u00e9j\u00e0 connus. Valneva parle d\u2019une suspension \u00ab soudaine \u00bb et dit analyser les cons\u00e9quences financi\u00e8res d\u2019un retrait d\u00e9finitif du produit aux \u00c9tats-Unis, tout en maintenant ses pr\u00e9visions pour l\u2019instant.<\/p>\n<p class=\"paragraph text_align_left lp-f-body-02\">Cette d\u00e9cision intervient dans un climat tendu outre-Atlantique, o\u00f9 plusieurs chercheurs redoutent un tournant vaccinosceptique de la politique sanitaire, sous l\u2019influence de <a href=\"https:\/\/www.leparisien.fr\/international\/etats-unis\/avec-robert-f-kennedy-jr-a-la-sante-six-mois-de-chaos-et-dabsurdie-au-sommet-de-ladministration-trump-13-07-2025-3X2LRLUIM5CH7KSN7436HRGEKY.php\" target=\"_self\" rel=\"nofollow noopener\">Robert Kennedy Jr, nomm\u00e9 \u00e0 la t\u00eate du minist\u00e8re de la Sant\u00e9<\/a> par le pr\u00e9sident Donald Trump.<\/p>\n","protected":false},"excerpt":{"rendered":"Les autorit\u00e9s sanitaires am\u00e9ricaines ont d\u00e9cid\u00e9 de suspendre l\u2019autorisation du vaccin anti-chikungunya d\u00e9velopp\u00e9 par le laboratoire franco-autrichien Valneva.&hellip;\n","protected":false},"author":2,"featured_media":342390,"comment_status":"","ping_status":"","sticky":false,"template":"","format":"standard","meta":{"footnotes":""},"categories":[1589],"tags":[11,73,1866,14,12,104,1864,1865,1863,308],"class_list":{"0":"post-342389","1":"post","2":"type-post","3":"status-publish","4":"format-standard","5":"has-post-thumbnail","7":"category-etats-unis","8":"tag-actualites","9":"tag-etats-unis","10":"tag-etats-unis-damerique","11":"tag-international","12":"tag-news","13":"tag-societe","14":"tag-united-states","15":"tag-united-states-of-america","16":"tag-us","17":"tag-usa"},"share_on_mastodon":{"url":"https:\/\/pubeurope.com\/@fr\/115088456677064834","error":""},"_links":{"self":[{"href":"https:\/\/www.europesays.com\/fr\/wp-json\/wp\/v2\/posts\/342389","targetHints":{"allow":["GET"]}}],"collection":[{"href":"https:\/\/www.europesays.com\/fr\/wp-json\/wp\/v2\/posts"}],"about":[{"href":"https:\/\/www.europesays.com\/fr\/wp-json\/wp\/v2\/types\/post"}],"author":[{"embeddable":true,"href":"https:\/\/www.europesays.com\/fr\/wp-json\/wp\/v2\/users\/2"}],"replies":[{"embeddable":true,"href":"https:\/\/www.europesays.com\/fr\/wp-json\/wp\/v2\/comments?post=342389"}],"version-history":[{"count":0,"href":"https:\/\/www.europesays.com\/fr\/wp-json\/wp\/v2\/posts\/342389\/revisions"}],"wp:featuredmedia":[{"embeddable":true,"href":"https:\/\/www.europesays.com\/fr\/wp-json\/wp\/v2\/media\/342390"}],"wp:attachment":[{"href":"https:\/\/www.europesays.com\/fr\/wp-json\/wp\/v2\/media?parent=342389"}],"wp:term":[{"taxonomy":"category","embeddable":true,"href":"https:\/\/www.europesays.com\/fr\/wp-json\/wp\/v2\/categories?post=342389"},{"taxonomy":"post_tag","embeddable":true,"href":"https:\/\/www.europesays.com\/fr\/wp-json\/wp\/v2\/tags?post=342389"}],"curies":[{"name":"wp","href":"https:\/\/api.w.org\/{rel}","templated":true}]}}