{"id":342391,"date":"2025-08-25T08:27:10","date_gmt":"2025-08-25T08:27:10","guid":{"rendered":"https:\/\/www.europesays.com\/fr\/342391\/"},"modified":"2025-08-25T08:27:10","modified_gmt":"2025-08-25T08:27:10","slug":"les-promesses-du-gouvernement-starmer","status":"publish","type":"post","link":"https:\/\/www.europesays.com\/fr\/342391\/","title":{"rendered":"les promesses du gouvernement Starmer"},"content":{"rendered":"<p>Sous pression, le Premier ministre <a href=\"https:\/\/www.lejdd.fr\/International\/cette-trahison-prend-fin-aujourdhui-les-travaillistes-britanniques-accusent-la-droite-davoir-encourage-limmigration-de-masse-158030\" target=\"_blank\" rel=\"nofollow noopener\">Keir Starmer<\/a> donne des gages. Au c\u0153ur d\u2019un week-end ponctu\u00e9 de <a href=\"https:\/\/www.lejdd.fr\/International\/royaume-uni-des-centaines-de-manifestants-appellent-a-la-remigration-apres-lagression-sexuelle-dune-adolescente-160736\" target=\"_blank\" rel=\"nofollow noopener\">manifestations anti-immigration<\/a>\u00a0partout au Royaume-Uni, son gouvernement a promis, dimanche\u00a024\u00a0ao\u00fbt, d\u2019acc\u00e9l\u00e9rer le traitement des proc\u00e9dures d\u2019appel des demandeurs d\u2019asile, rapporte l\u2019AFP. La ministre de l\u2019Int\u00e9rieur, Yvette Cooper, a admis dans un communiqu\u00e9 que les d\u00e9lais de traitement des appels \u00e9taient \u00ab\u00a0totalement inacceptables\u00a0\u00bb. Elle a annonc\u00e9 la cr\u00e9ation d\u2019un organisme ind\u00e9pendant pour seconder les tribunaux.<\/p>\n<p>Au <a href=\"https:\/\/www.lejdd.fr\/International\/rupture-nette-avec-le-passe-le-royaume-uni-annonce-un-programme-sans-precedent-de-reduction-de-limmigration-157971\" target=\"_blank\" rel=\"nofollow noopener\">Royaume-Uni<\/a>, plus de 50\u00a0000 demandes d\u2019asile sont en attente d\u2019examen. Le rendu d\u2019une d\u00e9cision prend en moyenne plus d\u2019un an. Des mesures ont pourtant d\u00e9j\u00e0 \u00e9t\u00e9 prises pour acc\u00e9l\u00e9rer les d\u00e9cisions initiales. Selon le gouvernement travailliste, les retards dans les proc\u00e9dures d\u2019appel sont d\u00e9sormais la cause principale d\u2019engorgement du syst\u00e8me migratoire, limitant le nombre d\u2019expulsions.<\/p>\n<p>    La suite apr\u00e8s cette publicit\u00e9<\/p>\n<p>Un d\u00e9lai strict pour examiner les recours<\/p>\n<p>Le nouvel organisme sera compos\u00e9 d\u2019\u00ab\u00a0arbitres\u00a0\u00bb ind\u00e9pendants. L\u2019un des objectifs sera d\u2019acc\u00e9l\u00e9rer le traitement des demandes de personnes issues de \u00ab\u00a0pays s\u00fbrs\u00a0\u00bb. Le gouvernement fixera \u00e9galement aux tribunaux un d\u00e9lai l\u00e9gal de 24 semaines pour examiner les recours des demandeurs d\u2019asile pris en charge par l\u2019\u00c9tat ainsi que ceux des \u00ab\u00a0d\u00e9linquants \u00e9trangers\u00a0\u00bb.<\/p>\n<p>    La suite apr\u00e8s cette publicit\u00e9<\/p>\n<p>Alors que le pays est secou\u00e9 depuis plusieurs semaines par des manifestants se mobilisant devant les h\u00f4tels utilis\u00e9s pour h\u00e9berger les demandeurs d\u2019asile, Yvette Cooper a r\u00e9affirm\u00e9 sa d\u00e9termination \u00e0 \u00ab\u00a0r\u00e9duire consid\u00e9rablement le nombre de personnes dans le syst\u00e8me d\u2019asile [\u2026] pour mettre fin \u00e0 l\u2019utilisation d\u2019h\u00f4tels pour les accueillir\u00a0\u00bb, \u00e0 l\u2019horizon 2029.<\/p>\n<p>    La suite apr\u00e8s cette publicit\u00e9<\/p>\n<p>    La suite apr\u00e8s cette publicit\u00e9<\/p>\n<p>Ce dimanche\u00a024\u00a0ao\u00fbt, des militants se sont r\u00e9unis devant l\u2019un de ces \u00e9tablissements \u00e0 Birmingham, situ\u00e9 au centre de l\u2019Angleterre. La police avait, elle, \u00e9t\u00e9 d\u00e9ploy\u00e9e devant un autre h\u00f4tel dans le quartier de Canary Wharf \u00e0 Londres. Des rassemblements avaient d\u00e9j\u00e0 eu lieu vendredi et samedi devant plusieurs de ces lieux d\u2019h\u00e9bergements. Des affrontements avec la police ont \u00e9clat\u00e9 \u00e0 Bristol, Liverpool ou \u00e0 Horley dans le Surrey.<\/p>\n","protected":false},"excerpt":{"rendered":"Sous pression, le Premier ministre Keir Starmer donne des gages. Au c\u0153ur d\u2019un week-end ponctu\u00e9 de manifestations anti-immigration\u00a0partout&hellip;\n","protected":false},"author":2,"featured_media":342392,"comment_status":"","ping_status":"","sticky":false,"template":"","format":"standard","meta":{"footnotes":""},"categories":[1588],"tags":[11,1777,674,12,473,1853,1851,1850,1852],"class_list":{"0":"post-342391","1":"post","2":"type-post","3":"status-publish","4":"format-standard","5":"has-post-thumbnail","7":"category-royaume-uni","8":"tag-actualites","9":"tag-eu","10":"tag-europe","11":"tag-news","12":"tag-royaume-uni","13":"tag-royaume-uni-de-grande-bretagne-et-dirlande-du-nord","14":"tag-uk","15":"tag-united-kingdom","16":"tag-united-kingdom-of-great-britain-and-northern-ireland"},"share_on_mastodon":{"url":"https:\/\/pubeurope.com\/@fr\/115088460633753578","error":""},"_links":{"self":[{"href":"https:\/\/www.europesays.com\/fr\/wp-json\/wp\/v2\/posts\/342391","targetHints":{"allow":["GET"]}}],"collection":[{"href":"https:\/\/www.europesays.com\/fr\/wp-json\/wp\/v2\/posts"}],"about":[{"href":"https:\/\/www.europesays.com\/fr\/wp-json\/wp\/v2\/types\/post"}],"author":[{"embeddable":true,"href":"https:\/\/www.europesays.com\/fr\/wp-json\/wp\/v2\/users\/2"}],"replies":[{"embeddable":true,"href":"https:\/\/www.europesays.com\/fr\/wp-json\/wp\/v2\/comments?post=342391"}],"version-history":[{"count":0,"href":"https:\/\/www.europesays.com\/fr\/wp-json\/wp\/v2\/posts\/342391\/revisions"}],"wp:featuredmedia":[{"embeddable":true,"href":"https:\/\/www.europesays.com\/fr\/wp-json\/wp\/v2\/media\/342392"}],"wp:attachment":[{"href":"https:\/\/www.europesays.com\/fr\/wp-json\/wp\/v2\/media?parent=342391"}],"wp:term":[{"taxonomy":"category","embeddable":true,"href":"https:\/\/www.europesays.com\/fr\/wp-json\/wp\/v2\/categories?post=342391"},{"taxonomy":"post_tag","embeddable":true,"href":"https:\/\/www.europesays.com\/fr\/wp-json\/wp\/v2\/tags?post=342391"}],"curies":[{"name":"wp","href":"https:\/\/api.w.org\/{rel}","templated":true}]}}