{"id":342393,"date":"2025-08-25T08:28:21","date_gmt":"2025-08-25T08:28:21","guid":{"rendered":"https:\/\/www.europesays.com\/fr\/342393\/"},"modified":"2025-08-25T08:28:21","modified_gmt":"2025-08-25T08:28:21","slug":"lallemagne-recherche-de-nouveaux-partenaires-commerciaux-en-dehors-des-etats-unis-business-am","status":"publish","type":"post","link":"https:\/\/www.europesays.com\/fr\/342393\/","title":{"rendered":"L&rsquo;Allemagne recherche de nouveaux partenaires commerciaux en dehors des \u00c9tats-Unis &#8211; Business AM"},"content":{"rendered":"<p>                    <img decoding=\"async\" style=\"aspect-ratio:16\/9\" src=\"https:\/\/www.europesays.com\/fr\/wp-content\/uploads\/2025\/08\/Friedrich-Merz-2.jpg\" width=\"100%\" loading=\"eager\"\/><\/p>\n<p>                            <a href=\"https:\/\/fr.businessam.be\/author\/redactie\/\" class=\"author-thumbnail\" style=\"border: 2px inset #00000099;\" rel=\"nofollow noopener\" target=\"_blank\"><img loading=\"lazy\" decoding=\"async\" src=\"https:\/\/www.europesays.com\/fr\/wp-content\/uploads\/2025\/08\/1756110501_38_cropped-favicon-192x192.png\" width=\"80\" height=\"80\" alt=\"Business AM\"\/><\/a>\ue05bpar <a href=\"https:\/\/fr.businessam.be\/author\/redactie\/\" rel=\"nofollow noopener\" target=\"_blank\">Business AM<\/a><br \/>\ue010publi\u00e9 le lundi 25 ao\u00fbt 2025 \u00e0 09:32 \u2022 <br \/>\ue00c2 min de lecture<\/p>\n<p>Principaux renseignements<\/p>\n<ul class=\"wp-block-list\">\n<li><strong>L\u2019Allemagne recherche de nouveaux partenaires commerciaux en dehors des \u00c9tats-Unis en raison de la r\u00e9cente introduction de droits de douane sur les produits europ\u00e9ens.<\/strong><\/li>\n<li><strong>Le chancelier Merz voit des opportunit\u00e9s en Am\u00e9rique du Sud, en Asie et en Afrique pour des partenariats commerciaux mutuellement avantageux.<\/strong><\/li>\n<li><strong>En outre, l\u2019Allemagne doit mettre en \u0153uvre avant la fin de l\u2019ann\u00e9e une r\u00e9forme de la s\u00e9curit\u00e9 sociale afin de mieux ma\u00eetriser les d\u00e9penses li\u00e9es \u00e0 l\u2019emploi, aux retraites et aux soins de sant\u00e9.<\/strong><\/li>\n<\/ul>\n<p>Face aux nouveaux droits de douane impos\u00e9s par <a href=\"https:\/\/fr.businessam.be\/etats-unis-examinent-plus-de-55-millions-de-dossiers-de-visa-pour-detecter-deventuelles-infractions\/\" rel=\"nofollow noopener\" target=\"_blank\">les \u00c9tats-Unis<\/a> sur les produits provenant de l\u2019Union europ\u00e9enne, le chancelier allemand <a href=\"https:\/\/fr.businessam.be\/merz-et-macron-points-de-friction-sur-la-defense-le-commerce-et-lenergie\/\" rel=\"nofollow noopener\" target=\"_blank\">Friedrich Merz<\/a> estime que l\u2019Allemagne doit \u00e9largir son horizon commercial. Lors d\u2019un discours prononc\u00e9 lors d\u2019un \u00e9v\u00e9nement public \u00e0 Berlin, M. Merz a exprim\u00e9 ses inqui\u00e9tudes quant au fait que les \u00c9tats-Unis semblent s\u2019\u00e9carter des r\u00e8gles de l\u2019Organisation mondiale du commerce.<\/p>\n<p>M. Merz a soulign\u00e9 l\u2019importance de liens \u00e9conomiques solides avec les \u00c9tats-Unis, mais a fait remarquer que l\u2019Allemagne avait peut-\u00eatre eu de la chance avec la situation tarifaire actuelle. Dans le m\u00eame temps, il voit des opportunit\u00e9s de partenariats mutuellement avantageux en Am\u00e9rique du Sud, en Asie et en Afrique. Il a appel\u00e9 l\u2019Allemagne \u00e0 rechercher activement des pays qui partagent les m\u00eames valeurs et a soulign\u00e9 la n\u00e9cessit\u00e9 de diversifier en permanence les relations commerciales.<\/p>\n<p>R\u00e9forme de la s\u00e9curit\u00e9 sociale<\/p>\n<p>Merz a \u00e9galement soulign\u00e9 que la r\u00e9forme de la s\u00e9curit\u00e9 sociale devait \u00eatre abord\u00e9e de toute urgence cette ann\u00e9e. Il a appel\u00e9 le gouvernement \u00e0 mieux contr\u00f4ler les d\u00e9penses li\u00e9es \u00e0 l\u2019emploi, aux retraites et aux soins de sant\u00e9. (uv)<\/p>\n","protected":false},"excerpt":{"rendered":"\ue05bpar Business AM\ue010publi\u00e9 le lundi 25 ao\u00fbt 2025 \u00e0 09:32 \u2022 \ue00c2 min de lecture Principaux renseignements L\u2019Allemagne&hellip;\n","protected":false},"author":2,"featured_media":124718,"comment_status":"","ping_status":"","sticky":false,"template":"","format":"standard","meta":{"footnotes":""},"categories":[1587],"tags":[11,672,1804,1805,1803,1777,674,1801,12,1802],"class_list":{"0":"post-342393","1":"post","2":"type-post","3":"status-publish","4":"format-standard","5":"has-post-thumbnail","7":"category-allemagne","8":"tag-actualites","9":"tag-allemagne","10":"tag-bundesrepublik-deutschland","11":"tag-de","12":"tag-deutschland","13":"tag-eu","14":"tag-europe","15":"tag-germany","16":"tag-news","17":"tag-republique-federale-dallemagne"},"share_on_mastodon":{"url":"https:\/\/pubeurope.com\/@fr\/115088464594326211","error":""},"_links":{"self":[{"href":"https:\/\/www.europesays.com\/fr\/wp-json\/wp\/v2\/posts\/342393","targetHints":{"allow":["GET"]}}],"collection":[{"href":"https:\/\/www.europesays.com\/fr\/wp-json\/wp\/v2\/posts"}],"about":[{"href":"https:\/\/www.europesays.com\/fr\/wp-json\/wp\/v2\/types\/post"}],"author":[{"embeddable":true,"href":"https:\/\/www.europesays.com\/fr\/wp-json\/wp\/v2\/users\/2"}],"replies":[{"embeddable":true,"href":"https:\/\/www.europesays.com\/fr\/wp-json\/wp\/v2\/comments?post=342393"}],"version-history":[{"count":0,"href":"https:\/\/www.europesays.com\/fr\/wp-json\/wp\/v2\/posts\/342393\/revisions"}],"wp:featuredmedia":[{"embeddable":true,"href":"https:\/\/www.europesays.com\/fr\/wp-json\/wp\/v2\/media\/124718"}],"wp:attachment":[{"href":"https:\/\/www.europesays.com\/fr\/wp-json\/wp\/v2\/media?parent=342393"}],"wp:term":[{"taxonomy":"category","embeddable":true,"href":"https:\/\/www.europesays.com\/fr\/wp-json\/wp\/v2\/categories?post=342393"},{"taxonomy":"post_tag","embeddable":true,"href":"https:\/\/www.europesays.com\/fr\/wp-json\/wp\/v2\/tags?post=342393"}],"curies":[{"name":"wp","href":"https:\/\/api.w.org\/{rel}","templated":true}]}}