{"id":3424,"date":"2025-04-04T21:26:15","date_gmt":"2025-04-04T21:26:15","guid":{"rendered":"https:\/\/www.europesays.com\/fr\/3424\/"},"modified":"2025-04-04T21:26:15","modified_gmt":"2025-04-04T21:26:15","slug":"louer-une-voiture-en-france-coutera-encore-tres-cher","status":"publish","type":"post","link":"https:\/\/www.europesays.com\/fr\/3424\/","title":{"rendered":"louer une voiture en France co\u00fbtera encore tr\u00e8s cher"},"content":{"rendered":"<p>Le comparateur Carigami publie un classement des villes o\u00f9 vous d\u00e9bourserez le plus et le moins pour vous d\u00e9placer. Apr\u00e8s plusieurs ann\u00e9es cons\u00e9cutives de hausse, les prix reculent partout en France, qui reste toutefois la destination la plus ch\u00e8re d\u2019Europe.<\/p>\n<p class=\"fig-paragraph\">Les\u00a0<a href=\"http:\/\/www.lefigaro.fr\/voyages\/conseils\/vacances-scolaires-2020\/vacances-scolaires-calendrier-2024-2025-dates-par-zone-et-liste-des-jours-feries-20230731\" data-fig-type=\"Article\" data-gtm-custom-categorie=\"navigation\" data-gtm-custom-action=\"crossclick\" data-gtm-custom-label=\"Contextuel\" data-gtm-event=\"customEventSPE\" data-fig-domain=\"LEFIGARO\" target=\"_blank\" rel=\"noopener\">vacances cet \u00e9t\u00e9<\/a>, vous les imaginez plut\u00f4t sur les plages et dans les villages bucoliques du Sud-Ouest ou du Sud-Est\u00a0? Le tarif de la voiture de location peut peser dans votre choix et, sur ce crit\u00e8re-l\u00e0, c\u2019est la premi\u00e8re destination qui l\u2019emporte. Apr\u00e8s avoir caracol\u00e9 en t\u00eate, depuis 2021, des villes o\u00f9 il faut d\u00e9bourser le plus pour un v\u00e9hicule,\u00a0<a href=\"http:\/\/www.lefigaro.fr\/voyages\/dossier\/biarritz\" data-fig-type=\"Topic\" data-gtm-custom-categorie=\"navigation\" data-gtm-custom-action=\"crossclick\" data-gtm-custom-label=\"Contextuel\" data-gtm-event=\"customEventSPE\" data-fig-domain=\"LEFIGARO\" target=\"_blank\" rel=\"noopener\">Biarritz<\/a>\u00a0c\u00e8de cette ann\u00e9e sa place \u00e0\u00a0<a href=\"http:\/\/www.lefigaro.fr\/voyages\/dossier\/nice\" data-fig-type=\"Topic\" data-gtm-custom-categorie=\"navigation\" data-gtm-custom-action=\"crossclick\" data-gtm-custom-label=\"Contextuel\" data-gtm-event=\"customEventSPE\" data-fig-domain=\"LEFIGARO\" target=\"_blank\" rel=\"noopener\">Nice<\/a>.<\/p>\n<p class=\"fig-paragraph\">D\u2019apr\u00e8s le classement \u00e9tabli par le comparateur Carigami que Le Figaro d\u00e9voile en avant-premi\u00e8re (lire en fin d\u2019article), pour une semaine entre le premier juin et le 31 ao\u00fbt prochain, il faut d\u00e9bourser en moyenne respectivement 365 et 378 euros, contre 346 euros pour Bordeaux, sur la troisi\u00e8me marche du podium. Le top trois reste donc similaire \u00e0 l\u2019an dernier, m\u00eame si les prix \u00e0 Bordeaux et Biarritz enregistrent les plus fortes baisses en un an, de 18% et 16,1%, l\u00e0 o\u00f9 ils n\u2019ont recul\u00e9 que de 6,2% \u00e0 Nice.<\/p>\n<p class=\"fig-paragraph\">La bonne nouvelle est que la baisse, certes plus ou moins importante, est g\u00e9n\u00e9ralis\u00e9e\u00a0: le prix moyen est de 319 euros versus 331 euros l\u2019an dernier. Un recul important compar\u00e9 aux 524 euros de 2022, m\u00eame si le montant reste toujours bien sup\u00e9rieur au budget moyen de 2019, qui \u00e9tait de 245 euros.\u00a0<\/p>\n<p>\u00abR\u00e9\u00e9quilibrer les tarifs par rapport aux autres pays\u00bb<\/p>\n<p class=\"fig-paragraph\">\u00ab Cela laisse pr\u00e9sager un retour aux tarifs d\u2019avant-Covid, m\u00eame s\u2019il y a des exceptions\u00a0\u00bb, pointe Pierre Feisthauer, charg\u00e9 du d\u00e9veloppement de Carigami. Depuis la pand\u00e9mie, les prix avaient en effet bondi partout en France en raison du fort d\u00e9calage entre l\u2019offre et la demande\u00a0: d\u2019un c\u00f4t\u00e9, les vacanciers fran\u00e7ais avaient fait le choix de ne pas ou moins quitter le territoire, et, de l\u2019autre, le parc de voitures de location avait fondu comme neige au soleil en raison des retards de livraison de la part des constructeurs.<\/p>\n<p class=\"fig-paragraph\">Aujourd\u2019hui, les prix restent 21,8% plus \u00e9lev\u00e9s qu\u2019il y a six ans \u00e0 Aix-en-Provence, 42,6% \u00e0 Grenoble et 58,2% dans la cit\u00e9 des Anges. \u00ab Si Nice figurait avec son offre plus abondante qu\u2019ailleurs li\u00e9e \u00e0 l\u2019a\u00e9roport parmi les villes les moins ch\u00e8res avant le Covid, on observe sur la C\u00f4te d\u2019Azur la volont\u00e9 g\u00e9n\u00e9rale des loueurs fran\u00e7ais, jugeant les prix trop bas pour la premi\u00e8re destination mondiale, de r\u00e9\u00e9quilibrer les tarifs par rapport \u00e0 d\u2019autres pays. D\u2019autre part, la demande reste soutenue dans cette r\u00e9gion car elle accueille des touristes qui ont\u00a0<a href=\"http:\/\/www.lefigaro.fr\/voyages\/en-corse-la-crainte-d-une-nouvelle-saison-touristique-difficile-20240317\" data-fig-type=\"Article\" data-gtm-custom-categorie=\"navigation\" data-gtm-custom-action=\"crossclick\" data-gtm-custom-label=\"Contextuel\" data-gtm-event=\"customEventSPE\" data-fig-domain=\"LEFIGARO\" target=\"_blank\" rel=\"noopener\">d\u00e9laiss\u00e9 la Corse<\/a> \u00a0en raison des prix des billets d\u2019avion et des frais de s\u00e9jour \u00e9lev\u00e9s, et ne reviennent pas m\u00eame si les loueurs cassent les prix\u00a0\u00bb, d\u00e9taille-t-il.<\/p>\n<p>Fin de la flamb\u00e9e des prix en Corse<\/p>\n<p class=\"fig-paragraph\">Traditionnellement parmi les plus ch\u00e8res, Ajaccio et Bastia se trouvent cette ann\u00e9e, de nouveau, dans le palmar\u00e8s des villes les moins ch\u00e8res. Les deux villes de l\u2019\u00eele de Beaut\u00e9 affichent des tarifs au-dessous de la moyenne nationale, tout comme le trio des villes les plus accessibles, identique \u00e0 2024\u00a0: Lille (265 euros) arrive en t\u00eate, suivie de Brest (275 euros) et Mulhouse (284 euros).<\/p>\n<p class=\"fig-paragraph\">\u00ab M\u00eame si les tarifs baissent, la France est toujours la destination la plus ch\u00e8re d\u2018Europe, car il faut d\u00e9bourser 172 euros au Portugal pour une semaine, 195 euros en Espagne, 248 euros en Italie et 224 euros en Gr\u00e8ce, qui est le premier pays \u00e0 revenir au niveau de 2019. Mais la France est encore loin des \u00c9tats-Unis et du Canada, avec 389 euros et 487 euros respectivement, et des 514 euros pour l\u2019Islande, pays le plus cher, car la saison estivale y est tr\u00e8s courte\u00a0\u00bb, pointe Pierre Feisthauer.<\/p>\n<p>Alternatives<\/p>\n<p class=\"fig-paragraph\">Rappelons que ce classement ne donne pas une vision compl\u00e8te de l\u2019offre car il compare six loueurs internationaux et sept courtiers, soit plus de 170 destinations dans le monde et quelque 40 000 agences, situ\u00e9es toutefois avant tout en centre-ville et pr\u00e8s des a\u00e9roports. Pour trouver le v\u00e9hicule de votre choix \u00e0 des tarifs attractifs, il existe des alternatives. Les hyper et supermarch\u00e9s Leclerc disposent par exemple de plus de 400 agences, Intermarch\u00e9 et Syst\u00e8me U proposent aussi ce service quasiment partout sur le territoire. Ou encore, depuis 2017, l\u2019enseigne de bazar\u00a0<a href=\"http:\/\/www.lefigaro.fr\/societes\/l-enseigne-gifi-annonce-la-suppression-de-302-postes-et-la-fermeture-de-11-magasins-20250403\" data-fig-type=\"NewsFlash\" data-gtm-custom-categorie=\"navigation\" data-gtm-custom-action=\"crossclick\" data-gtm-custom-label=\"Contextuel\" data-gtm-event=\"customEventSPE\" data-fig-domain=\"LEFIGARO\" target=\"_blank\" rel=\"noopener\">Gifi<\/a>. La citadine est propos\u00e9e par Gifi Loc \u00e0 partir de 244 euros du 12 au 19 juillet, par exemple, \u00e0 Villeneuve-sur-Lot (Lot-et-Garonne), et le minibus \u00e0 476 euros la m\u00eame semaine \u00e0 M\u00e9rignac (Gironde).<\/p>\n<p class=\"fig-paragraph\">Les sites o\u00f9 des particuliers proposent leurs v\u00e9hicules, comme Getaround et Turo (ex-Ouicar), sont \u00e9galement une alternative. Chez ce dernier, la semaine en juillet revient actuellement \u00e0 287 euros \u00e0 l\u2019a\u00e9roport de Nice, soit pr\u00e8s de cent euros de moins que chez un loueur traditionnel.<\/p>\n<p>R\u00e9server rapidement<\/p>\n<p class=\"fig-paragraph\">\u00ab Nous proposons des milliers de v\u00e9hicules partout sur le territoire, offrant surtout une solution l\u00e0 o\u00f9 il n\u2019y a aucune agence, dans les petites gares par exemple\u00a0\u00bb, souligne Antoine Lacharmoise, directeur g\u00e9n\u00e9ral de\u00a0<a href=\"http:\/\/www.lefigaro.fr\/societes\/autopartage-l-americain-turo-rachete-ouicar-20220601\" data-fig-type=\"NewsFlash\" data-gtm-custom-categorie=\"navigation\" data-gtm-custom-action=\"crossclick\" data-gtm-custom-label=\"Contextuel\" data-gtm-event=\"customEventSPE\" data-fig-domain=\"LEFIGARO\" target=\"_blank\" rel=\"noopener\">Turo<\/a>\u00a0en France. \u00ab M\u00eame si la plupart d\u2019entre nous ont d\u2019abord les yeux riv\u00e9s sur les ponts d\u2019avril et mai, c\u2019est le bon moment pour r\u00e9server son v\u00e9hicule pour les vacances d\u2019\u00e9t\u00e9 afin de b\u00e9n\u00e9ficier de tarifs avantageux et d\u2019une offre large\u00a0\u00bb, invite-t-il.<\/p>\n<p class=\"fig-paragraph\">D\u2019autant plus que la demande peut rapidement \u00e9voluer\u00a0: le comparateur Kayak constate que la part des recherches pour une location de voiture en France a augment\u00e9 de 8% en un an, en ligne avec l\u2019int\u00e9r\u00eat croissant observ\u00e9 pour les vols domestiques, et observe d\u00e9j\u00e0 une hausse des prix, de 3%. \u00ab Les destinations corses figurent parmi les plus recherch\u00e9es, aux c\u00f4t\u00e9s de Nice. La r\u00e9gion Occitanie semble attirer de plus en plus de voyageurs fran\u00e7ais, avec une augmentation des recherches de 31% pour Perpignan et de 21% pour Avignon\u00a0\u00bb, explique Eva Fouquet, senior vice-pr\u00e9sident de Kayak, invitant, elle aussi, \u00e0 trouver chaussure \u00e0 son pied au plus vite.<\/p>\n<p><strong>Location de voiture cet \u00e9t\u00e9 en France\u00a0: les 10 villes les plus ch\u00e8res pour une semaine de location<\/strong><\/p>\n<tr>\n<td><strong>Ville<\/strong><\/td>\n<td><strong>Tarif moyen semaine<\/strong><\/td>\n<td><strong>Variation\/2024<\/strong><\/td>\n<td><strong>Variation\/2019<\/strong><\/td>\n<\/tr>\n<tr>\n<td>Nice<\/td>\n<td>378 \u20ac<\/td>\n<td>-6,2%<\/td>\n<td>+58,2%<\/td>\n<\/tr>\n<tr>\n<td>Biarritz<\/td>\n<td>365 \u20ac<\/td>\n<td>-16,1%<\/td>\n<td>+42%<\/td>\n<\/tr>\n<tr>\n<td>Bordeaux<\/td>\n<td>346 \u20ac<\/td>\n<td>-18%<\/td>\n<td>+6,8%<\/td>\n<\/tr>\n<tr>\n<td>Nantes<\/td>\n<td>346 \u20ac<\/td>\n<td>-1,7%<\/td>\n<td>+14,2%<\/td>\n<\/tr>\n<tr>\n<td>Aix-en-Provence<\/td>\n<td>335 \u20ac<\/td>\n<td>-1,5%<\/td>\n<td>+21,8%<\/td>\n<\/tr>\n<tr>\n<td>Montpellier<\/td>\n<td>335 \u20ac<\/td>\n<td>-9,2%<\/td>\n<td>+13,4%<\/td>\n<\/tr>\n<tr>\n<td>Paris<\/td>\n<td>333 \u20ac<\/td>\n<td>-10,5%<\/td>\n<td>+13,7%<\/td>\n<\/tr>\n<tr>\n<td>Avignon<\/td>\n<td>331 \u20ac<\/td>\n<td>-14,2%<\/td>\n<td>+1,8%<\/td>\n<\/tr>\n<tr>\n<td>Grenoble<\/td>\n<td>328 \u20ac<\/td>\n<td>-2,4%<\/td>\n<td>+42,6%<\/td>\n<\/tr>\n<tr>\n<td>Toulon<\/td>\n<td>328 \u20ac<\/td>\n<td>-2,4%<\/td>\n<td>+16,3%<\/td>\n<\/tr>\n<p><strong>Location de voiture cet \u00e9t\u00e9 en France\u00a0: les 10 villes les moins ch\u00e8res pour une semaine de location<\/strong><\/p>\n<tr>\n<td><strong>Ville<\/strong><\/td>\n<td><strong>Tarif moyen semaine<\/strong><\/td>\n<td><strong>Variation\/2024<\/strong><\/td>\n<td><strong>Variation\/2019<\/strong><\/td>\n<\/tr>\n<tr>\n<td>Lille<\/td>\n<td>265 \u20ac<\/td>\n<td>-4%<\/td>\n<td>+11,3%<\/td>\n<\/tr>\n<tr>\n<td>Brest<\/td>\n<td>275 \u20ac<\/td>\n<td>-3,5%<\/td>\n<td>+36,1%<\/td>\n<\/tr>\n<tr>\n<td>Mulhouse<\/td>\n<td>284 \u20ac<\/td>\n<td>-0,4%<\/td>\n<td>+42%<\/td>\n<\/tr>\n<tr>\n<td>Ajaccio<\/td>\n<td>284 \u20ac<\/td>\n<td>-7,2%<\/td>\n<td>+22,9%<\/td>\n<\/tr>\n<tr>\n<td>Rennes<\/td>\n<td>287 \u20ac<\/td>\n<td>-3,9%<\/td>\n<td>+2,1%<\/td>\n<\/tr>\n<tr>\n<td>Toulouse<\/td>\n<td>303 \u20ac<\/td>\n<td>-2,3%<\/td>\n<td>+9%<\/td>\n<\/tr>\n<tr>\n<td>Bastia<\/td>\n<td>304 \u20ac<\/td>\n<td>-3,2%<\/td>\n<td>+48,3%<\/td>\n<\/tr>\n<tr>\n<td>N\u00eemes<\/td>\n<td>314 \u20ac<\/td>\n<td>-14,9%<\/td>\n<td>+14,6%<\/td>\n<\/tr>\n<tr>\n<td>Lyon<\/td>\n<td>321 \u20ac<\/td>\n<td>-3,6%<\/td>\n<td>+23,5%<\/td>\n<\/tr>\n<tr>\n<td>Strasbourg<\/td>\n<td>324 \u20ac<\/td>\n<td>-4,4%<\/td>\n<td>+28,7%<\/td>\n<\/tr>\n","protected":false},"excerpt":{"rendered":"Le comparateur Carigami publie un classement des villes o\u00f9 vous d\u00e9bourserez le plus et le moins pour vous&hellip;\n","protected":false},"author":2,"featured_media":3425,"comment_status":"","ping_status":"","sticky":false,"template":"","format":"standard","meta":{"footnotes":""},"categories":[4],"tags":[608,607,609,610,11,604,605,603,606,1011,27,2452,12,25,611,2453],"class_list":{"0":"post-3424","1":"post","2":"type-post","3":"status-publish","4":"format-standard","5":"has-post-thumbnail","7":"category-france","8":"tag-activite-de-plein-air","9":"tag-activite-loisirs","10":"tag-activite-plein-air-enfant","11":"tag-activites-loisirs","12":"tag-actualites","13":"tag-agenda-brocantes","14":"tag-chasse-et-peche","15":"tag-circuits-randonnees","16":"tag-decouverte-du-patrimoine","17":"tag-fr","18":"tag-france","19":"tag-location-de-voitures","20":"tag-news","21":"tag-republique-francaise","22":"tag-sorties-famille","23":"tag-vacances-dete"},"share_on_mastodon":{"url":"https:\/\/pubeurope.com\/@fr\/114281813329017801","error":""},"_links":{"self":[{"href":"https:\/\/www.europesays.com\/fr\/wp-json\/wp\/v2\/posts\/3424","targetHints":{"allow":["GET"]}}],"collection":[{"href":"https:\/\/www.europesays.com\/fr\/wp-json\/wp\/v2\/posts"}],"about":[{"href":"https:\/\/www.europesays.com\/fr\/wp-json\/wp\/v2\/types\/post"}],"author":[{"embeddable":true,"href":"https:\/\/www.europesays.com\/fr\/wp-json\/wp\/v2\/users\/2"}],"replies":[{"embeddable":true,"href":"https:\/\/www.europesays.com\/fr\/wp-json\/wp\/v2\/comments?post=3424"}],"version-history":[{"count":0,"href":"https:\/\/www.europesays.com\/fr\/wp-json\/wp\/v2\/posts\/3424\/revisions"}],"wp:featuredmedia":[{"embeddable":true,"href":"https:\/\/www.europesays.com\/fr\/wp-json\/wp\/v2\/media\/3425"}],"wp:attachment":[{"href":"https:\/\/www.europesays.com\/fr\/wp-json\/wp\/v2\/media?parent=3424"}],"wp:term":[{"taxonomy":"category","embeddable":true,"href":"https:\/\/www.europesays.com\/fr\/wp-json\/wp\/v2\/categories?post=3424"},{"taxonomy":"post_tag","embeddable":true,"href":"https:\/\/www.europesays.com\/fr\/wp-json\/wp\/v2\/tags?post=3424"}],"curies":[{"name":"wp","href":"https:\/\/api.w.org\/{rel}","templated":true}]}}