{"id":342402,"date":"2025-08-25T08:33:12","date_gmt":"2025-08-25T08:33:12","guid":{"rendered":"https:\/\/www.europesays.com\/fr\/342402\/"},"modified":"2025-08-25T08:33:12","modified_gmt":"2025-08-25T08:33:12","slug":"ce-que-contient-la-lettre-de-lambassadeur-americain-charles-kushner","status":"publish","type":"post","link":"https:\/\/www.europesays.com\/fr\/342402\/","title":{"rendered":"ce que contient la lettre de l&rsquo;ambassadeur am\u00e9ricain Charles Kushner"},"content":{"rendered":"<p>Les relations se tendent entre la France et les \u00c9tats-Unis. Quelques jours seulement apr\u00e8s <a class=\"Link\" href=\"https:\/\/www.lepoint.fr\/monde\/accusation-d-antisemitisme-rien-ne-va-plus-entre-emmanuel-macron-et-benyamin-netanyahou-20-08-2025-2596686_24.php\" title=\"\" data-gtm=\"click:capsule\" data-capsule=\"Lien\" rel=\"nofollow noopener\" target=\"_blank\">une passe d&rsquo;armes entre Emmanuel Macron et Benyamin Netanyahou<\/a> sur le m\u00eame sujet, Paris et Washington se d\u00e9chirent sur le traitement de l&rsquo;antis\u00e9misme par la France. Tant et si bien que le Quai d&rsquo;Orsay a convoqu\u00e9\u00a0<a class=\"Link\" href=\"https:\/\/www.lepoint.fr\/monde\/fraude-fiscale-chantage-a-la-sextape-qui-est-charles-kushner-le-nouvel-ambassadeur-americain-en-france-nomme-par-donald-trump-20-05-2025-2590043_24.php\" title=\"\" data-gtm=\"click:capsule\" data-capsule=\"Lien\" rel=\"nofollow noopener\" target=\"_blank\">l&rsquo;ambassadeur nord-am\u00e9ricain Charles Kushner<\/a> ce lundi\u00a025\u00a0ao\u00fbt. Rarissime.<\/p>\n<p>En cause\u00a0: ses commentaires \u00ab\u00a0inacceptables\u00a0\u00bb \u00e0 l&rsquo;encontre d&rsquo;<a class=\"Link\" href=\"https:\/\/www.lepoint.fr\/tags\/emmanuel-macron\" data-gtm=\"click:capsule\" data-capsule=\"Lien\" rel=\"nofollow noopener\" target=\"_blank\">Emmanuel Macron<\/a>, apr\u00e8s que le diplomate a fustig\u00e9 dans une lettre son \u00ab\u00a0absence d&rsquo;action suffisante\u00a0\u00bb dans la lutte contre l&rsquo;antis\u00e9mitisme. Dans un communiqu\u00e9, le minist\u00e8re des Affaires \u00e9trang\u00e8res souligne que \u00ab\u00a0la France r\u00e9fute fermement ces all\u00e9gations\u00a0\u00bb et que \u00ab\u00a0la mont\u00e9e des actes antis\u00e9mites depuis le\u00a07\u00a0octobre\u00a02023\u00a0est une r\u00e9alit\u00e9 que nous d\u00e9plorons et sur laquelle les autorit\u00e9s fran\u00e7aises font preuve d&rsquo;une mobilisation totale, tant ces actes sont intol\u00e9rables\u00a0\u00bb.<\/p>\n<p>L&rsquo;ambassadeur d\u00e9nonce un \u00ab\u00a0manque d&rsquo;action suffisante\u00a0\u00bb<\/p>\n<p>Tout est parti d&rsquo;un courrier de l&rsquo;ambassadeur paru dans le <a class=\"Link\" href=\"https:\/\/www.wsj.com\/opinion\/a-letter-to-emmanuel-macron-cf01bc5e\" target=\"_blank\" title=\"\" data-gtm=\"click:capsule\" data-capsule=\"Lien\" rel=\"nofollow noopener\">Wall Street Journal<\/a>. Dans celui-ci, Charles Kushner exprime sa \u00ab\u00a0profonde inqui\u00e9tude face \u00e0 la mont\u00e9e spectaculaire de l&rsquo;antis\u00e9mitisme en France\u00a0\u00bb, et d\u00e9nonce \u00ab\u00a0le manque d&rsquo;action suffisante (du) gouvernement pour y faire face\u00a0\u00bb. Selon lui, \u00ab\u00a0en France, il ne se passe pas un jour sans que des Juifs soient agress\u00e9s dans la rue, des synagogues ou des \u00e9coles profan\u00e9es, ou des commerces appartenant \u00e0 des Juifs vandalis\u00e9s\u00a0\u00bb, et les \u00ab\u00a0extr\u00e9mistes et militants radicaux pro-Hamas m\u00e8nent depuis le\u00a07\u00a0octobre\u00a02023\u00a0une campagne d&rsquo;intimidation et de violence \u00e0 travers l&rsquo;Europe\u00a0\u00bb.<\/p>\n<p>Pour l&rsquo;ambassadeur, la <a class=\"Link\" href=\"https:\/\/www.lepoint.fr\/politique\/reconnaissance-d-un-etat-palestinien-les-raisons-du-revirement-d-emmanuel-macron-31-07-2025-2595482_20.php\" title=\"\" data-gtm=\"click:capsule\" data-capsule=\"Lien\" rel=\"nofollow noopener\" target=\"_blank\">volont\u00e9 du pr\u00e9sident de la R\u00e9publique de reconna\u00eetre un \u00c9tat de Palestine<\/a> \u00e0 la rentr\u00e9e aggraverait la situation\u00a0: \u00ab\u00a0Les d\u00e9clarations publiques harcelant Isra\u00ebl et les gestes en faveur de la reconnaissance d&rsquo;un \u00c9tat palestinien enhardissent les extr\u00e9mistes, attisent la violence et mettent en danger la vie juive en France\u00a0\u00bb, assure-t-il dans sa lettre ouverte. Et de reprendre l&rsquo;argumentaire du Premier ministre isra\u00e9lien Benyamin Netanyahou\u00a0: \u00ab\u00a0Dans le monde d&rsquo;aujourd&rsquo;hui, l&rsquo;antisionisme est tout simplement de l&rsquo;antis\u00e9mitisme.\u00a0\u00bb<\/p>\n<p>Celui qui n&rsquo;est autre que le p\u00e8re de <a class=\"Link\" href=\"https:\/\/www.lepoint.fr\/monde\/jared-kushner-le-gendre-de-donald-trump-revele-ses-secrets-31-08-2022-2487979_24.php\" title=\"\" data-gtm=\"click:capsule\" data-capsule=\"Lien\" rel=\"nofollow noopener\" target=\"_blank\">Jared Kushner, le gendre de Donald Trump<\/a>, a \u00e9galement soulign\u00e9\u00a0: \u00ab\u00a0Le pr\u00e9sident et moi avons des enfants juifs et des petits-enfants juifs.\u00a0\u00bb Et a f\u00e9licit\u00e9 les actions du milliardaire de l&rsquo;immobilier contre l&rsquo;antis\u00e9mitisme. Il s&rsquo;inscrit ainsi dans la ligne de l&rsquo;administration Trump\u00a0: \u00e0 l&rsquo;annonce d&rsquo;Emmanuel Macron sur la reconnaissance de la Palestine, le dirigeant nord-am\u00e9ricain avait r\u00e9agi en affirmant que \u00ab\u00a0cela (n&rsquo;allait) rien changer\u00a0\u00bb et que \u00ab\u00a0sa d\u00e9claration n&rsquo;avait aucun poids\u00a0\u00bb. Son secr\u00e9taire d&rsquo;\u00c9tat Marco Rubio avait de son c\u00f4t\u00e9 rejet\u00e9 \u00ab\u00a0fermement\u00a0\u00bb ce projet, estimant qu&rsquo;il s&rsquo;agissait d&rsquo;un \u00ab\u00a0camouflet pour les victimes du\u00a07\u00a0Octobre\u00a0\u00bb et d&rsquo;une d\u00e9cision \u00ab\u00a0imprudente\u00a0\u00bb.<\/p>\n<p>Une entorse \u00e0 la Convention de Vienne<\/p>\n<p>Dans son courrier, Charles Kushner \u00ab\u00a0exhorte\u00a0\u00bb \u00e9galement le pr\u00e9sident \u00e0 \u00ab\u00a0agir avec d\u00e9termination\u00a0\u00bb, c&rsquo;est-\u00e0-dire \u00e0 \u00ab\u00a0appliquer les lois contre les crimes haineux sans exception\u00a0; garantir la s\u00e9curit\u00e9 des \u00e9coles, des synagogues et des entreprises juives\u00a0; poursuivre les contrevenants dans toute la mesure du possible\u00a0; et abandonner les mesures qui donnent une l\u00e9gitimit\u00e9 au Hamas et \u00e0 ses alli\u00e9s.\u00a0\u00bb Et le diplomate d&rsquo;indiquer se tenir \u00ab\u00a0pr\u00eat \u00e0 travailler avec vous et avec les dirigeants de la soci\u00e9t\u00e9 fran\u00e7aise pour \u00e9laborer un plan s\u00e9rieux qui s&rsquo;attaque aux racines de l&rsquo;antis\u00e9mitisme et le vaincra.\u00a0\u00bb<\/p>\n<p>\n\u00c0 D\u00e9couvrir<br \/>\n<strong class=\"discover-kangourou__line\"><br \/>\n<img decoding=\"async\" class=\"discover-kangourou__img\" src=\"https:\/\/static.lpnt.fr\/static\/img\/kangourou\/kangourou_filled.svg\"\/><br \/>\n<strong class=\"discover-kangourou__txt\"><br \/>\n<strong>Le Kangourou du jour<\/strong><br \/>\n<a href=\"https:\/\/kangourou.lepoint.fr\" title=\"kangourou\" data-gtm-cta=\"kangourou_article\" class=\"discover-kangourou__lnk\" rel=\"nofollow noopener\" target=\"_blank\"><br \/>\nR\u00e9pondre<br \/>\n<\/a><br \/>\n<\/strong><br \/>\n<\/strong><br \/>\nDes all\u00e9gations et recommandations qui ne plaisent pas au Quai d&rsquo;Orsay. Dans son communiqu\u00e9, celui-ci mart\u00e8le \u00e9galement que les all\u00e9gations de Charles Kushner \u00ab\u00a0vont \u00e0 l&rsquo;encontre du droit international, en particulier du devoir de ne pas s&rsquo;immiscer dans les affaires int\u00e9rieures des \u00c9tats pr\u00e9vu par la Convention de Vienne de\u00a01961\u00a0qui r\u00e9git les relations diplomatiques\u00a0\u00bb.<\/p>\n<p>En effet, l&rsquo;article\u00a041\u00a0du trait\u00e9 qui fixe plusieurs r\u00e8gles de droit international en mati\u00e8re de relations diplomatiques stipule que \u00ab\u00a0toutes les personnes qui b\u00e9n\u00e9ficient de ces privil\u00e8ges et immunit\u00e9s ont le devoir de respecter les lois et r\u00e8glements de l&rsquo;\u00c9tat accr\u00e9ditaire. Elles ont \u00e9galement le devoir de ne pas s&rsquo;immiscer dans les affaires int\u00e9rieures de cet \u00c9tat\u00a0\u00bb. Autrement dit, un ambassadeur n&rsquo;a pas le droit de commenter la politique int\u00e9rieure du pays dans lequel il est en poste, sous risque de protestations diplomatiques, voire de d\u00e9claration de persona non grata (qui reviendrait \u00e0 l&rsquo;expulsion du diplomate).<\/p>\n<p>Toute l\u2019actualit\u00e9 \u00e0 1\u20ac le premier mois<\/p>\n<p><a href=\"https:\/\/abo.lepoint.fr\/?provenance=21EDI020098\" class=\"btn\" title=\"S&#039;abonner\" data-gtm=\"click:abo|display:abo\" data-campaign=\"paywall_maison\" rel=\"nofollow noopener\" target=\"_blank\">S&rsquo;abonner<\/a><\/p>\n<p>ou<\/p>\n","protected":false},"excerpt":{"rendered":"Les relations se tendent entre la France et les \u00c9tats-Unis. Quelques jours seulement apr\u00e8s une passe d&rsquo;armes entre&hellip;\n","protected":false},"author":2,"featured_media":342403,"comment_status":"","ping_status":"","sticky":false,"template":"","format":"standard","meta":{"footnotes":""},"categories":[4],"tags":[11,75,1073,1011,27,12,25],"class_list":{"0":"post-342402","1":"post","2":"type-post","3":"status-publish","4":"format-standard","5":"has-post-thumbnail","7":"category-france","8":"tag-actualites","9":"tag-donald-trump","10":"tag-emmanuel-macron","11":"tag-fr","12":"tag-france","13":"tag-news","14":"tag-republique-francaise"},"share_on_mastodon":{"url":"https:\/\/pubeurope.com\/@fr\/115088484737093895","error":""},"_links":{"self":[{"href":"https:\/\/www.europesays.com\/fr\/wp-json\/wp\/v2\/posts\/342402","targetHints":{"allow":["GET"]}}],"collection":[{"href":"https:\/\/www.europesays.com\/fr\/wp-json\/wp\/v2\/posts"}],"about":[{"href":"https:\/\/www.europesays.com\/fr\/wp-json\/wp\/v2\/types\/post"}],"author":[{"embeddable":true,"href":"https:\/\/www.europesays.com\/fr\/wp-json\/wp\/v2\/users\/2"}],"replies":[{"embeddable":true,"href":"https:\/\/www.europesays.com\/fr\/wp-json\/wp\/v2\/comments?post=342402"}],"version-history":[{"count":0,"href":"https:\/\/www.europesays.com\/fr\/wp-json\/wp\/v2\/posts\/342402\/revisions"}],"wp:featuredmedia":[{"embeddable":true,"href":"https:\/\/www.europesays.com\/fr\/wp-json\/wp\/v2\/media\/342403"}],"wp:attachment":[{"href":"https:\/\/www.europesays.com\/fr\/wp-json\/wp\/v2\/media?parent=342402"}],"wp:term":[{"taxonomy":"category","embeddable":true,"href":"https:\/\/www.europesays.com\/fr\/wp-json\/wp\/v2\/categories?post=342402"},{"taxonomy":"post_tag","embeddable":true,"href":"https:\/\/www.europesays.com\/fr\/wp-json\/wp\/v2\/tags?post=342402"}],"curies":[{"name":"wp","href":"https:\/\/api.w.org\/{rel}","templated":true}]}}