{"id":342404,"date":"2025-08-25T08:34:35","date_gmt":"2025-08-25T08:34:35","guid":{"rendered":"https:\/\/www.europesays.com\/fr\/342404\/"},"modified":"2025-08-25T08:34:35","modified_gmt":"2025-08-25T08:34:35","slug":"la-derniere-de-mike-lorenzo-vera-et-de-nombreuses-stars-a-crans-sur-sierre-au-programme-de-la-semaine","status":"publish","type":"post","link":"https:\/\/www.europesays.com\/fr\/342404\/","title":{"rendered":"La derni\u00e8re de Mike Lorenzo-Vera et de nombreuses stars \u00e0 Crans-sur-Sierre au programme de la semaine"},"content":{"rendered":"<p>\t\t\t\t\t\t<img width=\"770\" height=\"560\" src=\"https:\/\/www.europesays.com\/fr\/wp-content\/uploads\/2025\/08\/mike-lorenzo-vera-770x560.jpg\" class=\"img-responsive wp-post-image\" alt=\"Mike Lorenzo-Vera Photo by ANGEL MARTINEZ \/ GETTY IMAGES EUROPE \/ Getty Images via AFP\" decoding=\"async\" fetchpriority=\"high\"  \/>\t\t\t\t\t<\/p>\n<p>\t\t\t\t\t\t Partager cet article <\/p>\n<p class=\"screen-reader-text juiz_sps_maybe_hidden_text\">Partager la publication \u00ab\u00a0La derni\u00e8re de Mike Lorenzo-Vera et de nombreuses stars \u00e0 Crans-sur-Sierre au programme de la semaine\u00a0\u00bb<\/p>\n<p><strong>Malgr\u00e9 un PGA Tour en pause, le programme de la semaine a fi\u00e8re allure. Le DP World Tour s\u2019arr\u00eate dans les Alpes suisses. Les Fran\u00e7aises du LPGA Tour ont rendez-vous dans le Massachusetts. De nombreux Bleus sont \u00e9galement \u00e0 surveiller en Su\u00e8de pour une nouvelle \u00e9tape de l\u2019HotelPlanner Tour.<\/strong><\/p>\n<p>\u00a0<\/p>\n<p>DP World Tour : Omega European Masters, Golf Club Crans-sur-Sierre, Crans-Montana, Suisse<\/p>\n<p><strong>Du 28 au 31 ao\u00fbt<\/strong><\/p>\n<p>\u00c0 la veille de l\u2019annonce de l\u2019\u00e9quipe europ\u00e9enne de <strong>Ryder Cup<\/strong>, l\u2019<strong>Omega European Masters<\/strong>, tant appr\u00e9ci\u00e9 des joueurs, accueille une nouvelle fois un tr\u00e8s beau champ : <strong>Alex Noren<\/strong>, qui vient de <a href=\"https:\/\/www.golfplanete.com\/actualites\/2-611-jours-plus-tard-alex-noren-renoue-avec-la-victoire-et-place-luke-donald-dans-lembarras\/\" target=\"_blank\" rel=\"noopener nofollow\">renouer avec la victoire au British Masters apr\u00e8s sept ans de disette<\/a>, les fr\u00e8res <strong>H\u00f8jgaard, Matthew Fitzpatrick, Wyndham Clark, Danny Willett<\/strong> ou encore le tenant du titre, <strong>Matt Wallace<\/strong>. Quinze Fran\u00e7ais sont du voyage dans le Valais dont <strong>Mike Lorenzo-Vera <\/strong>(photo), qui y dispute son dernier tournoi sur le <strong>DP World Tour<\/strong>.<\/p>\n<p>\t\t\t\t<img loading=\"lazy\" decoding=\"async\" src=\"data:image\/svg+xml,%3Csvg%20xmlns=\" http:=\"\" attributionsrc=\"\" border=\"0\" height=\"1\" width=\"1\" alt=\"Advertisement\" data-lazy-src=\"https:\/\/www.europesays.com\/fr\/wp-content\/uploads\/2025\/07\/B33047934.424844126;dc_trk_aid=615928068;dc_trk_cid=236605808;ord=[timestamp];dc_lat=;dc_rdid=;tag_f.gif\"\/><\/p>\n<p>\t\t\t\t\t<a id=\"179412\" href=\"https:\/\/ad.doubleclick.net\/ddm\/trackclk\/N1153799.3770024GOLFPLANATE\/B33047934.424844126;dc_trk_aid=615928068;dc_trk_cid=236605808;dc_lat=;dc_rdid=;tag_for_child_directed_treatment=;tfua=;gdpr=${GDPR};gdpr_consent=${GDPR_CONSENT_755};ltd=;dc_tdv=1\" target=\"_blank\" rel=\"sponsorised nofollow noopener\"><img decoding=\"async\" src=\"data:image\/svg+xml,%3Csvg%20xmlns=\" http:=\"\" class=\"img-responsive\" alt=\"\" data-lazy-src=\"https:\/\/www.europesays.com\/fr\/wp-content\/uploads\/2025\/07\/callaway-e01-apex-v1-1170x275-1.jpg\"\/><\/a><br \/>\nAsian Tour : Mandiri Indonesia Open, Pondok Indah Golf Course, Jakarta, Indon\u00e9sie<\/p>\n<p><strong>Du 28 au 31 ao\u00fbt<\/strong><\/p>\n<p>Les joueurs de l\u2019<strong>Asian Tour<\/strong> vont enfin encha\u00eener les tournois jusqu\u2019\u00e0 la fin de l\u2019ann\u00e9e. Ils n\u2019ont eu droit qu\u2019\u00e0 une seule \u00e9preuve lors des trois derniers mois. Ils ont rendez-vous cette semaine en Indon\u00e9sie pour une \u00e9preuve dot\u00e9e de 500 000 dollars. <strong>Jo\u00ebl Stalter <\/strong>et<strong> Gary Stal<\/strong> sont du voyage dans le sud-est de l\u2019Asie.<\/p>\n<p>\t\t\t\t\t<a id=\"174987\" href=\"https:\/\/www.sudfrancegolf.com\/fr\/\" target=\"_blank\" rel=\"sponsorised nofollow noopener\"><img decoding=\"async\" src=\"data:image\/svg+xml,%3Csvg%20xmlns=\" http:=\"\" class=\"img-responsive\" alt=\"\" data-lazy-src=\"https:\/\/www.europesays.com\/fr\/wp-content\/uploads\/2025\/06\/giesudfrancegolf-e02-egolf-pass-2025-v2-1170x275-1.gif\"\/><\/a><br \/>\nLPGA : FM Championship, TPC Boston, Norton, Massachusetts<\/p>\n<p><strong>Du 28 au 31 ao\u00fbt<\/strong><\/p>\n<p>Ce <strong>FM Championship<\/strong> attire une nouvelle fois le gratin du golf f\u00e9minin avec son prize money de 4,1 millions de dollars. <strong>Pauline Roussin-Bouchard<\/strong>, <strong>Perrine Delacour <\/strong>et<strong> C\u00e9line Boutier<\/strong> y affrontent notamment <strong>Nelly Korda, Jeeno Thitikul <\/strong>et<strong> Jin Young Ko<\/strong>.<\/p>\n<p>\t\t\t\t\t<a id=\"179394\" href=\"https:\/\/eu.ping.com\/fr-fr\/clubs\/irons\/i240\" target=\"_blank\" rel=\"sponsorised nofollow noopener\"><img decoding=\"async\" src=\"data:image\/svg+xml,%3Csvg%20xmlns=\" http:=\"\" class=\"img-responsive\" alt=\"\" data-lazy-src=\"https:\/\/www.europesays.com\/fr\/wp-content\/uploads\/2025\/07\/ping-e06-fers-i240-1170x275-1.jpg\"\/><\/a><br \/>\nHotelPlanner Tour : Dormy Open, Upsala Golf Club, Uppsala, Su\u00e8de<\/p>\n<p><strong>Du 28 au 31 ao\u00fbt<\/strong><\/p>\n<p>La Su\u00e8de, et plus particuli\u00e8rement l\u2019<strong>Uppsala Golf Club<\/strong> au nord de Stockholm, accueille la 23e \u00e9preuve de la saison de l\u2019<strong>HotelPlanner Tour<\/strong> (ex-<strong>Challenge Tour<\/strong>). Si le meilleur Tricolore \u00e0 la <strong>Road to Mallorca<\/strong>, <strong>Oihan Guillamoundeguy<\/strong>, fait l\u2019impasse, une dizaine de ses compatriotes est de la partie.<\/p>\n<p>\t\t\t\t\t<a id=\"181434\" href=\"https:\/\/www.omegaeuropeanmasters.com\/fr\/tickets\/tickets\" target=\"_blank\" rel=\"sponsorised nofollow noopener\"><img fetchpriority=\"high\" decoding=\"async\" src=\"https:\/\/www.europesays.com\/fr\/wp-content\/uploads\/2025\/08\/omegamasters-e02-billetterie-om25-1170x275-1.jpg\" class=\"img-responsive\" alt=\"\"\/><\/a><br \/>\nPro Golf Tour : Stippelberg Open 2025, Golfbaan Stippelberg, Bakel, Pays-Bas<\/p>\n<p><strong>Du 26 au 28 ao\u00fbt<\/strong><\/p>\n<p>Le triptyque n\u00e9erlandais se termine ce jeudi par un tournoi sur un court par 70. <strong>Cl\u00e9ment Guichard<\/strong> est toujours en t\u00eate de la mini-race de cette tourn\u00e9e qui permet au meilleur joueur de se qualifier pour le prochain <strong>KLM Open<\/strong> comptant pour le <strong>DP World Tour<\/strong>. Trente-trois Fran\u00e7ais sont attendus au d\u00e9part.<\/p>\n<p>LETAS : Women\u2019s Irish Challenge, Malahide Golf Club, Malahide, Irlande<\/p>\n<p><strong>Du 27 au 29 ao\u00fbt<\/strong><\/p>\n<p>Les joueuses du <strong>LETAS<\/strong> retrouvent les fairways apr\u00e8s avoir profit\u00e9 d\u2019une semaine de break. C\u2019est en Irlande, \u00e0 quelques encablures de Dublin, que <strong>Charlotte Liautier<\/strong> et neuf de ses compatriotes vont tenter de mettre la main sur la plus grosse partie des 45 000 \u20ac mis en jeu.<\/p>\n<p>\u00a0<\/p>\n<p>\u00a0<\/p>\n<p>PGA Tour : Pause<\/p>\n<p>Prochain tournoi\u00a0: Procore Championship, Silverado Resort (North Course), Napa, Californie<\/p>\n<p><strong>Du 11 au 14 septembre<\/strong><\/p>\n<p>\t\t\t\t\t<a id=\"181417\" href=\"https:\/\/cabotbordeaux.com\/fr\/booking\/training-golf\" target=\"_blank\" rel=\"sponsorised nofollow noopener\"><img decoding=\"async\" src=\"data:image\/svg+xml,%3Csvg%20xmlns=\" http:=\"\" class=\"img-responsive\" alt=\"\" data-lazy-src=\"https:\/\/www.europesays.com\/fr\/wp-content\/uploads\/2025\/08\/cabot-e04-stage-septembre-1170x275-1.gif\"\/><\/a><br \/>\nLET : Pause<\/p>\n<p>Prochain tournoi\u00a0: Aramco Houston Championship, Golfcrest Country Club, Pearland, Texas<\/p>\n<p><strong>Du 5 au 7 septembre<\/strong><\/p>\n<p>\t\t\t\t\t<a id=\"177181\" href=\"http:\/\/charleskent-golf.com\/andalucia-majors\/\" target=\"_blank\" rel=\"sponsorised nofollow noopener\"><img decoding=\"async\" src=\"data:image\/svg+xml,%3Csvg%20xmlns=\" http:=\"\" class=\"img-responsive\" alt=\"\" data-lazy-src=\"https:\/\/www.europesays.com\/fr\/wp-content\/uploads\/2025\/06\/charleskent-e03-andalucia-majors-1170x275-1.gif\"\/><\/a><br \/>\nKorn Ferry Tour : Pause<\/p>\n<p>Prochain tournoi\u00a0: Simmons Bank Open for the Snedeker Foundation, Vanderbilt Legends Club, Franklin, Tennessee<\/p>\n<p><strong>Du 11 au 14 septembre<\/strong><\/p>\n<p>\t\t\t\t\t<a id=\"181972\" href=\"https:\/\/www.azurgolftravel.com\/proamdepalsoct25\" target=\"_blank\" rel=\"sponsorised nofollow noopener\"><img decoding=\"async\" src=\"data:image\/svg+xml,%3Csvg%20xmlns=\" http:=\"\" class=\"img-responsive\" alt=\"\" data-lazy-src=\"https:\/\/www.europesays.com\/fr\/wp-content\/uploads\/2025\/08\/azurgolftravel-e01-proam-catalogne-1170x275-1.jpeg\"\/><\/a><br \/>\nAlps Tour : Pause<\/p>\n<p>Prochain tournoi\u00a0: 2025 Longwy Alps Open, UGolf Longwy International, Longwy, Meurthe-et-Moselle<\/p>\n<p><strong>Du 4 au 6 septembre<\/strong><\/p>\n<p>\t\t\t\t\t<a id=\"182585\" href=\"https:\/\/www.golfcapdagde.com\/\" target=\"_blank\" rel=\"sponsorised nofollow noopener\"><img decoding=\"async\" src=\"data:image\/svg+xml,%3Csvg%20xmlns=\" http:=\"\" class=\"img-responsive\" alt=\"\" data-lazy-src=\"https:\/\/www.europesays.com\/fr\/wp-content\/uploads\/2025\/06\/capdagdegolf-e01-experience-golf-1170x275-1.gif\"\/><\/a><br \/>\nEpson Tour : Pause<\/p>\n<p>Prochain tournoi\u00a0: Guardian Championship, RTJ Golf Trail at Capitol Hill, Prattville, Alabama<\/p>\n<p><strong>Du 12 au 14 septembre<\/strong><\/p>\n<p>\t\t\t\t\t<a id=\"180479\" href=\"https:\/\/www.swing.fr\/voyage\/35-14eme-edition-des-doubles-gosset-by-beachcomber\" target=\"_blank\" rel=\"sponsorised nofollow noopener\"><img decoding=\"async\" src=\"data:image\/svg+xml,%3Csvg%20xmlns=\" http:=\"\" class=\"img-responsive\" alt=\"\" data-lazy-src=\"https:\/\/www.europesays.com\/fr\/wp-content\/uploads\/2025\/07\/beachcomber-e01-doubles-gosset-26-1170x275-1.jpg\"\/><\/a><br \/>\nTGL : Saison termin\u00e9e<\/p>\n<p>\u00a0<\/p>\n<p>\u00a0<\/p>\n<p>\u00a0<\/p>\n<p>\u00a9ANGEL MARTINEZ \/ GETTY IMAGES EUROPE \/ Getty Images via AFP<\/p>\n","protected":false},"excerpt":{"rendered":"Partager cet article Partager la publication \u00ab\u00a0La derni\u00e8re de Mike Lorenzo-Vera et de nombreuses stars \u00e0 Crans-sur-Sierre au&hellip;\n","protected":false},"author":2,"featured_media":342405,"comment_status":"","ping_status":"","sticky":false,"template":"","format":"standard","meta":{"footnotes":""},"categories":[1418],"tags":[1011,27,1472,60],"class_list":{"0":"post-342404","1":"post","2":"type-post","3":"status-publish","4":"format-standard","5":"has-post-thumbnail","7":"category-golf","8":"tag-fr","9":"tag-france","10":"tag-golf","11":"tag-sports"},"share_on_mastodon":{"url":"https:\/\/pubeurope.com\/@fr\/115088488246804611","error":""},"_links":{"self":[{"href":"https:\/\/www.europesays.com\/fr\/wp-json\/wp\/v2\/posts\/342404","targetHints":{"allow":["GET"]}}],"collection":[{"href":"https:\/\/www.europesays.com\/fr\/wp-json\/wp\/v2\/posts"}],"about":[{"href":"https:\/\/www.europesays.com\/fr\/wp-json\/wp\/v2\/types\/post"}],"author":[{"embeddable":true,"href":"https:\/\/www.europesays.com\/fr\/wp-json\/wp\/v2\/users\/2"}],"replies":[{"embeddable":true,"href":"https:\/\/www.europesays.com\/fr\/wp-json\/wp\/v2\/comments?post=342404"}],"version-history":[{"count":0,"href":"https:\/\/www.europesays.com\/fr\/wp-json\/wp\/v2\/posts\/342404\/revisions"}],"wp:featuredmedia":[{"embeddable":true,"href":"https:\/\/www.europesays.com\/fr\/wp-json\/wp\/v2\/media\/342405"}],"wp:attachment":[{"href":"https:\/\/www.europesays.com\/fr\/wp-json\/wp\/v2\/media?parent=342404"}],"wp:term":[{"taxonomy":"category","embeddable":true,"href":"https:\/\/www.europesays.com\/fr\/wp-json\/wp\/v2\/categories?post=342404"},{"taxonomy":"post_tag","embeddable":true,"href":"https:\/\/www.europesays.com\/fr\/wp-json\/wp\/v2\/tags?post=342404"}],"curies":[{"name":"wp","href":"https:\/\/api.w.org\/{rel}","templated":true}]}}