{"id":342406,"date":"2025-08-25T08:35:12","date_gmt":"2025-08-25T08:35:12","guid":{"rendered":"https:\/\/www.europesays.com\/fr\/342406\/"},"modified":"2025-08-25T08:35:12","modified_gmt":"2025-08-25T08:35:12","slug":"volley-ball-les-yellow-tigers-battent-la-slovaquie-3-0-et-valident-leur-qualification-pour-les-huitiemes-de-finale-du-championnat-du-monde","status":"publish","type":"post","link":"https:\/\/www.europesays.com\/fr\/342406\/","title":{"rendered":"Volley-Ball : les Yellow Tigers battent la Slovaquie 3-0 et valident leur qualification pour les huiti\u00e8mes de finale du championnat du monde"},"content":{"rendered":"<p>Le premier set est rest\u00e9 \u00e9quilibr\u00e9 jusqu&rsquo;\u00e0 16-16, moment choisi par les joueuses de <strong>Kris Vansnick<\/strong> pour prendre le large et filer vers la victoire (25-19). Dans le deuxi\u00e8me set, les Tigers ont men\u00e9 9-4 et gard\u00e9 leurs adversaires \u00e0 distance jusqu&rsquo;au bout (25-17). Le troisi\u00e8me set a \u00e9t\u00e9 presqu&rsquo;\u00e0 sens unique, les Tigers s&rsquo;envolant d&#8217;embl\u00e9e \u00e0 11-2 avant de voir revenir les Slovaques \u00e0 22-18, et de conclure 25-18. \u00a0<\/p>\n<p><strong>Britt Herbots <\/strong>a totalis\u00e9 21 points et <strong>Silke Van Avermaet<\/strong> en a r\u00e9alis\u00e9\u00a012. La Belgique signe ainsi un deuxi\u00e8me succ\u00e8s en autant de rencontres apr\u00e8s sa victoire 3-0 (25-23, 25-14, 25-11) contre Cuba en ouverture de ce championnat du monde. \u00a0<\/p>\n<p>Plus t\u00f4t dans la journ\u00e9e, l&rsquo;Italie, Num\u00e9ro 1\u00a0mondiale, a domin\u00e9 Cuba (FIVB 29) en trois sets (25-9, 25-8, 25-16). Les championnes olympiques comptent \u00e9galement deux victoires. Les Belges et les Italiennes s&rsquo;affronteront pour la premi\u00e8re place du groupe mardi \u00e0 12h00 (heure belge). \u00a0<\/p>\n<p>Les deux premiers de chacun des huit groupes de quatre \u00e9quipes se hisseront en huiti\u00e8mes de finale. La poule des Belges croise avec celle compos\u00e9e de l&rsquo;Allemagne, du Kenya, de la Pologne et du Vietnam. La Belgique avait pris la neuvi\u00e8me place de la derni\u00e8re \u00e9dition, en 2022, aux Pays-Bas et en Pologne. Le tournoi s&rsquo;\u00e9tait jou\u00e9 sous une formule diff\u00e9rente, avec deux phases de groupes avant les quarts de finale.<\/p>\n","protected":false},"excerpt":{"rendered":"Le premier set est rest\u00e9 \u00e9quilibr\u00e9 jusqu&rsquo;\u00e0 16-16, moment choisi par les joueuses de Kris Vansnick pour prendre&hellip;\n","protected":false},"author":2,"featured_media":342407,"comment_status":"","ping_status":"","sticky":false,"template":"","format":"standard","meta":{"footnotes":""},"categories":[1417],"tags":[1011,27,60,1470,1469],"class_list":{"0":"post-342406","1":"post","2":"type-post","3":"status-publish","4":"format-standard","5":"has-post-thumbnail","7":"category-volley","8":"tag-fr","9":"tag-france","10":"tag-sports","11":"tag-volley","12":"tag-volleyball"},"share_on_mastodon":{"url":"https:\/\/pubeurope.com\/@fr\/115088492042688939","error":""},"_links":{"self":[{"href":"https:\/\/www.europesays.com\/fr\/wp-json\/wp\/v2\/posts\/342406","targetHints":{"allow":["GET"]}}],"collection":[{"href":"https:\/\/www.europesays.com\/fr\/wp-json\/wp\/v2\/posts"}],"about":[{"href":"https:\/\/www.europesays.com\/fr\/wp-json\/wp\/v2\/types\/post"}],"author":[{"embeddable":true,"href":"https:\/\/www.europesays.com\/fr\/wp-json\/wp\/v2\/users\/2"}],"replies":[{"embeddable":true,"href":"https:\/\/www.europesays.com\/fr\/wp-json\/wp\/v2\/comments?post=342406"}],"version-history":[{"count":0,"href":"https:\/\/www.europesays.com\/fr\/wp-json\/wp\/v2\/posts\/342406\/revisions"}],"wp:featuredmedia":[{"embeddable":true,"href":"https:\/\/www.europesays.com\/fr\/wp-json\/wp\/v2\/media\/342407"}],"wp:attachment":[{"href":"https:\/\/www.europesays.com\/fr\/wp-json\/wp\/v2\/media?parent=342406"}],"wp:term":[{"taxonomy":"category","embeddable":true,"href":"https:\/\/www.europesays.com\/fr\/wp-json\/wp\/v2\/categories?post=342406"},{"taxonomy":"post_tag","embeddable":true,"href":"https:\/\/www.europesays.com\/fr\/wp-json\/wp\/v2\/tags?post=342406"}],"curies":[{"name":"wp","href":"https:\/\/api.w.org\/{rel}","templated":true}]}}