{"id":342408,"date":"2025-08-25T08:36:11","date_gmt":"2025-08-25T08:36:11","guid":{"rendered":"https:\/\/www.europesays.com\/fr\/342408\/"},"modified":"2025-08-25T08:36:11","modified_gmt":"2025-08-25T08:36:11","slug":"baptiste-serin-revele-sa-deuxieme-passion-sportive-apres-le-rugby-ca-fait-une-dizaine-dannees-que-jen-fais","status":"publish","type":"post","link":"https:\/\/www.europesays.com\/fr\/342408\/","title":{"rendered":"Baptiste Serin r\u00e9v\u00e8le sa deuxi\u00e8me passion sportive apr\u00e8s le rugby : \u00ab\u00a0\u00c7a fait une dizaine d\u2019ann\u00e9es que j&rsquo;en fais !\u00a0\u00bb"},"content":{"rendered":"<p>Le demi-de-m\u00eal\u00e9e international Fran\u00e7ais Baptiste Serin s\u2019est longuement confi\u00e9 via <a href=\"https:\/\/www.lamarseillaise.fr\/sports\/entretien-baptiste-serin-gagner-un-titre-avec-toulon-est-le-dernier-objectif-de-ma-carriere-MH18680480\" rel=\"nofollow noopener\" target=\"_blank\">La Marseillaise<\/a>.<\/p>\n<p>Au cours de cet entretien, le joueur du Rugby Club Toulonnais a d\u00e9voil\u00e9 quelle \u00e9tait sa seconde passion sportive apr\u00e8s le rugby.<\/p>\n<p>Il indique \u00eatre un grand adepte du padel.<\/p>\n<p>Il affirme jouer r\u00e9guli\u00e8rement au padel depuis une dizaine d\u2019ann\u00e9es d\u00e9j\u00e0.<\/p>\n<p>Il explique en quoi ce sport l\u2019aide \u00e9norm\u00e9ment pour le rugby.<\/p>\n<p><strong>A lire ci-dessous :<\/strong><\/p>\n<p>\u00ab\u00a0\u00c7a fait une dizaine d\u2019ann\u00e9es que je fais du padel. \u00c7a me fait du bien sur les jours de r\u00e9cup\u00e9ration, \u00e7a me fait bouger. Et toucher la raquette me permet d\u2019avoir une autre vision. Tu joues avec des gens totalement ext\u00e9rieurs du rugby, \u00e7a me d\u00e9connecte du quotidien. <\/p>\n<p>Depuis mon op\u00e9ration aux deux \u00e9paules, je joue moins au golf. Quand j\u2019\u00e9tais \u00e0 Bordeaux-B\u00e8gles, je jouais au moins deux\u00a0fois par semaine. Le golf me d\u00e9connecte encore plus que le padel. T\u2019es centr\u00e9 sur ton jeu. <\/p>\n<p>C\u2019est quelque chose qui m\u2019a aid\u00e9 pour les tirs au but au rugby. J\u2019avais commenc\u00e9 le golf pour cela \u00e0 la base. Il y a des notions de trajectoires, d\u2019alignements et \u00e7a t\u2019aide pour ma\u00eetriser ta respiration. T\u2019es plus focalis\u00e9 sur ton geste. Et le rugby, c\u2019est une somme des gestes. <\/p>\n<p>\u00c7a m\u2019a aussi beaucoup aid\u00e9 sur le fait de louper une tentative et faire son possible pour se rattraper le plus rapidement possible derri\u00e8re. Si tu fais un n\u00e9gatif au golf, tu n\u2019as pas int\u00e9r\u00eat \u00e0 te louper dans la foul\u00e9e. C\u2019est la m\u00eame pression qu\u2019au rugby.\u00a0\u00bb<\/p>\n","protected":false},"excerpt":{"rendered":"Le demi-de-m\u00eal\u00e9e international Fran\u00e7ais Baptiste Serin s\u2019est longuement confi\u00e9 via La Marseillaise. Au cours de cet entretien, le&hellip;\n","protected":false},"author":2,"featured_media":342409,"comment_status":"","ping_status":"","sticky":false,"template":"","format":"standard","meta":{"footnotes":""},"categories":[1416],"tags":[1011,27,479,1468,60],"class_list":{"0":"post-342408","1":"post","2":"type-post","3":"status-publish","4":"format-standard","5":"has-post-thumbnail","7":"category-rugby","8":"tag-fr","9":"tag-france","10":"tag-rugby","11":"tag-rugby-football","12":"tag-sports"},"share_on_mastodon":{"url":"https:\/\/pubeurope.com\/@fr\/115088495992380496","error":""},"_links":{"self":[{"href":"https:\/\/www.europesays.com\/fr\/wp-json\/wp\/v2\/posts\/342408","targetHints":{"allow":["GET"]}}],"collection":[{"href":"https:\/\/www.europesays.com\/fr\/wp-json\/wp\/v2\/posts"}],"about":[{"href":"https:\/\/www.europesays.com\/fr\/wp-json\/wp\/v2\/types\/post"}],"author":[{"embeddable":true,"href":"https:\/\/www.europesays.com\/fr\/wp-json\/wp\/v2\/users\/2"}],"replies":[{"embeddable":true,"href":"https:\/\/www.europesays.com\/fr\/wp-json\/wp\/v2\/comments?post=342408"}],"version-history":[{"count":0,"href":"https:\/\/www.europesays.com\/fr\/wp-json\/wp\/v2\/posts\/342408\/revisions"}],"wp:featuredmedia":[{"embeddable":true,"href":"https:\/\/www.europesays.com\/fr\/wp-json\/wp\/v2\/media\/342409"}],"wp:attachment":[{"href":"https:\/\/www.europesays.com\/fr\/wp-json\/wp\/v2\/media?parent=342408"}],"wp:term":[{"taxonomy":"category","embeddable":true,"href":"https:\/\/www.europesays.com\/fr\/wp-json\/wp\/v2\/categories?post=342408"},{"taxonomy":"post_tag","embeddable":true,"href":"https:\/\/www.europesays.com\/fr\/wp-json\/wp\/v2\/tags?post=342408"}],"curies":[{"name":"wp","href":"https:\/\/api.w.org\/{rel}","templated":true}]}}