{"id":342410,"date":"2025-08-25T08:37:10","date_gmt":"2025-08-25T08:37:10","guid":{"rendered":"https:\/\/www.europesays.com\/fr\/342410\/"},"modified":"2025-08-25T08:37:10","modified_gmt":"2025-08-25T08:37:10","slug":"us-open-le-geste-magnifique-de-djokovic-pour-un-tres-tres-jeun-fan","status":"publish","type":"post","link":"https:\/\/www.europesays.com\/fr\/342410\/","title":{"rendered":"US Open > Le geste magnifique de Djokovic pour un tr\u00e8s tres jeun fan !"},"content":{"rendered":"<p>Novak a des yeux partout\u202f? On peut vrai\u00adment le penser.<\/p>\n<p>Apr\u00e8s avoir tent\u00e9 de rentrer en contact avec son idole \u00e0 un moment peu propice, ce jeune fan a \u00e9t\u00e9 combl\u00e9 par le Serbe quand celui\u2010ci a fini sa rencontre.<\/p>\n<blockquote class=\"twitter-tweet\">\n<p lang=\"en\" dir=\"ltr\">Poor kid just wanted Novak\u2019s atten\u00adtion \ud83d\ude05 <a href=\"https:\/\/t.co\/5BPaqgf1Ej\" data-wpel-link=\"external\" target=\"_blank\" rel=\"nofollow external noopener\">pic.twitter.com\/5BPaqgf1Ej<\/a><\/p>\n<p>\u2014 US Open Tennis (@usopen) <a href=\"https:\/\/twitter.com\/usopen\/status\/1959765076807720963?ref_src=twsrc%5Etfw\" data-wpel-link=\"external\" target=\"_blank\" rel=\"nofollow external noopener\">August 24,\u00a02025<\/a><\/p><\/blockquote>\n<p>C\u2019est quelques fois comme cela que des voca\u00adtions peuvent se\u00a0cr\u00e9er.\u00a0<\/p>\n<p>En tout cas, il est clair que le jeune fan va s\u2019en souvenir longtemps.<\/p>\n<p>Pour Novak, cet US Open d\u00e9marre bien. On sent que le Serbe a pris du plaisir alors que l\u2019on avait quelques doutes sur ses moti\u00adva\u00adtions puis\u00adqu\u2019il n\u2019\u00e9tait pas revenu sur un court depuis Wimbledon.<\/p>\n<p class=\"post-published-date\" style=\"color: silver; font-size: 75%; text-align: left;\">Publi\u00e9 le lundi 25 ao\u00fbt 2025 \u00e0 09:50<\/p>\n<p><script async src=\"https:\/\/platform.twitter.com\/widgets.js\" charset=\"utf-8\"><\/script><\/p>\n","protected":false},"excerpt":{"rendered":"Novak a des yeux partout\u202f? On peut vrai\u00adment le penser. Apr\u00e8s avoir tent\u00e9 de rentrer en contact avec&hellip;\n","protected":false},"author":2,"featured_media":342411,"comment_status":"","ping_status":"","sticky":false,"template":"","format":"standard","meta":{"footnotes":""},"categories":[1415],"tags":[105,1011,27,60,1467],"class_list":{"0":"post-342410","1":"post","2":"type-post","3":"status-publish","4":"format-standard","5":"has-post-thumbnail","7":"category-tennis","8":"tag-djokovic","9":"tag-fr","10":"tag-france","11":"tag-sports","12":"tag-tennis"},"share_on_mastodon":{"url":"https:\/\/pubeurope.com\/@fr\/115088499878824138","error":""},"_links":{"self":[{"href":"https:\/\/www.europesays.com\/fr\/wp-json\/wp\/v2\/posts\/342410","targetHints":{"allow":["GET"]}}],"collection":[{"href":"https:\/\/www.europesays.com\/fr\/wp-json\/wp\/v2\/posts"}],"about":[{"href":"https:\/\/www.europesays.com\/fr\/wp-json\/wp\/v2\/types\/post"}],"author":[{"embeddable":true,"href":"https:\/\/www.europesays.com\/fr\/wp-json\/wp\/v2\/users\/2"}],"replies":[{"embeddable":true,"href":"https:\/\/www.europesays.com\/fr\/wp-json\/wp\/v2\/comments?post=342410"}],"version-history":[{"count":0,"href":"https:\/\/www.europesays.com\/fr\/wp-json\/wp\/v2\/posts\/342410\/revisions"}],"wp:featuredmedia":[{"embeddable":true,"href":"https:\/\/www.europesays.com\/fr\/wp-json\/wp\/v2\/media\/342411"}],"wp:attachment":[{"href":"https:\/\/www.europesays.com\/fr\/wp-json\/wp\/v2\/media?parent=342410"}],"wp:term":[{"taxonomy":"category","embeddable":true,"href":"https:\/\/www.europesays.com\/fr\/wp-json\/wp\/v2\/categories?post=342410"},{"taxonomy":"post_tag","embeddable":true,"href":"https:\/\/www.europesays.com\/fr\/wp-json\/wp\/v2\/tags?post=342410"}],"curies":[{"name":"wp","href":"https:\/\/api.w.org\/{rel}","templated":true}]}}