{"id":342412,"date":"2025-08-25T08:39:14","date_gmt":"2025-08-25T08:39:14","guid":{"rendered":"https:\/\/www.europesays.com\/fr\/342412\/"},"modified":"2025-08-25T08:39:14","modified_gmt":"2025-08-25T08:39:14","slug":"alonso-fait-le-show-en-hongrie","status":"publish","type":"post","link":"https:\/\/www.europesays.com\/fr\/342412\/","title":{"rendered":"Alonso fait le show en Hongrie"},"content":{"rendered":"<p>Quelle saison de folie en Moto2\u2122\u00a0! Les pilotes de la cat\u00e9gorie interm\u00e9diaire avaient rendez-vous en piste ce dimanche midi au Balaton Park pour le Grand Prix Michelin\u00ae de Hongrie. Au terme d&rsquo;une course absolument magnifique, David Alonso (CFMOTO Aspar Team) devient le premier Colombien de l&rsquo;histoire \u00e0 triompher en Moto2\u2122 apr\u00e8s sa victoire devant Diogo Moreira (Italtrans Racing Team) et Manuel Gonz\u00e1lez (Liqui Moly Dynavolt Intact GP). Retour sur cet affrontement qui fera date.<\/p>\n<p>Dixon surprend<\/p>\n<p>Troisi\u00e8me sur la grille, Manuel Gonz\u00e1lez prend le meilleur envol et sort en t\u00eate du premier virage devant le poleman Diogo Moreira. Ce d\u00e9part est marqu\u00e9 par un accrochage spectaculaire en queue de peloton impliquant Unai Orradre (QJMOTOR \u2013 FRINSA \u2013 MSI), Celestino Vietti (SUP Racing), Darryn Binder (ITALJET Gresini Moto2\u2122) et Yuki Kunii (Idemitsu Honda Team Asia). Quatri\u00e8me des qualifications, Jake Dixon (ELF Marc VDS Racing Team) s&#8217;empare des commandes dans le premier tour devant Diogo Moreira, qui reprend le dessus sur Manuel Gonz\u00e1lez. Les trois hommes creusent l&rsquo;\u00e9cart sur un groupe de poursuivants emmen\u00e9 par Ar\u00f3n Canet (Fantic Racing LINO SONEGO), qui gagne deux positions en ce d\u00e9but de GP.<\/p>\n<p>Deux hommes en t\u00eate<\/p>\n<p>Dans le quatri\u00e8me tour, Diogo Moreira profite d&rsquo;une erreur de Jake Dixon pour retrouver la direction des op\u00e9rations. Deux boucles plus tard, Manuel Gonz\u00e1lez prend lui aussi l&rsquo;avantage sur le Britannique et se hisse au deuxi\u00e8me rang. Derri\u00e8re le duo de t\u00eate, Ar\u00f3n Canet et un impressionnant Collin Veijer (Red Bull KTM Ajo) sont parvenus \u00e0 revenir dans la roue d&rsquo;un Jake Dixon en perte de rythme. \u00c0 10 tours de l&rsquo;arriv\u00e9e, les trois hommes sont rejoints par David Alonso, qui encha\u00eene les records du tour. Impatient derri\u00e8re Ar\u00f3n Canet, Collin Veijer se d\u00e9barrasse de l&rsquo;Espagnol avant d&rsquo;\u00eatre imit\u00e9 quelques secondes plus tard par David Alonso, qui commence doucement \u00e0 faire office de candidat au podium. Averti de ce qu&rsquo;il se passe derri\u00e8re lui, Manuel Gonz\u00e1lez attaque Diogo Moreira au moment o\u00f9 Jake Dixon acc\u00e9l\u00e8re et revient \u00e0 une seconde du duo.<\/p>\n<p>Alonso remonte<\/p>\n<p>Comme en Autriche, David Alonso attaque fort en cette fin de course. Le Colombien d\u00e9pose Collin Veijer et se retrouve dans la roue de Jake Dixon, toujours accroch\u00e9 \u00e0 sa troisi\u00e8me place. Devant lui, Manuel Gonz\u00e1lez se manque en sortie de virage \u00e0 cinq tours de l&rsquo;arriv\u00e9e et fr\u00f4le la chute. Malgr\u00e9 ce temps gagn\u00e9 sur son rival et l&rsquo;opportunit\u00e9 de passer en t\u00eate, Diogo Moreira reste sagement dans le sillage de l&rsquo;Espagnol tandis que Jake Dixon et David Alonso se rapprochent dangereusement. Conscient qu&rsquo;il a le rythme pour aller s&rsquo;imposer, le Colombien s&#8217;empare de la troisi\u00e8me place dans le premier virage et pointe d\u00e9sormais \u00e0 six dixi\u00e8mes du duo de t\u00eate \u00e0 quatre tours de l&rsquo;arriv\u00e9e. Dans la boucle suivante, la jonction est faire entre le Champion du Monde Moto3\u2122 et les deux hommes de t\u00eate. Le rookie ne perd pas de temps et prend tout de suite l&rsquo;avantage sur Diogo Moreira, une fois encore au virage 1.<\/p>\n<p>Un final \u00e0 couper le souffle<\/p>\n<p>Les trois hommes de t\u00eate se tiennent dans un mouchoir de poche \u00e0 l&rsquo;entame du dernier tour. David Alonso passe en t\u00eate dans le virage 8 et oblige Manuel Gonz\u00e1lez \u00e0 \u00e9largir, ce qui profite \u00e0 un Diogo Moreira qui ne se prive pas pour reprendre la deuxi\u00e8me place. \u00c0 ce moment, on pense que les jeux sont faits mais dans l&rsquo;ultime chicane du trac\u00e9 hongrois, David Alonso manque son freinage et s&#8217;emploie pour prendre la corde. Cette man\u0153uvre oblige Diogo Moreira \u00e0 ralentir et permet \u00e0 Manuel Gonz\u00e1lez de recoller au duo dans le dernier virage du circuit. Au terme d&rsquo;un sprint final exceptionnel marqu\u00e9 par un accrochage entre Diogo Moreira et Manuel Gonz\u00e1lez \u00e0 quelques m\u00e8tres de la ligne, David Alonso devient le premier Colombien de l&rsquo;histoire \u00e0 s&rsquo;imposer en Moto2\u2122. Deuxi\u00e8me et troisi\u00e8me aujourd&rsquo;hui, Diogo Moreira et Manuel Gonz\u00e1lez paient leur round d&rsquo;observation qui a permis au rookie de revenir.<\/p>\n<p>Canet esp\u00e9rait mieux<\/p>\n<p>Peu en vue en d\u00e9but de week-end, Jake Dixon s&rsquo;en sort avec une belle quatri\u00e8me place devant Collin Veijer, impressionnant depuis le retour de la tr\u00eave. Jamais en mesure d&rsquo;aller inqui\u00e9ter les pilotes devant lui aujourd&rsquo;hui, Ar\u00f3n Canet se classe sixi\u00e8me de ce GP devant Adri\u00e1n Huertas (Italtrans Racing Team), lui aussi surprenant ce week-end. Filip Salac (ELF Marc VDS Racing Team) est huiti\u00e8me devant Daniel Holgado (CFMOTO Aspar Team) et Iv\u00e1n Ortol\u00e1 (QJMOTOR \u2013 FRINSA \u2013 MSI), qui compl\u00e8te le top 10. Parti deuxi\u00e8me aujourd&rsquo;hui, Zonta Van den Goorbergh (RW &#8211; Idrofoglia Racing GP) est 13e \u00e0 l&rsquo;arriv\u00e9e derri\u00e8re Barry Baltus (Fantic Racing LINO SONEGO). On notera \u00e9galement les chutes d&rsquo;Alonso L\u00f3pez (SUP Racing) et Ayumu Sasaki (RW \u2013 Idrofoglia Racing GP) ainsi que l&rsquo;abandon d&rsquo;Izan Guevara (BLU CRU Pramac Yamaha Moto2\u2122).<\/p>\n<p>Le point au classement<\/p>\n<p>Malgr\u00e9 la d\u00e9ception \u00e0 l&rsquo;arriv\u00e9e, Manuel Gonz\u00e1lez conforte son avance au Championnat du Monde et compte d\u00e9sormais 25 points de plus qu&rsquo;Ar\u00f3n Canet. De son c\u00f4t\u00e9, Diogo Moreira continue sa remont\u00e9e sur le pilote Fantic et revient \u00e0 seulement six unit\u00e9s de la deuxi\u00e8me place.<\/p>\n<p>Rendez-vous dans deux semaines \u00e0 Barcelone pour le Grand Prix de Catalogne\u00a0!<\/p>\n<p>\n                                Moto2\u2122, Race, Michelin\u00ae Grand Prix of Hungary\n                        <\/p>\n<p>\n                                David Alonso, CFMOTO Inde Aspar Team, Michelin\u00ae Grand Prix of Hungary\n                        <\/p>\n<p>\n                                Diogo Moreira, Italtrans Racing Team, Michelin\u00ae Grand Prix of Hungary\n                        <\/p>\n<p>\n                                David Alonso, CFMOTO Inde Aspar Team, Michelin\u00ae Grand Prix of Hungary\n                        <\/p>\n<p>\n                                Moto2\u2122, Race, Michelin\u00ae Grand Prix of Hungary\n                        <\/p>\n<p>\n                                Manuel Gonzalez, LIQUI MOLY Dynavolt Intact GP, Michelin\u00ae Grand Prix of Hungary\n                        <\/p>\n<p>\n                                Moto2\u2122, Podium, Michelin\u00ae Grand Prix of Hungary\n                        <\/p>\n<p>\n                                David Alonso, CFMOTO Inde Aspar Team, Michelin\u00ae Grand Prix of Hungary\n                        <\/p>\n<p>\n                                Diogo Moreira, Italtrans Racing Team, Michelin\u00ae Grand Prix of Hungary\n                        <\/p>\n<p>\n                                Moto2\u2122, Race, Michelin\u00ae Grand Prix of Hungary\n                        <\/p>\n<p>\n                                Jake Dixon, ELF Marc VDS Racing Team, Michelin\u00ae Grand Prix of Hungary\n                        <\/p>\n<p>\n                                David Alonso, CFMOTO Inde Aspar Team, Michelin\u00ae Grand Prix of Hungary\n                        <\/p>\n<p>\n                                David Alonso, CFMOTO Inde Aspar Team, Michelin\u00ae Grand Prix of Hungary\n                        <\/p>\n<p>\n                                David Alonso, CFMOTO Inde Aspar Team, Michelin\u00ae Grand Prix of Hungary\n                        <\/p>\n<p>\n                                David Alonso, CFMOTO Inde Aspar Team, Michelin\u00ae Grand Prix of Hungary\n                        <\/p>\n<p>Cliquez <a href=\"https:\/\/www.motogp.com\/fr\/gp-results\/2025\/hun\/moto2\/rac\/classification\" rel=\"nofollow noopener\" target=\"_blank\">ici<\/a> pour acc\u00e9der aux r\u00e9sultats.<\/p>\n","protected":false},"excerpt":{"rendered":"Quelle saison de folie en Moto2\u2122\u00a0! Les pilotes de la cat\u00e9gorie interm\u00e9diaire avaient rendez-vous en piste ce dimanche&hellip;\n","protected":false},"author":2,"featured_media":342413,"comment_status":"","ping_status":"","sticky":false,"template":"","format":"standard","meta":{"footnotes":""},"categories":[1413],"tags":[1011,27,1457,1456,60,2032],"class_list":{"0":"post-342412","1":"post","2":"type-post","3":"status-publish","4":"format-standard","5":"has-post-thumbnail","7":"category-moto","8":"tag-fr","9":"tag-france","10":"tag-moto","11":"tag-motocycle","12":"tag-sports","13":"tag-text"},"share_on_mastodon":{"url":"https:\/\/pubeurope.com\/@fr\/115088507788839021","error":""},"_links":{"self":[{"href":"https:\/\/www.europesays.com\/fr\/wp-json\/wp\/v2\/posts\/342412","targetHints":{"allow":["GET"]}}],"collection":[{"href":"https:\/\/www.europesays.com\/fr\/wp-json\/wp\/v2\/posts"}],"about":[{"href":"https:\/\/www.europesays.com\/fr\/wp-json\/wp\/v2\/types\/post"}],"author":[{"embeddable":true,"href":"https:\/\/www.europesays.com\/fr\/wp-json\/wp\/v2\/users\/2"}],"replies":[{"embeddable":true,"href":"https:\/\/www.europesays.com\/fr\/wp-json\/wp\/v2\/comments?post=342412"}],"version-history":[{"count":0,"href":"https:\/\/www.europesays.com\/fr\/wp-json\/wp\/v2\/posts\/342412\/revisions"}],"wp:featuredmedia":[{"embeddable":true,"href":"https:\/\/www.europesays.com\/fr\/wp-json\/wp\/v2\/media\/342413"}],"wp:attachment":[{"href":"https:\/\/www.europesays.com\/fr\/wp-json\/wp\/v2\/media?parent=342412"}],"wp:term":[{"taxonomy":"category","embeddable":true,"href":"https:\/\/www.europesays.com\/fr\/wp-json\/wp\/v2\/categories?post=342412"},{"taxonomy":"post_tag","embeddable":true,"href":"https:\/\/www.europesays.com\/fr\/wp-json\/wp\/v2\/tags?post=342412"}],"curies":[{"name":"wp","href":"https:\/\/api.w.org\/{rel}","templated":true}]}}