{"id":342416,"date":"2025-08-25T08:41:57","date_gmt":"2025-08-25T08:41:57","guid":{"rendered":"https:\/\/www.europesays.com\/fr\/342416\/"},"modified":"2025-08-25T08:41:57","modified_gmt":"2025-08-25T08:41:57","slug":"vuelta-2025-2eme-etape-jonas-vingegaard-confirme-son-statut-de-favori-et-de-patron","status":"publish","type":"post","link":"https:\/\/www.europesays.com\/fr\/342416\/","title":{"rendered":"VUELTA 2025 (2\u00e8me \u00e9tape) : Jonas Vingegaard confirme son statut de favori et de patron"},"content":{"rendered":"<p><img decoding=\"async\" class=\"newsFullImg  \" src=\"https:\/\/www.europesays.com\/fr\/wp-content\/uploads\/2025\/08\/96544_1_full.jpg\"\/><\/p>\n<p>Le coureur de la Visma a profit\u00e9 du profil de l&rsquo;arriv\u00e9e de la seconde \u00e9tape italienne, pour conqu\u00e9rir le maillot rouge de leader.<\/p>\n<p>Il n\u2019aura fallu que deux jours \u00e0 Jonas Vingegaard (Visma &#8211; Lease a Bike) pour se montrer \u00e0 la hauteur de son statut de grand favori de La Vuelta 25. La premi\u00e8re des onze arriv\u00e9es au sommet de la course, \u00e0 Limone Piemonte (2e cat\u00e9gorie), a vu le Danois s&rsquo;imposer \u00e0 l\u2019issue d\u2019une \u00e9tape de 159,6 kilom\u00e8tres marqu\u00e9e par plusieurs chutes\u2026 dont la sienne. <br \/>Ni cet incident, ni les efforts de Giulio Ciccone (Lidl-Trek) pour triompher \u00e0 domicile, n\u2019ont emp\u00each\u00e9 le viking de lever les bras pour la 3e fois de sa carri\u00e8re sur La Vuelta, quelques centim\u00e8tres devant l\u2019Italien. Son succ\u00e8s lui permet d\u2019endosser sa premi\u00e8re Roja devant Ciccone et David Gaudu (Groupama-FDJ). Le Fran\u00e7ais redonne du baume au c\u0153ur \u00e0 son \u00e9quipe qui a perdu Guillaume Martin-Guyonnet.<br \/>Vainqueur \u00e0 Novare, Jasper Philipsen (Alpecin-Deceuninck) se pr\u00e9sente au d\u00e9part en tant que 34e Belge \u00e0 porter le maillot de leader de La Vuelta, 90 ans apr\u00e8s le premier (Antoine Dignef lors de la toute premi\u00e8re \u00e9tape en 1935), et un an apr\u00e8s le dernier (Wout van Aert lors des \u00e9tapes 2-3 en 2024). Nouvelle destination du Grand Tour espagnol, Alba accueille en h\u00e9ros le premier d\u00e9tenteur de La Roja, mais aussi Matteo Sobrero, h\u00e9ros local n\u00e9 ici.\t\t\t\t\t\t\t<\/p>\n<p>\t\t\t\t\t\t\tUn hommage \u00e0 Ivan Melendez, cycliste junior espagnol d\u00e9c\u00e9d\u00e9 samedi lors de la 9e \u00e9dition de la Vuelta Ciclista a la Ribera del Duero, pr\u00e9c\u00e8de le d\u00e9part, avant que le peloton ne se lance \u00e0 l&rsquo;assaut des 159,6 km de course jusqu&rsquo;\u00e0 Limone Piemonte, \u00e0 1 383 m\u00e8tres d\u2019altitude.Quatre d\u00e9butants dans l\u2019\u00e9chapp\u00e9eLa journ\u00e9e s\u2019anime rapidement puisque trois hommes \u2013 Gal Glivar (Alpecin-Deceuninck), Jakub Otruba (Caja Rural-Seguros RGA) et Liam Slock (Lotto) \u2013 s\u2019\u00e9chappent d\u00e8s le kilom\u00e8tre z\u00e9ro. D\u00e9j\u00e0 vainqueur dans le Pi\u00e9mont (12e \u00e9tape du Giro d\u2019Italia 2023), Nico Denz (Red Bull-Bora-Hansgrohe) les rejoint avant de finalement ralentir.<br \/>Le trio redevient cependant quatuor gr\u00e2ce aux efforts de l\u2019Espagnol Sinuh\u00e9 Fernandez (Burgos Burpellet BH), parti au km 10 pour combler la grosse minute qui le s\u00e9parait des leaders. Un groupe de t\u00eate enti\u00e8rement compos\u00e9 de nouveaux venus sur un Grand Tour, et de coureurs relativement jeunes puisque le plus \u00e2g\u00e9, Glivar, n&rsquo;a que 23 ans !Les Q36.5 contr\u00f4lent les attaquantsL&rsquo;\u00e9cart grimpe rapidement aux environs des 2 minutes, avant de se stabiliser sous l&rsquo;impulsion de l&rsquo;\u00e9quipe Q36.5 \u00e0 l&rsquo;avant du peloton, avec Xabier Mikel Azparren en ma\u00eetre d&rsquo;\u0153uvre. La formation suisse est bien d\u00e9cid\u00e9e \u00e0 accompagner Tom Pidcock vers une premi\u00e8re victoire sur La Vuelta. Les Alpecin-Deceuninck sont aussi aux premi\u00e8res positions mais savent que Philipsen n\u2019\u00e9tant pas un grimpeur, il sera difficile de conserver La Roja \u00e0 l\u2019issue de la pente de 9,8 km \u00e0 5,1 % o\u00f9 sera jug\u00e9e l\u2019arriv\u00e9e.\t\t\t\t\t\t\t<\/p>\n<p>\t\t\t\t\t\t\t\u00c0 92,6 km du terme, Slock s\u2019offre le sprint interm\u00e9diaire de Busca, tandis que le maillot blanc Ethan Vernon (Israel-Premier Tech) est le plus rapide parmi les hommes du peloton. Sa 5e place lui permet de revenir virtuellement \u00e0 10 unit\u00e9s du leader du classement par points, Philipsen. Une d\u00e9claration d\u2019intention du Britannique, int\u00e9ress\u00e9 par le gain du maillot vert dont le Belge est l\u2019un des favoris.La course s\u2019emballeOtruba profite d\u2019une \u00e9l\u00e9vation momentan\u00e9e de la route pour faire exploser le groupe de t\u00eate, qui perd Fernandez et redevient un trio. Les premi\u00e8res gouttes de pluie tombent sur le peloton \u00e0 46 kilom\u00e8tres de l\u2019arriv\u00e9e, et la route humide fait des pi\u00e9g\u00e9s. Guillaume Martin-Guyonnet (Groupama-FDJ) chute et enregistre le premier abandon de l\u2019\u00e9dition. George Bennett tombe \u00e9galement, avant qu\u2019un accident collectif n\u2019entra\u00eene plusieurs coureurs \u00e0 terre dans un rond-point. Parmi eux figurent des Visma &#8211; Lease a Bike, dont Jonas Vingegaard. <br \/>Plus de peur que de mal pour le Danois, finalement ramen\u00e9 dans le peloton par son co\u00e9quipier Victor Campenaerts, ainsi que pour Axel Zingle qui met quelques minutes \u00e0 repartir.<br \/>Le trio de t\u00eate attaque l\u2019ascension de Limone Piemonte (9,8 km \u00e0 5,1 % \/ 2e cat\u00e9gorie) avec une quarantaine de secondes d\u2019avance sur le peloton. Dans un dernier effort, Slock tente de r\u00e9sister en partant seul \u00e0 8 km de l\u2019arriv\u00e9e, mais il se fait avaler \u00e0 5,8 kilom\u00e8tres du but. Les Visma &#8211; Lease a BIke et Lidl-Trek imprimante le rythme pour Jonas Vingegaard et Giulio Ciccone, promis \u00e0 une explicaton finale. Marc Soler (UAE Teal Emirates XRG) lance la premi\u00e8re offensive \u00e0 600 m\u00e8tres de l\u2019arriv\u00e9e, mais ses efforts sont r\u00e9duits \u00e0 n\u00e9ant par les favoris.Vingegaard prend La RojaLeader dans les derniers m\u00e8tres, Ciccone se fait finalement reprendre par le Danois sur la ligne. Premier pour quelques centim\u00e8tres, Vingegaard d\u00e9croche sa troisi\u00e8me victoire sur La Vuelta apr\u00e8s les \u00e9tapes 13 et 16 de l&rsquo;\u00e9dition 2023. Il endosse par la m\u00eame occasion sa premi\u00e8re Roja, et prend aussi la t\u00eate du classement de la montagne. Philipsen reste leader du classement par points, alors que Juan Ayuso (UAE Team Emirates XRG) prend le maillot blanc de meilleur jeune.<a href=\"https:\/\/www.lavuelta.es\/fr\/classements\" rel=\"nofollow noopener\" target=\"_blank\">Cliquez ici pour voir tous les classements<\/a><br \/>Le r\u00e9sum\u00e9 vid\u00e9o :<\/p>\n<p>&#13;<br \/>\n  &#13;<br \/>\n  &#13;\n<\/p>\n<p><img decoding=\"async\" src=\"https:\/\/www.europesays.com\/fr\/wp-content\/uploads\/2025\/08\/vuelta-2025-2eme-etape-jonas-vingegaard-confirme-son-statut-de-favori-et-de-patron-192289.jpg\"\/><img decoding=\"async\" src=\"https:\/\/www.europesays.com\/fr\/wp-content\/uploads\/2025\/08\/vuelta-2025-2eme-etape-jonas-vingegaard-confirme-son-statut-de-favori-et-de-patron-218419.jpg\"\/><img decoding=\"async\" src=\"https:\/\/www.europesays.com\/fr\/wp-content\/uploads\/2025\/08\/vuelta-2025-2eme-etape-jonas-vingegaard-confirme-son-statut-de-favori-et-de-patron-8385.jpg\"\/><img decoding=\"async\" src=\"https:\/\/www.europesays.com\/fr\/wp-content\/uploads\/2025\/08\/vuelta-2025-2eme-etape-jonas-vingegaard-confirme-son-statut-de-favori-et-de-patron-414725.jpg\"\/><\/p>\n<p><img decoding=\"async\" src=\"https:\/\/www.europesays.com\/fr\/wp-content\/uploads\/2025\/08\/vuelta-2025-2eme-etape-jonas-vingegaard-confirme-son-statut-de-favori-et-de-patron-268104.jpg\"\/><img decoding=\"async\" src=\"https:\/\/www.europesays.com\/fr\/wp-content\/uploads\/2025\/08\/vuelta-2025-2eme-etape-jonas-vingegaard-confirme-son-statut-de-favori-et-de-patron-155881.jpg\"\/><img decoding=\"async\" src=\"https:\/\/www.europesays.com\/fr\/wp-content\/uploads\/2025\/08\/vuelta-2025-2eme-etape-jonas-vingegaard-confirme-son-statut-de-favori-et-de-patron-250161.jpg\"\/><img decoding=\"async\" src=\"https:\/\/www.europesays.com\/fr\/wp-content\/uploads\/2025\/08\/vuelta-2025-2eme-etape-jonas-vingegaard-confirme-son-statut-de-favori-et-de-patron-269281.jpg\"\/><img decoding=\"async\" src=\"https:\/\/www.europesays.com\/fr\/wp-content\/uploads\/2025\/08\/vuelta-2025-2eme-etape-jonas-vingegaard-confirme-son-statut-de-favori-et-de-patron-7556.jpg\"\/><br \/>\n<img decoding=\"async\" src=\"https:\/\/www.europesays.com\/fr\/wp-content\/uploads\/2025\/08\/vuelta-2025-2eme-etape-jonas-vingegaard-confirme-son-statut-de-favori-et-de-patron-386095.jpg\"\/><img decoding=\"async\" src=\"https:\/\/www.europesays.com\/fr\/wp-content\/uploads\/2025\/08\/vuelta-2025-2eme-etape-jonas-vingegaard-confirme-son-statut-de-favori-et-de-patron-101771.jpg\"\/><img decoding=\"async\" src=\"https:\/\/www.europesays.com\/fr\/wp-content\/uploads\/2025\/08\/vuelta-2025-2eme-etape-jonas-vingegaard-confirme-son-statut-de-favori-et-de-patron-169016.jpg\"\/><img decoding=\"async\" src=\"https:\/\/www.europesays.com\/fr\/wp-content\/uploads\/2025\/08\/vuelta-2025-2eme-etape-jonas-vingegaard-confirme-son-statut-de-favori-et-de-patron-34206.jpg\"\/><img decoding=\"async\" src=\"https:\/\/www.europesays.com\/fr\/wp-content\/uploads\/2025\/08\/vuelta-2025-2eme-etape-jonas-vingegaard-confirme-son-statut-de-favori-et-de-patron-84690.jpg\"\/><br \/>\n<img decoding=\"async\" src=\"https:\/\/www.europesays.com\/fr\/wp-content\/uploads\/2025\/08\/vuelta-2025-2eme-etape-jonas-vingegaard-confirme-son-statut-de-favori-et-de-patron-153281.jpg\"\/><img decoding=\"async\" src=\"https:\/\/www.europesays.com\/fr\/wp-content\/uploads\/2025\/08\/vuelta-2025-2eme-etape-jonas-vingegaard-confirme-son-statut-de-favori-et-de-patron-69500.jpg\"\/><img decoding=\"async\" src=\"https:\/\/www.europesays.com\/fr\/wp-content\/uploads\/2025\/08\/vuelta-2025-2eme-etape-jonas-vingegaard-confirme-son-statut-de-favori-et-de-patron-183134.jpg\"\/><img decoding=\"async\" src=\"https:\/\/www.europesays.com\/fr\/wp-content\/uploads\/2025\/08\/vuelta-2025-2eme-etape-jonas-vingegaard-confirme-son-statut-de-favori-et-de-patron-486048.jpg\"\/><img decoding=\"async\" src=\"https:\/\/www.europesays.com\/fr\/wp-content\/uploads\/2025\/08\/vuelta-2025-2eme-etape-jonas-vingegaard-confirme-son-statut-de-favori-et-de-patron-224699.jpg\"\/><br \/>\n<img decoding=\"async\" src=\"https:\/\/www.europesays.com\/fr\/wp-content\/uploads\/2025\/08\/vuelta-2025-2eme-etape-jonas-vingegaard-confirme-son-statut-de-favori-et-de-patron-248931.jpg\"\/><img decoding=\"async\" src=\"https:\/\/www.europesays.com\/fr\/wp-content\/uploads\/2025\/08\/vuelta-2025-2eme-etape-jonas-vingegaard-confirme-son-statut-de-favori-et-de-patron-403452.jpg\"\/><img decoding=\"async\" src=\"https:\/\/www.europesays.com\/fr\/wp-content\/uploads\/2025\/08\/vuelta-2025-2eme-etape-jonas-vingegaard-confirme-son-statut-de-favori-et-de-patron-426436.jpg\"\/><img decoding=\"async\" src=\"https:\/\/www.europesays.com\/fr\/wp-content\/uploads\/2025\/08\/vuelta-2025-2eme-etape-jonas-vingegaard-confirme-son-statut-de-favori-et-de-patron-5062.jpg\"\/><img decoding=\"async\" src=\"https:\/\/www.europesays.com\/fr\/wp-content\/uploads\/2025\/08\/vuelta-2025-2eme-etape-jonas-vingegaard-confirme-son-statut-de-favori-et-de-patron-306018.jpg\"\/><br \/>\n<img decoding=\"async\" src=\"https:\/\/www.europesays.com\/fr\/wp-content\/uploads\/2025\/08\/vuelta-2025-2eme-etape-jonas-vingegaard-confirme-son-statut-de-favori-et-de-patron-369662.jpg\"\/><img decoding=\"async\" src=\"https:\/\/www.europesays.com\/fr\/wp-content\/uploads\/2025\/08\/vuelta-2025-2eme-etape-jonas-vingegaard-confirme-son-statut-de-favori-et-de-patron-297594.jpg\"\/><img decoding=\"async\" src=\"https:\/\/www.europesays.com\/fr\/wp-content\/uploads\/2025\/08\/vuelta-2025-2eme-etape-jonas-vingegaard-confirme-son-statut-de-favori-et-de-patron-101562.jpg\"\/><img decoding=\"async\" src=\"https:\/\/www.europesays.com\/fr\/wp-content\/uploads\/2025\/08\/vuelta-2025-2eme-etape-jonas-vingegaard-confirme-son-statut-de-favori-et-de-patron-377116.jpg\"\/><img decoding=\"async\" src=\"https:\/\/www.europesays.com\/fr\/wp-content\/uploads\/2025\/08\/vuelta-2025-2eme-etape-jonas-vingegaard-confirme-son-statut-de-favori-et-de-patron-427933.jpg\"\/><br \/>\n<img decoding=\"async\" src=\"https:\/\/www.europesays.com\/fr\/wp-content\/uploads\/2025\/08\/vuelta-2025-2eme-etape-jonas-vingegaard-confirme-son-statut-de-favori-et-de-patron-182513.jpg\"\/><img decoding=\"async\" src=\"https:\/\/www.europesays.com\/fr\/wp-content\/uploads\/2025\/08\/vuelta-2025-2eme-etape-jonas-vingegaard-confirme-son-statut-de-favori-et-de-patron-374995.jpg\"\/><img decoding=\"async\" src=\"https:\/\/www.europesays.com\/fr\/wp-content\/uploads\/2025\/08\/vuelta-2025-2eme-etape-jonas-vingegaard-confirme-son-statut-de-favori-et-de-patron-238905.jpg\"\/><img decoding=\"async\" src=\"https:\/\/www.europesays.com\/fr\/wp-content\/uploads\/2025\/08\/vuelta-2025-2eme-etape-jonas-vingegaard-confirme-son-statut-de-favori-et-de-patron-453766.jpg\"\/><img decoding=\"async\" src=\"https:\/\/www.europesays.com\/fr\/wp-content\/uploads\/2025\/08\/vuelta-2025-2eme-etape-jonas-vingegaard-confirme-son-statut-de-favori-et-de-patron-306852.jpg\"\/><br \/>\n<img decoding=\"async\" src=\"https:\/\/www.europesays.com\/fr\/wp-content\/uploads\/2025\/08\/vuelta-2025-2eme-etape-jonas-vingegaard-confirme-son-statut-de-favori-et-de-patron-488087.jpg\"\/><img decoding=\"async\" src=\"https:\/\/www.europesays.com\/fr\/wp-content\/uploads\/2025\/08\/vuelta-2025-2eme-etape-jonas-vingegaard-confirme-son-statut-de-favori-et-de-patron-314180.jpg\"\/><img decoding=\"async\" src=\"https:\/\/www.europesays.com\/fr\/wp-content\/uploads\/2025\/08\/vuelta-2025-2eme-etape-jonas-vingegaard-confirme-son-statut-de-favori-et-de-patron-173485.jpg\"\/><img decoding=\"async\" src=\"https:\/\/www.europesays.com\/fr\/wp-content\/uploads\/2025\/08\/vuelta-2025-2eme-etape-jonas-vingegaard-confirme-son-statut-de-favori-et-de-patron-80321.jpg\"\/><img decoding=\"async\" src=\"https:\/\/www.europesays.com\/fr\/wp-content\/uploads\/2025\/08\/vuelta-2025-2eme-etape-jonas-vingegaard-confirme-son-statut-de-favori-et-de-patron-68109.jpg\"\/><br \/>\n<img decoding=\"async\" src=\"https:\/\/www.europesays.com\/fr\/wp-content\/uploads\/2025\/08\/vuelta-2025-2eme-etape-jonas-vingegaard-confirme-son-statut-de-favori-et-de-patron-414605.jpg\"\/><img decoding=\"async\" src=\"https:\/\/www.europesays.com\/fr\/wp-content\/uploads\/2025\/08\/vuelta-2025-2eme-etape-jonas-vingegaard-confirme-son-statut-de-favori-et-de-patron-419049.jpg\"\/><img decoding=\"async\" src=\"https:\/\/www.europesays.com\/fr\/wp-content\/uploads\/2025\/08\/vuelta-2025-2eme-etape-jonas-vingegaard-confirme-son-statut-de-favori-et-de-patron-315468.jpg\"\/><img decoding=\"async\" src=\"https:\/\/www.europesays.com\/fr\/wp-content\/uploads\/2025\/08\/vuelta-2025-2eme-etape-jonas-vingegaard-confirme-son-statut-de-favori-et-de-patron-10103.jpg\"\/><img decoding=\"async\" src=\"https:\/\/www.europesays.com\/fr\/wp-content\/uploads\/2025\/08\/vuelta-2025-2eme-etape-jonas-vingegaard-confirme-son-statut-de-favori-et-de-patron-433920.jpg\"\/><br \/>\n<img decoding=\"async\" src=\"https:\/\/www.europesays.com\/fr\/wp-content\/uploads\/2025\/08\/vuelta-2025-2eme-etape-jonas-vingegaard-confirme-son-statut-de-favori-et-de-patron-480885.jpg\"\/><img decoding=\"async\" src=\"https:\/\/www.europesays.com\/fr\/wp-content\/uploads\/2025\/08\/vuelta-2025-2eme-etape-jonas-vingegaard-confirme-son-statut-de-favori-et-de-patron-182916.jpg\"\/><\/p>\n","protected":false},"excerpt":{"rendered":"Le coureur de la Visma a profit\u00e9 du profil de l&rsquo;arriv\u00e9e de la seconde \u00e9tape italienne, pour conqu\u00e9rir&hellip;\n","protected":false},"author":2,"featured_media":342417,"comment_status":"","ping_status":"","sticky":false,"template":"","format":"standard","meta":{"footnotes":""},"categories":[1411],"tags":[1154,207,1011,27,60],"class_list":{"0":"post-342416","1":"post","2":"type-post","3":"status-publish","4":"format-standard","5":"has-post-thumbnail","7":"category-cyclisme","8":"tag-cycling","9":"tag-cyclisme","10":"tag-fr","11":"tag-france","12":"tag-sports"},"share_on_mastodon":{"url":"https:\/\/pubeurope.com\/@fr\/115088520827470610","error":""},"_links":{"self":[{"href":"https:\/\/www.europesays.com\/fr\/wp-json\/wp\/v2\/posts\/342416","targetHints":{"allow":["GET"]}}],"collection":[{"href":"https:\/\/www.europesays.com\/fr\/wp-json\/wp\/v2\/posts"}],"about":[{"href":"https:\/\/www.europesays.com\/fr\/wp-json\/wp\/v2\/types\/post"}],"author":[{"embeddable":true,"href":"https:\/\/www.europesays.com\/fr\/wp-json\/wp\/v2\/users\/2"}],"replies":[{"embeddable":true,"href":"https:\/\/www.europesays.com\/fr\/wp-json\/wp\/v2\/comments?post=342416"}],"version-history":[{"count":0,"href":"https:\/\/www.europesays.com\/fr\/wp-json\/wp\/v2\/posts\/342416\/revisions"}],"wp:featuredmedia":[{"embeddable":true,"href":"https:\/\/www.europesays.com\/fr\/wp-json\/wp\/v2\/media\/342417"}],"wp:attachment":[{"href":"https:\/\/www.europesays.com\/fr\/wp-json\/wp\/v2\/media?parent=342416"}],"wp:term":[{"taxonomy":"category","embeddable":true,"href":"https:\/\/www.europesays.com\/fr\/wp-json\/wp\/v2\/categories?post=342416"},{"taxonomy":"post_tag","embeddable":true,"href":"https:\/\/www.europesays.com\/fr\/wp-json\/wp\/v2\/tags?post=342416"}],"curies":[{"name":"wp","href":"https:\/\/api.w.org\/{rel}","templated":true}]}}