{"id":342418,"date":"2025-08-25T08:43:11","date_gmt":"2025-08-25T08:43:11","guid":{"rendered":"https:\/\/www.europesays.com\/fr\/342418\/"},"modified":"2025-08-25T08:43:11","modified_gmt":"2025-08-25T08:43:11","slug":"lequipe-type-de-la-2e-journee-de-ligue-1-giroud-et-aubameyang-les-pepes-flingueurs-lequipe","status":"publish","type":"post","link":"https:\/\/www.europesays.com\/fr\/342418\/","title":{"rendered":"L&#039;\u00e9quipe type de la 2e journ\u00e9e de Ligue 1 : Giroud et Aubameyang, les \u00ab p\u00e9p\u00e9s flingueurs \u00bb &#8211; L&#039;\u00c9quipe"},"content":{"rendered":"<ol>\n<li><a href=\"https:\/\/news.google.com\/rss\/articles\/CBMizwFBVV95cUxOR3gwel9YNUdGNTQwaGdmUmtjU09uZzhia29URlBaNHdlOHgzeUR6VXNYOGR1TkxlMHR6NjB4YThIOE9pZkx3SmZqNFI2blh3T3Y0R0dhUHBLRmx4MHJISVgyZmlwZ043NEVkN1ZsVHdEQzFnTGIwT3IwS3ZzV1dOQ2pFVkxnZklQdnVTOThQT1A1ZkxXNkdsUkUycWdIeVU2aTZvYnRzTm1GR2I0UmdOeXI2aVFTTkxVaVM1T0VOOHJTT3ByUEh3QmNsZXptUXM?oc=5\" target=\"_blank\" rel=\"nofollow noopener\">L&rsquo;\u00e9quipe type de la 2e journ\u00e9e de Ligue 1 : Giroud et Aubameyang, les \u00ab p\u00e9p\u00e9s flingueurs \u00bb<\/a>&nbsp;&nbsp;L&rsquo;\u00c9quipe<\/li>\n<li><a href=\"https:\/\/news.google.com\/rss\/articles\/CBMizwFBVV95cUxPcHNhZUNCYmJ4Qkhxdm9va1BrdVFwUHowU3Vic196UU1Rd3FmMlIyZjZVc0stX1FDVmRFeEY4dU15enZHUm43WFVoQk5KOTY3VDdoQU5FOWZacExiMjVCbHNHbzZmYl9IX0Z1Wl9BakQ3Sy1kNzJoSlZaeHZxN2ZZSWdjX1oxSjVwU1ZzYm5HenJJZ2JLcVM4UDYxb0w0NGMtaUV3S21DTklWUWZPNURXREd6bUliRG5CYk43OFpIZnFGRUcxWU5oUk1pMlFiQXc?oc=5\" target=\"_blank\" rel=\"nofollow noopener\">Ligue 1 &#8211; Un Marseillais dans l&rsquo;\u00e9quipe-type de la 2\u00e8me journ\u00e9e de L1<\/a>&nbsp;&nbsp;MadeInMarseillais<\/li>\n<li><a href=\"https:\/\/news.google.com\/rss\/articles\/CBMisgJBVV95cUxQeDNTaDhOem5ESXhKblE4czlwOHhRazJ5TmUzbnJmNkN1OENlQjVLSzl0U3FFd2o2UmxLeFJraVA2dlJ2b056WklSSTl5aU1reEItS1JMalc4QXA2U2pjeU1VM2VVYmRfZC1leS1JZEtxcWJTSWR4QktFMzJQanU0ZU5GaWJLUDRSYjd3WExiRS01cVR3NGVJNS1TM1BNMjIxZW9ZaHM4SDNDTndVQnRVLVl1aFh1RFM0NEhWdldDYmh1Q1kzT2h6NFNONWpmSFdmOUM0MGNwYnJIU0FkakVpYVNJang0ZzJkenp2Q283OXhpOVQ1QmpEUTdBTnJiWjdrOFZBTGxfNVlWNFJyZS1Hc2cxOTQwa080eEVsNkQwRmEtMHB5S25hMnF5SjZIWjVIaFE?oc=5\" target=\"_blank\" rel=\"nofollow noopener\">Inattendus lyonnais, incorrigibles rennais : Les tops et flops de la 2e journ\u00e9e<\/a>&nbsp;&nbsp;Eurosport<\/li>\n<li><a href=\"https:\/\/news.google.com\/rss\/articles\/CBMi2gFBVV95cUxOWmlCOGttdV9RTEdfSGpYaXdERlA2djQtREVmSzJXZGUwREZTakpfNmhJX0hxeFh2SzJsNms5d3hDSWJsT3ZWdkpkUG9kX2JNUkgwUU94cm5iQ2pYZUxWbHctT0xnNmFPTDNvZ1hEUTVIbFBJTTJ2RVdwSlhWVGZnZG1GSnN3MHlwX1lrNTNKM25wOERCSTFpalR5MFRxRi0wNFktOWJCdHlqR0NMdG9BYnFHYS1uMUtuaGU5VUZ1aWk4aUZzSG0tZXMtdjJKNkpqRUExWGlpel9kUQ?oc=5\" target=\"_blank\" rel=\"nofollow noopener\">Football. Les pectoraux de l&rsquo;arbitre, l&rsquo;accent de Morton, Toulouse fait fort&#8230; la 2e journ\u00e9e de Ligue 1 en un clic<\/a>&nbsp;&nbsp;Le Dauphin\u00e9 Lib\u00e9r\u00e9<\/li>\n<li><a href=\"https:\/\/news.google.com\/rss\/articles\/CBMivwFBVV95cUxNZHB2WUh4NVdTYmt1VVgzWllZTlNhRWlpcUN6TG9qSnRySmo0bHd6bklhQWlscEQwUDBZNWxYbVctSDdCREo3RXFKTnM0elZlamF3OUdmWTRDa0xtUE8wT2Y5QXF3LTUxZENSM0xSRWtTM0xYSXdrb2JCeDIyMFBjVUMzYjlNRkdwa3FmS0x3STlfX0F3NE9scDdvdUN0WjdzWFQ1bjJSRVNkOEZGVmlaTkkxWFNDSVJJbUN6bHJtQdIBvgFBVV95cUxNZHlaREhnMzZGMFlmd2RsRkRCZVA3MU1PVURGcDBwX19QenktOXRCOFJ1dlRnSzdUeVJGb3d0OF8wTlJKOWhBR2dnZm5rejFNYkdSZmhxS083TC1VaVdDREdHZDMzWXdtdlNCUHkxMGhJMUpIcnZySTg5bThhY0RXbmloT3dmd3I2TUFici1qYlA5RjdjUUl0M21oQWo4YjBTY3kwUktDTy1NeUVOVnBQT0FKX25mZGNSbXlOall3?oc=5\" target=\"_blank\" rel=\"nofollow noopener\">Ligue 1 : L&rsquo;essentiel \u00e0 retenir de la 2e journ\u00e9e<\/a>&nbsp;&nbsp;Orange Actualit\u00e9s | Sports<\/li>\n<\/ol>\n","protected":false},"excerpt":{"rendered":"L&rsquo;\u00e9quipe type de la 2e journ\u00e9e de Ligue 1 : Giroud et Aubameyang, les \u00ab p\u00e9p\u00e9s flingueurs \u00bb&nbsp;&nbsp;L&rsquo;\u00c9quipe&hellip;\n","protected":false},"author":2,"featured_media":342419,"comment_status":"","ping_status":"","sticky":false,"template":"","format":"standard","meta":{"footnotes":""},"categories":[1410],"tags":[63,1011,27,60],"class_list":{"0":"post-342418","1":"post","2":"type-post","3":"status-publish","4":"format-standard","5":"has-post-thumbnail","7":"category-football","8":"tag-football","9":"tag-fr","10":"tag-france","11":"tag-sports"},"share_on_mastodon":{"url":"https:\/\/pubeurope.com\/@fr\/115088523555323926","error":""},"_links":{"self":[{"href":"https:\/\/www.europesays.com\/fr\/wp-json\/wp\/v2\/posts\/342418","targetHints":{"allow":["GET"]}}],"collection":[{"href":"https:\/\/www.europesays.com\/fr\/wp-json\/wp\/v2\/posts"}],"about":[{"href":"https:\/\/www.europesays.com\/fr\/wp-json\/wp\/v2\/types\/post"}],"author":[{"embeddable":true,"href":"https:\/\/www.europesays.com\/fr\/wp-json\/wp\/v2\/users\/2"}],"replies":[{"embeddable":true,"href":"https:\/\/www.europesays.com\/fr\/wp-json\/wp\/v2\/comments?post=342418"}],"version-history":[{"count":0,"href":"https:\/\/www.europesays.com\/fr\/wp-json\/wp\/v2\/posts\/342418\/revisions"}],"wp:featuredmedia":[{"embeddable":true,"href":"https:\/\/www.europesays.com\/fr\/wp-json\/wp\/v2\/media\/342419"}],"wp:attachment":[{"href":"https:\/\/www.europesays.com\/fr\/wp-json\/wp\/v2\/media?parent=342418"}],"wp:term":[{"taxonomy":"category","embeddable":true,"href":"https:\/\/www.europesays.com\/fr\/wp-json\/wp\/v2\/categories?post=342418"},{"taxonomy":"post_tag","embeddable":true,"href":"https:\/\/www.europesays.com\/fr\/wp-json\/wp\/v2\/tags?post=342418"}],"curies":[{"name":"wp","href":"https:\/\/api.w.org\/{rel}","templated":true}]}}