{"id":342422,"date":"2025-08-25T08:45:30","date_gmt":"2025-08-25T08:45:30","guid":{"rendered":"https:\/\/www.europesays.com\/fr\/342422\/"},"modified":"2025-08-25T08:45:30","modified_gmt":"2025-08-25T08:45:30","slug":"a-botmeur-des-sculptures-metalliques-ont-pris-racine-dans-le-bourg","status":"publish","type":"post","link":"https:\/\/www.europesays.com\/fr\/342422\/","title":{"rendered":"\u00c0 Botmeur, des sculptures m\u00e9talliques\u00a0ont pris racine dans le bourg"},"content":{"rendered":"<p>Pour la quatri\u00e8me ann\u00e9e cons\u00e9cutive, la commune de Botmeur, dans les monts d\u2019Arr\u00e9e, accueille une exposition originale de sculptures en plein air, au c\u0153ur du bourg. L\u2019artiste choisie cette ann\u00e9e est Isabelle P\u00e9lissier, qui pr\u00e9sente ses cr\u00e9ations jusqu\u2019au 7 septembre. Install\u00e9e \u00e0 Loqueffret depuis 2019, elle a su transformer le site de Lost al Lenn en une v\u00e9ritable po\u00e9sie visuelle, d\u00e9voilant une vingtaine de sculptures m\u00e9talliques et color\u00e9es. Les \u0153uvres semblent \u00e9voquer des insectes aux ailes l\u00e9g\u00e8res, des fleurs d\u00e9licates, ou encore des cr\u00e9atures plus abstraites, selon la vision de chacun.<\/p>\n<p>Cette exposition singuli\u00e8re est \u00e0 l\u2018image du parcours tout aussi atypique de l\u2019artiste, pass\u00e9e de la publicit\u00e9 \u00e0 l\u2019illustration avant de se tourner vers la peinture. C\u2019est \u00e0 l\u2019occasion d\u2019un long s\u00e9jour de dix-sept ans aux \u00c9tats-Unis qu\u2019Isabelle P\u00e9lissier s\u2019est lanc\u00e9e dans la sculpture. \u00ab\u00a0J\u2019ai commenc\u00e9 \u00e0 New York, apr\u00e8s avoir trouv\u00e9 des morceaux de ferraille par terre sous le pont Williamsburg. Cela m\u2019a donn\u00e9 l\u2019envie d\u2019apprendre \u00e0 souder, alors j\u2019ai suivi un apprentissage au Nouveau-Mexique\u00a0\u00bb, raconte-t-elle.<\/p>\n<p><img decoding=\"async\" src=\"https:\/\/www.europesays.com\/fr\/wp-content\/uploads\/2025\/08\/68aacfb2156e673c7e02b750.1.jpeg\" width=\"480\" height=\"300\" class=\"web_golden_m\" loading=\"lazy\" alt=\"Les \u0153uvres semblent \u00e9voquer des insectes aux ailes l\u00e9g\u00e8res, des fleurs d\u00e9licates, ou encore des cr\u00e9atures plus abstraites, selon la vision de chacun.\"\/>Les \u0153uvres semblent \u00e9voquer des insectes aux ailes l\u00e9g\u00e8res, des fleurs d\u00e9licates, ou encore des cr\u00e9atures plus abstraites, selon la vision de chacun. (Le T\u00e9l\u00e9gramme\/Nathalie Com)\u00ab\u00a0Naturellement int\u00e9gr\u00e9es au d\u00e9cor\u00a0\u00bb<\/p>\n<p>Pour r\u00e9aliser cette exposition estivale, la cr\u00e9atrice est partie de petites sculptures, con\u00e7ues pour un projet ant\u00e9rieur qui ne s\u2019est pas concr\u00e9tis\u00e9. \u00ab\u00a0Quand j\u2019ai vu le site, je me suis dit que ces cr\u00e9atures qui viennent d\u2019ailleurs ont trouv\u00e9 l\u2019endroit id\u00e9al pour se poser\u00a0\u00bb, explique l\u2019artiste. Ces formes m\u00e9talliques, qui, souligne l\u2019artiste, \u00ab\u00a0semblaient attendre de s\u2019ancrer quelque part\u00a0\u00bb, se sont naturellement int\u00e9gr\u00e9es au d\u00e9cor, comme si elles faisaient partie du paysage de Lost al Lenn depuis toujours.<\/p>\n<p>Le processus de cr\u00e9ation, lui est, minutieux. Isabelle coupe, ponce, peint, soude, ressoude et parfois vernit la mati\u00e8re. \u00ab\u00a0L\u2019objectif est toujours de retrouver des formes simples, qui s\u2019int\u00e8grent avec harmonie dans la nature environnante. Elles peuvent \u00eatre animales, v\u00e9g\u00e9tales, ou un m\u00e9lange des deux\u00a0\u00bb, insiste la sculptrice. La diversit\u00e9 des mat\u00e9riaux et des formes donne \u00e0 chaque \u0153uvre une singularit\u00e9 tout en pr\u00e9servant une unit\u00e9 dans l\u2019ensemble de l\u2019exposition.<\/p>\n<p><img decoding=\"async\" src=\"https:\/\/www.europesays.com\/fr\/wp-content\/uploads\/2025\/08\/68aacfb2c71484d4120c7eb2.1.jpeg\" width=\"480\" height=\"300\" class=\"web_golden_m\" loading=\"lazy\" alt=\"L\u2019exposition des sculptures d\u2019Isabelle P\u00e9lissier va se poursuivre jusqu\u2019au 7\u00a0septembre sur le site \u00e0 Lost al Lenn \u00e0 Botmeur.\"\/>L\u2019exposition des sculptures d\u2019Isabelle P\u00e9lissier va se poursuivre jusqu\u2019au 7\u00a0septembre sur le site \u00e0 Lost al Lenn \u00e0 Botmeur. (Le T\u00e9l\u00e9gramme\/Nathalie Com)<img decoding=\"async\" src=\"https:\/\/www.europesays.com\/fr\/wp-content\/uploads\/2025\/08\/68aacfb2fe18eef02702bad2.1.jpeg\" width=\"480\" height=\"300\" class=\"web_golden_m\" loading=\"lazy\" alt=\"Ces formes m\u00e9talliques de toutes tailles qui semblaient attendre de s\u2019ancrer quelque part, se sont naturellement int\u00e9gr\u00e9es au d\u00e9cor, comme si elles faisaient partie du paysage depuis toujours.\"\/>Ces formes m\u00e9talliques de toutes tailles qui semblaient attendre de s\u2019ancrer quelque part, se sont naturellement int\u00e9gr\u00e9es au d\u00e9cor, comme si elles faisaient partie du paysage depuis toujours. (Le T\u00e9l\u00e9gramme\/Nathalie Com)\u00ab\u00a0Valoriser un lieu unique\u00a0\u00bb<\/p>\n<p>Cette derni\u00e8re contribue \u00e0 faire d\u00e9couvrir le talent d\u2019Isabelle P\u00e9lissier tout en dynamisant le bourg de Botmeur. \u00ab\u00a0Lorsque nous avons cr\u00e9\u00e9 cette exposition estivale, l\u2019id\u00e9e \u00e9tait de mettre \u00e0 l\u2018honneur un artiste sculpteur du secteur. Il y a beaucoup de gens tr\u00e8s talentueux dans les environs qui exposent trop rarement\u00a0\u00bb, explique Loeiza Beauvir, conseill\u00e8re municipale. En attirant des visiteurs, qui n\u2019auraient peut-\u00eatre pas os\u00e9 entrer dans une galerie, l\u2019exposition valorise aussi le site de Lost al Lenn, un lieu unique situ\u00e9 \u00e0 deux pas de l\u2019\u00e9glise de Botmeur. Ancien moulin puis ancien lavoir, cette combe a \u00e9t\u00e9 d\u00e9frich\u00e9e par la mairie. \u00ab\u00a0Cet espace communal charmant \u00e9tait jusqu\u2019alors inexploit\u00e9. Il demeure d\u2019ailleurs impraticable en hiver\u00a0\u00bb, pr\u00e9cise Loeiza Beauvir.<\/p>\n<p><img decoding=\"async\" src=\"https:\/\/www.europesays.com\/fr\/wp-content\/uploads\/2025\/08\/68aacfb24043b123260cafb1.1.jpeg\" width=\"480\" height=\"300\" class=\"web_golden_m\" loading=\"lazy\" alt=\"Isabelle P\u00e9lissier, ici aux c\u00f4t\u00e9s de Loeiza Beauvir, conseill\u00e8re municipale \u00e0 Botmeur, expose une vingtaine de sculptures sur le site \u00e0 Lost al Lenn.\"\/>Isabelle P\u00e9lissier, ici aux c\u00f4t\u00e9s de Loeiza Beauvir, conseill\u00e8re municipale \u00e0 Botmeur, expose une vingtaine de sculptures sur le site \u00e0 Lost al Lenn. (Le T\u00e9l\u00e9gramme\/Nathalie Com)\u00c0 d\u00e9couvrir jusqu\u2019au 7 septembre<\/p>\n<p>L\u2019exposition fermera ses portes le 7 septembre mais les sculptures d\u2019Isabelle P\u00e9lissier laisseront une empreinte durable, tant dans le paysage que dans les esprits. L\u2019histoire entre la sculptrice et la commune de Botmeur va se poursuivre en donnant lieu \u00e0 un atelier cr\u00e9atif pr\u00e9vu \u00e0 la fin du mois. L\u2019occasion de d\u00e9couvrir l\u2019univers de l\u2019artiste de mani\u00e8re plus interactive cette fois.<\/p>\n<p>Pratique<\/p>\n<p class=\"note\">Exposition des sculptures d\u2019Isabelle P\u00e9lissier en acc\u00e8s libre jusqu\u2019au dimanche 7 septembre sur le site de Lost al Lenn, \u00e0 Botmeur. Gratuit. Plus d\u2019information sur le site\u00a0: <a href=\"https:\/\/isabellepelissier.jimdofree.com\/\" title=\"isabellepelissier.jimdofree.com\" rel=\"nofollow noopener\" target=\"_blank\">isabellepelissier.jimdofree.com<\/a><\/p>\n","protected":false},"excerpt":{"rendered":"Pour la quatri\u00e8me ann\u00e9e cons\u00e9cutive, la commune de Botmeur, dans les monts d\u2019Arr\u00e9e, accueille une exposition originale de&hellip;\n","protected":false},"author":2,"featured_media":342423,"comment_status":"","ping_status":"","sticky":false,"template":"","format":"standard","meta":{"footnotes":""},"categories":[1358],"tags":[8913,1348,1384,1385,32934,5934,251,1386,58,59,1011,27,2131],"class_list":{"0":"post-342422","1":"post","2":"type-post","3":"status-publish","4":"format-standard","5":"has-post-thumbnail","7":"category-arts-et-design","8":"tag-art-plastique","9":"tag-arts","10":"tag-arts-and-design","11":"tag-arts-et-design","12":"tag-botmeur","13":"tag-carhaix-plouguer","14":"tag-culture","15":"tag-design","16":"tag-divertissement","17":"tag-entertainment","18":"tag-fr","19":"tag-france","20":"tag-morlaix"},"share_on_mastodon":{"url":"https:\/\/pubeurope.com\/@fr\/115088531515847623","error":""},"_links":{"self":[{"href":"https:\/\/www.europesays.com\/fr\/wp-json\/wp\/v2\/posts\/342422","targetHints":{"allow":["GET"]}}],"collection":[{"href":"https:\/\/www.europesays.com\/fr\/wp-json\/wp\/v2\/posts"}],"about":[{"href":"https:\/\/www.europesays.com\/fr\/wp-json\/wp\/v2\/types\/post"}],"author":[{"embeddable":true,"href":"https:\/\/www.europesays.com\/fr\/wp-json\/wp\/v2\/users\/2"}],"replies":[{"embeddable":true,"href":"https:\/\/www.europesays.com\/fr\/wp-json\/wp\/v2\/comments?post=342422"}],"version-history":[{"count":0,"href":"https:\/\/www.europesays.com\/fr\/wp-json\/wp\/v2\/posts\/342422\/revisions"}],"wp:featuredmedia":[{"embeddable":true,"href":"https:\/\/www.europesays.com\/fr\/wp-json\/wp\/v2\/media\/342423"}],"wp:attachment":[{"href":"https:\/\/www.europesays.com\/fr\/wp-json\/wp\/v2\/media?parent=342422"}],"wp:term":[{"taxonomy":"category","embeddable":true,"href":"https:\/\/www.europesays.com\/fr\/wp-json\/wp\/v2\/categories?post=342422"},{"taxonomy":"post_tag","embeddable":true,"href":"https:\/\/www.europesays.com\/fr\/wp-json\/wp\/v2\/tags?post=342422"}],"curies":[{"name":"wp","href":"https:\/\/api.w.org\/{rel}","templated":true}]}}