{"id":342424,"date":"2025-08-25T08:46:23","date_gmt":"2025-08-25T08:46:23","guid":{"rendered":"https:\/\/www.europesays.com\/fr\/342424\/"},"modified":"2025-08-25T08:46:23","modified_gmt":"2025-08-25T08:46:23","slug":"rentree-litteraire-2025-%e2%9d%a4%ef%b8%8f-trois-enterrements-%e2%9d%a4%ef%b8%8f-anders-lustgarten","status":"publish","type":"post","link":"https:\/\/www.europesays.com\/fr\/342424\/","title":{"rendered":"RENTR\u00c9E LITT\u00c9RAIRE 2025 \u2764\ufe0f TROIS ENTERREMENTS \u2764\ufe0f ANDERS LUSTGARTEN"},"content":{"rendered":"<p><img decoding=\"async\" alt=\"\" class=\"image-size-large\" data-amp-height=\"1358\" data-amp-width=\"720\" data-data-cke-saved-src=\"https:\/\/www.europesays.com\/fr\/wp-content\/uploads\/2025\/08\/image\/1371318\/20250823\/ob_f65535_9782330208837.jpg\" src=\"https:\/\/www.europesays.com\/fr\/wp-content\/uploads\/2025\/08\/image\/1371318\/20250823\/ob_f65535_9782330208837.jpg\"\/><\/p>\n<p>\u00a0<\/p>\n<p>Nouvelle plong\u00e9e dans la rentr\u00e9e litt\u00e9raire- d\u00e9j\u00e0 dans les bacs ou\u00a0\u00e0 venir-\u00a0et voici donc une 3\u00e8me lecture- et la premi\u00e8re de litt\u00e9rature \u00e9trang\u00e8re-\u00a0totalement emballante.<\/p>\n<p>\u00a0<\/p>\n<p style=\"text-align: justify;\">\u00a0\u00bb Trois enterrements,\u00a0\u00bb nous propose de suivre plusieurs\u00a0exil\u00e9s quittant les c\u00f4tes fran\u00e7aises \u00e0 bord d&rsquo;une embarcation de fortune, direction l&rsquo;Angleterre<\/p>\n<p style=\"text-align: justify;\">Dans un montage altern\u00e9 d&rsquo;une grande fluidit\u00e9 et d&rsquo;une grande puissance, Anders Lustgarten , dont c&rsquo;est le premier roman, donne voix \u00e0 trois figures et donc trois courants de pens\u00e9e : Omar, athl\u00e8te bris\u00e9 par la guerre et anim\u00e9 cependant par la promesse d&rsquo;un avenir plus doux,\u00a0\u00a0Andy Jakubiak, policier bancal enr\u00f4l\u00e9 dans une milice raciste d\u00e9guis\u00e9e en patrouille b\u00e9n\u00e9vole ; Cherry, cheffe de service en bout de course, confront\u00e9e \u00e0 la d\u00e9pouille d&rsquo;un jeune homme sur une plage anglaise.<\/p>\n<p style=\"text-align: justify;\">Trois enterrements\u00a0\u00bb\u00a0 ou une plong\u00e9e sans concession dans le quotidien des migrants au Royaume Uni\u00a0 qui vire vite \u00e0 la course poursuite \u00e0 la sauce Thelma et Louise d&rsquo;aujourd&rsquo;hui &#8211; une r\u00e9f\u00e9rence qui revient souvent dans la bouche de Cherry-\u00a0<\/p>\n<p style=\"text-align: justify;\">\u00a0<\/p>\n<p><img decoding=\"async\" alt=\"\" data-amp-height=\"546\" data-amp-width=\"1187\" data-data-cke-saved-src=\"https:\/\/www.europesays.com\/fr\/wp-content\/uploads\/2025\/08\/image\/1371318\/20250823\/ob_5780d3_troisss.png\" src=\"https:\/\/www.europesays.com\/fr\/wp-content\/uploads\/2025\/08\/image\/1371318\/20250823\/ob_5780d3_troisss.png\"\/><\/p>\n<p style=\"text-align: justify;\">\u00a0<\/p>\n<p style=\"text-align: justify;\">Des personnages attachants, un rythme dynamique et tr\u00e9pidant, qui d\u00e9crit l&rsquo;urgence de survivre,\u00a0 un style radical entre\u00a0style oral, humour cash et pamphlet politique cinglant et parfois assourdissant, des th\u00e9matiques essentielles-\u00a0 (au choix suicide, x\u00e9nophobie, critique de la police, immigration et religion)\u00a0 :\u00a0 ce premier roman explore nos pr\u00e9occupations sociales les plus pressantes avec une clairvoyance n\u00e9cessaire mais toutefois d\u00e9vastatrice.\u00a0 A mille lieux des clich\u00e9s et des bons sentiments.<\/p>\n<p style=\"text-align: justify;\">Un tout petit b\u00e9mol: le mat\u00e9riau est tr\u00e8s dense pour un roman de 330 pages et quelques, donnant parfois l&rsquo;impression de survoler certaines th\u00e9matiques, mais c&rsquo;est vraiment pour chipoter tant la lecture est jubilatoire.<\/p>\n<p style=\"text-align: justify;\">Si on en croit son pedigree, Anders Lustgarten a visiblement\u00a0\u00e9t\u00e9,\u00a0avant de se mettre \u00e0 l&rsquo;\u00e9criture, champion sportif international, \u00a0enseignant dans le couloir de la mort \u00e0 San Quentin, activiste politique arr\u00eat\u00e9 sur quatre\u00a0continents diff\u00e9rents,\u00a0\u00a0DJ techno, chirurgien des arbres et menuisier.\u00a0<\/p>\n<p style=\"text-align: justify;\">C\u2019est aussi d\u00e9sormais\u00a0un auteur\u00a0sur qui il faudra compter.<\/p>\n<p><strong>&#8212;&#8212;&#8212;&#8212;&#8212;&#8212;&#8212;&#8212;&#8212;&#8212;&#8212;&#8212;&#8212;&#8212;&#8212;&#8212;&#8212;&#8212;&#8212;&#8212;&#8212;&#8212;&#8212;&#8212;&#8212;&#8212;&#8212;&#8212;&#8212;&#8212;&#8212;&#8212;&#8212;&#8212;&#8212;&#8212;&#8212;-<\/strong><\/p>\n<p><strong>Mention sp\u00e9ciale pour la superbe traduction-\u00a0comme d&rsquo;habitude pourrions nous dire-\u00a0 de Claro.<\/strong><\/p>\n<p>TROIS ENTERREMENTS \u2014 ANDERS LUSTGARTEN- Actes sud- Septembre 2025<\/p>\n","protected":false},"excerpt":{"rendered":"\u00a0 Nouvelle plong\u00e9e dans la rentr\u00e9e litt\u00e9raire- d\u00e9j\u00e0 dans les bacs ou\u00a0\u00e0 venir-\u00a0et voici donc une 3\u00e8me lecture-&hellip;\n","protected":false},"author":2,"featured_media":342425,"comment_status":"","ping_status":"","sticky":false,"template":"","format":"standard","meta":{"footnotes":""},"categories":[1357],"tags":[1379,58,59,1011,27,1380],"class_list":{"0":"post-342424","1":"post","2":"type-post","3":"status-publish","4":"format-standard","5":"has-post-thumbnail","7":"category-livres","8":"tag-books","9":"tag-divertissement","10":"tag-entertainment","11":"tag-fr","12":"tag-france","13":"tag-livres"},"share_on_mastodon":{"url":"https:\/\/pubeurope.com\/@fr\/115088535344146372","error":""},"_links":{"self":[{"href":"https:\/\/www.europesays.com\/fr\/wp-json\/wp\/v2\/posts\/342424","targetHints":{"allow":["GET"]}}],"collection":[{"href":"https:\/\/www.europesays.com\/fr\/wp-json\/wp\/v2\/posts"}],"about":[{"href":"https:\/\/www.europesays.com\/fr\/wp-json\/wp\/v2\/types\/post"}],"author":[{"embeddable":true,"href":"https:\/\/www.europesays.com\/fr\/wp-json\/wp\/v2\/users\/2"}],"replies":[{"embeddable":true,"href":"https:\/\/www.europesays.com\/fr\/wp-json\/wp\/v2\/comments?post=342424"}],"version-history":[{"count":0,"href":"https:\/\/www.europesays.com\/fr\/wp-json\/wp\/v2\/posts\/342424\/revisions"}],"wp:featuredmedia":[{"embeddable":true,"href":"https:\/\/www.europesays.com\/fr\/wp-json\/wp\/v2\/media\/342425"}],"wp:attachment":[{"href":"https:\/\/www.europesays.com\/fr\/wp-json\/wp\/v2\/media?parent=342424"}],"wp:term":[{"taxonomy":"category","embeddable":true,"href":"https:\/\/www.europesays.com\/fr\/wp-json\/wp\/v2\/categories?post=342424"},{"taxonomy":"post_tag","embeddable":true,"href":"https:\/\/www.europesays.com\/fr\/wp-json\/wp\/v2\/tags?post=342424"}],"curies":[{"name":"wp","href":"https:\/\/api.w.org\/{rel}","templated":true}]}}