{"id":342430,"date":"2025-08-25T08:49:12","date_gmt":"2025-08-25T08:49:12","guid":{"rendered":"https:\/\/www.europesays.com\/fr\/342430\/"},"modified":"2025-08-25T08:49:12","modified_gmt":"2025-08-25T08:49:12","slug":"liv-delon-embauchee-par-une-prestigieuse-marque-francaise-la-fille-danthony-delon-a-deja-un-joli-cv-a-24-ans","status":"publish","type":"post","link":"https:\/\/www.europesays.com\/fr\/342430\/","title":{"rendered":"Liv Delon embauch\u00e9e par une prestigieuse marque fran\u00e7aise, la fille d&rsquo;Anthony Delon a d\u00e9j\u00e0 un joli CV \u00e0 24 ans"},"content":{"rendered":"<p>            <img loading=\"lazy\" decoding=\"async\" src=\"https:\/\/www.europesays.com\/fr\/wp-content\/uploads\/2025\/04\/145-6602e1ce8ddc4-35x35-1.jpg\" class=\"author-article-picture\" width=\"35\" height=\"35\"\/><\/p>\n<p>                Par<br \/>\n                                    <a class=\"author-article-bio-link\" href=\"https:\/\/www.purepeople.com\/auteur\/lucie-gosselin_a145\" rel=\"nofollow noopener\" target=\"_blank\">Lucie Gosselin<\/a><br \/>\n                                                    | R\u00e9dactrice<\/p>\n<p>\n                Journaliste passionn\u00e9e, depuis plus de 10 ans, je r\u00e9alise des enqu\u00eates, des portraits, des reportages ou des interviews.\n            <\/p>\n<p>\n    Vingt-quatre bougies scintilleront ce lundi 25 ao\u00fbt 2025 sur le g\u00e2teau d\u2019anniversaire de Liv Delon. Bient\u00f4t le quart de si\u00e8cle pour la fille d\u2019Anthony Delon qui a d\u00e9cid\u00e9 de se lancer professionnellement dans un milieu que son papa et son regrett\u00e9 grand-p\u00e8re ont c\u00f4toy\u00e9 depuis pas mal d\u2019ann\u00e9es. Et non, ce n\u2019est pas le cin\u00e9ma ou la chanson !\n<\/p>\n<p>                            <img loading=\"lazy\" decoding=\"async\" class=\"player-thumbnail\" src=\"https:\/\/www.europesays.com\/fr\/wp-content\/uploads\/2025\/08\/d37e76b43e6e385b-580x326-2.jpg\" width=\"580\" height=\"326\"\/><\/p>\n<p>                    Liv Delon embauch\u00e9e par une prestigieuse marque fran\u00e7aise, la fille d&rsquo;Anthony Delon a d\u00e9j\u00e0 un joli CV \u00e0 24 ans<\/p>\n<p>La suite apr\u00e8s la publicit\u00e9<\/p>\n<p>Boom Boom, c\u2019est le titre de l\u2019\u00e9mission \u00e0 laquelle participait <a href=\"https:\/\/www.purepeople.com\/people\/anthony-delon_p1565\" rel=\"nofollow noopener\" target=\"_blank\">Anthony Delon<\/a> en juin dernier. Alors tr\u00e8s impact\u00e9 par <a href=\"https:\/\/www.purepeople.com\/article\/alain-delon-parti-entoure-des-siens-sa-fille-anouchka-a-pris-cette-magnifique-photo-quelques-heures-avant-sa-disparition_a526347\/1\" rel=\"nofollow noopener\" target=\"_blank\">la disparition de son c\u00e9l\u00e8bre papa<\/a> il y a tout juste un an, le monstre sacr\u00e9 du cin\u00e9ma fran\u00e7ais <a href=\"https:\/\/www.purepeople.com\/people\/alain-delon_p38\" rel=\"nofollow noopener\" target=\"_blank\">Alain Delon<\/a>, l\u2019a\u00een\u00e9 du clan ne cachait pas que l\u2019ann\u00e9e \u00e9coul\u00e9e l\u2019avait pas mal remu\u00e9. \u00ab\u00a0<a href=\"https:\/\/www.purepeople.com\/article\/anthony-delon-en-deuil-sa-mere-nathalie-est-morte_a420830\/1\" rel=\"nofollow noopener\" target=\"_blank\">J\u2019ai perdu tous mes parents<\/a>, d\u00e9clarait Anthony Delon. J\u2019en ai perdu quatre (en plus de ses parents biologiques, <a href=\"https:\/\/www.purepeople.com\/article\/nathalie-et-alain-delon-lies-malgre-la-separation-il-se-glissait-parfois-dans-son-lit-leur-fils-anthony-raconte_a533500\/1\" rel=\"nofollow noopener\" target=\"_blank\">Alain et Nathalie<\/a>, il pense ici \u00e0 son parrain George Beaume et sa marraine Loulou, tous deux tr\u00e8s importants dans sa vie NDLR). Donc cette derni\u00e8re ann\u00e9e, j\u2019en ai parl\u00e9 avec des amis et je leur ai dit : Tu vois, ce qui est une chance est aussi une mal\u00e9diction. (\u2026) <strong>Ce sont des gens qui m\u2019ont \u00e9lev\u00e9 et qui ont \u00e9t\u00e9 extraordinaires.<\/strong> Des gens d\u2019un autre monde, d\u2019une autre \u00e9poque avec des valeurs qui n\u2019existent plus aujourd\u2019hui et qui m\u2019ont transmis.\u00a0\u00bb<\/p>\n<p>Visiblement toujours tr\u00e8s marqu\u00e9 par les disparitions successives de ceux qui comptaient tant dans sa vie, Anthony Delon continuait au micro d\u2019Alexandra Roost en d\u00e9clarant : \u00ab\u00a0Quand on perd ses deux parents, \u00e7a laisse un trou, mais quand on en a quatre, <strong>\u00e7a laisse un trou forc\u00e9ment encore plus grand, plus b\u00e9ant.<\/strong> (&#8230;) C\u2019est vrai qu\u2019ils me manquent beaucoup. Ils \u00e9taient tr\u00e8s tr\u00e8s proches de moi.\u00a0\u00bb<\/p>\n<p>Anthony Delon a donn\u00e9 tout ce qu&rsquo;il n&rsquo;a pas eu \u00e0 ses filles<\/p>\n<p>Le r\u00e9confort, Anthony Delon le trouve entour\u00e9 de ses filles Loup et Liv, n\u00e9es en 1996 et 2001, de <a href=\"https:\/\/www.purepeople.com\/article\/cetait-un-choix-partage-anthony-delon-et-sa-vie-de-famille-singuliere-avec-sophie-clerico-la-mere-de-ses-deux-filles-loup-et-liv_a539646\/1\" rel=\"nofollow noopener\" target=\"_blank\">son union avec Sophie Clerico<\/a>. Une affection paternelle qu\u2019il \u00e9voquait dans Boom Boom de la sorte : \u00ab\u00a0L\u2019amour est pr\u00e9sent ou il ne l\u2019est pas, on ne choisit pas. Mais tout \u00e7a se construit. Moi, ce que j\u2019ai construit avec <a href=\"https:\/\/www.purepeople.com\/article\/anthony-delon-entoure-de-ses-ravissantes-filles-liv-et-loup-grande-soiree-en-famille-pour-celebrer-son-pere-alain-delon_a529794\/1\" rel=\"nofollow noopener\" target=\"_blank\">mes filles<\/a>, c\u2019est parce qu\u2019on m\u2019a montr\u00e9 \u00e7a, mais apr\u00e8s je l\u2019ai construit \u00e0 ma mani\u00e8re. (\u2026) J\u2019ai tout de suite eu envie de transmettre ce qu\u2019on m\u2019avait transmis. Tout naturellement, je l\u2019ai fait avec mes filles.\u00a0\u00bb<\/p>\n<p>Sa complicit\u00e9 de tous les jours et l\u2019amour qu\u2019il porte pour Loup et Liv, Anthony Delon l\u2019\u00e9voquait \u00e9galement, en septembre 2023, sur le plateau de <a href=\"https:\/\/www.purepeople.com\/people\/mouloud-achour_p2516\" rel=\"nofollow noopener\" target=\"_blank\">Mouloud Achour<\/a>, dans Clique sur Canal+. \u00ab\u00a0\u00c7a fait 27 ans que je suis p\u00e8re, d\u00e9clarait le grand fr\u00e8re d\u2019<a href=\"https:\/\/www.purepeople.com\/people\/alain-fabien-delon_p2701\" rel=\"nofollow noopener\" target=\"_blank\">Alain-Fabien Delon<\/a>. Je leur ai donn\u00e9 tout ce que je n\u2019ai pas eu, en tout cas je leur ai donn\u00e9 ce dont j\u2019ai manqu\u00e9. Mais je leur ai aussi donn\u00e9 ce que j\u2019ai eu : <strong>c\u2019est l\u2019amour, c\u2019est l\u2019\u00e9coute, c\u2019est la confiance, le dialogue, l\u2019\u00e9change.<\/strong>\u00a0\u00bb Une jolie d\u00e9claration pour ses deux cadettes (il a une autre fille \u2013 <a href=\"https:\/\/www.purepeople.com\/article\/cette-maison-restera-revelations-sur-douchy-ou-se-trouve-loup-delon-la-fille-danthony_a534917\/1\" rel=\"nofollow noopener\" target=\"_blank\">Alyson<\/a> \u2013 n\u00e9e en 1986 de sa relation avec une danseuse du Crazy Horse) qui le lui rendent bien. Nombreuses sont les fois o\u00f9 l\u2019on d\u00e9couvre Anthony Delon entour\u00e9 de ses deux filles sur ses r\u00e9seaux sociaux. \u00ab\u00a0On parle de tout, presque tout, ajoutait le fier papa. Elles me disent ce qu\u2019elles ont envie de me dire.\u00a0\u00bb<\/p>\n<p>C\u2019est un de ces rares moments, o\u00f9 p\u00e8re et filles se disent tout, qui \u00e9tait diffus\u00e9 en mai dernier sur le fil Instagram d\u2019Anthony Delon. Film\u00e9 par sa fille Liv, alors qu\u2019il se trouvait dans la maison de son p\u00e8re \u00e0 Douchy, le grand fr\u00e8re d\u2019Anouchka se pr\u00eatait au jeu de l\u2019interview-confessions. Alors que Liv lui demandait comment il se sentait dans <a href=\"https:\/\/www.purepeople.com\/article\/avant-une-ceremonie-pour-alain-delon-son-fils-anthony-se-montre-dans-la-demeure-familiale-de-douchy-je-partage-avec-vous-ce-moment_a541529\/1\" rel=\"nofollow noopener\" target=\"_blank\">cette maison pleine de souvenirs<\/a>, neuf mois apr\u00e8s la disparition d\u2019Alain Delon, Anthony r\u00e9pondait face cam\u00e9ra : \u00ab\u00a0<strong>Maintenant je me sens bien, je me sens apais\u00e9, beaucoup plus serein,<\/strong> mais la maison en elle-m\u00eame est beaucoup plus sereine. Toutes les tensions qui se sont accumul\u00e9es, la derni\u00e8re ann\u00e9e, je dirais, les derniers mois, tout \u00e7a, c\u2019est parti tu vois. Donc aujourd\u2019hui r\u00e8gne une s\u00e9r\u00e9nit\u00e9, un calme\u2026\u00a0\u00bb Une s\u00e9quence film\u00e9e comme une pro. Et pourtant, Liv est tout sauf r\u00e9alisatrice ou journaliste\u2026<\/p>\n<p>Liv Delon s&rsquo;occupe de l&rsquo;image d&rsquo;une c\u00e9l\u00e8bre marque de luxe fran\u00e7aise<\/p>\n<p>Pour savoir ce que compte faire la benjamine d\u2019Anthony Delon, il suffit de se rendre sur sa page LinkedIn. Du haut de ses 24 ans (qu\u2019elle c\u00e9l\u00e8bre ce lundi 25 ao\u00fbt 2025), Liv n\u2019a ni envie de se lancer dans le cin\u00e9ma ni dans la chanson. Non\u2026 <strong>Ce que Liv aime, c\u2019est un univers tout aussi exclusif mais moins expos\u00e9.<\/strong> La notori\u00e9t\u00e9, elle s\u2019en moque. Ce qui la fait vibrer, c\u2019est le luxe. Sur son curriculum vitae diffus\u00e9 sur LinkedIn, la jeune femme annonce avoir rejoint le p\u00f4le luxe du prestigieux groupe Publicis pour un contrat en alternance. Une bonne fa\u00e7on d\u2019apprendre un m\u00e9tier tout en le pratiquant entour\u00e9e de professionnels aguerris.\u00a0<\/p>\n<p>\u00ab\u00a0Assistante de la cheffe de projet pour la maison Cartier\u00a0\u00bb, <strong>Liv s\u2019applique \u00e0 faire rutiler cette grande marque fran\u00e7aise<\/strong> dans les m\u00e9dias et autres r\u00e9seaux sociaux. Depuis 2020, Liv a rejoint la grande \u00e9cole de communication l\u2019ISCOM. L\u2019occasion pour la jeune femme de multiplier les stages dans de grandes agences (Albane Communication, MAD agency\u2026) avant de rejoindre Publicis et Cartier. Sur sa page LinkedIn, Liv partage les campagnes de promotion Cartier auxquelles elle participe, comme celle lanc\u00e9e lors de la derni\u00e8re Saint-Valentin, o\u00f9 la c\u00e9l\u00e8bre maison de luxe exposait ses nouveaut\u00e9s parfum\u00e9es, ses montres et ses bijoux. Gageons qu\u2019Anthony Delon a lik\u00e9 le travail de sa fille et n\u2019h\u00e9sitera pas \u00e0 lui redire combien il est fier d\u2019elle en cette journ\u00e9e si particuli\u00e8re pour elle\u2026<\/p>\n<p>        <img decoding=\"async\" class=\"thumb-img-100 thumb-img\" src=\"https:\/\/www.europesays.com\/fr\/wp-content\/uploads\/2025\/08\/d0e241e3c2c53e1f-320x180-3.jpg\" alt=\"A Douchy, Anthony Delon d\u00e9voile une pi\u00e8ce jamais vue sous les toits : un membre phare du clan pr\u00e9f\u00e8re l\u2019\u00e9viter\" width=\"320\" height=\"180\" loading=\"lazy\" role=\"presentation\"\/><\/p>\n<p>                                            A Douchy, Anthony Delon d\u00e9voile une pi\u00e8ce jamais vue sous les toits : un membre phare du clan pr\u00e9f\u00e8re l\u2019\u00e9viter<\/p>\n<p>        <img decoding=\"async\" class=\"thumb-img-100 thumb-img\" src=\"https:\/\/www.europesays.com\/fr\/wp-content\/uploads\/2025\/08\/8fd394407a3ce068-320x180-3.jpg\" alt=\"&quot;Cette maison restera\u2026&quot; : R\u00e9v\u00e9lations sur Douchy, o\u00f9 se trouve Loup Delon, la fille d'Anthony\" width=\"320\" height=\"180\" loading=\"lazy\" role=\"presentation\"\/><\/p>\n<p>                                            \u00ab\u00a0Cette maison restera\u2026\u00a0\u00bb : R\u00e9v\u00e9lations sur Douchy, o\u00f9 se trouve Loup Delon, la fille d&rsquo;Anthony<\/p>\n","protected":false},"excerpt":{"rendered":"Par Lucie Gosselin | R\u00e9dactrice Journaliste passionn\u00e9e, depuis plus de 10 ans, je r\u00e9alise des enqu\u00eates, des portraits,&hellip;\n","protected":false},"author":2,"featured_media":342431,"comment_status":"","ping_status":"","sticky":false,"template":"","format":"standard","meta":{"footnotes":""},"categories":[1354],"tags":[58,59,1346,1011,27,1360],"class_list":{"0":"post-342430","1":"post","2":"type-post","3":"status-publish","4":"format-standard","5":"has-post-thumbnail","7":"category-films","8":"tag-divertissement","9":"tag-entertainment","10":"tag-films","11":"tag-fr","12":"tag-france","13":"tag-movies"},"share_on_mastodon":{"url":"https:\/\/pubeurope.com\/@fr\/115088547321627937","error":""},"_links":{"self":[{"href":"https:\/\/www.europesays.com\/fr\/wp-json\/wp\/v2\/posts\/342430","targetHints":{"allow":["GET"]}}],"collection":[{"href":"https:\/\/www.europesays.com\/fr\/wp-json\/wp\/v2\/posts"}],"about":[{"href":"https:\/\/www.europesays.com\/fr\/wp-json\/wp\/v2\/types\/post"}],"author":[{"embeddable":true,"href":"https:\/\/www.europesays.com\/fr\/wp-json\/wp\/v2\/users\/2"}],"replies":[{"embeddable":true,"href":"https:\/\/www.europesays.com\/fr\/wp-json\/wp\/v2\/comments?post=342430"}],"version-history":[{"count":0,"href":"https:\/\/www.europesays.com\/fr\/wp-json\/wp\/v2\/posts\/342430\/revisions"}],"wp:featuredmedia":[{"embeddable":true,"href":"https:\/\/www.europesays.com\/fr\/wp-json\/wp\/v2\/media\/342431"}],"wp:attachment":[{"href":"https:\/\/www.europesays.com\/fr\/wp-json\/wp\/v2\/media?parent=342430"}],"wp:term":[{"taxonomy":"category","embeddable":true,"href":"https:\/\/www.europesays.com\/fr\/wp-json\/wp\/v2\/categories?post=342430"},{"taxonomy":"post_tag","embeddable":true,"href":"https:\/\/www.europesays.com\/fr\/wp-json\/wp\/v2\/tags?post=342430"}],"curies":[{"name":"wp","href":"https:\/\/api.w.org\/{rel}","templated":true}]}}