{"id":342434,"date":"2025-08-25T08:51:11","date_gmt":"2025-08-25T08:51:11","guid":{"rendered":"https:\/\/www.europesays.com\/fr\/342434\/"},"modified":"2025-08-25T08:51:11","modified_gmt":"2025-08-25T08:51:11","slug":"bruno-fernandes-a-t-il-ete-vraiment-gene-par-larbitre-avant-son-penalty-manque-face-a-fulham-lequipe","status":"publish","type":"post","link":"https:\/\/www.europesays.com\/fr\/342434\/","title":{"rendered":"Bruno Fernandes a-t-il \u00e9t\u00e9 vraiment g\u00ean\u00e9 par l&#039;arbitre avant son penalty manqu\u00e9 face \u00e0 Fulham ? &#8211; L&#039;\u00c9quipe"},"content":{"rendered":"<ol>\n<li><a href=\"https:\/\/news.google.com\/rss\/articles\/CBMi3AFBVV95cUxOWnd1TF9OLTdobUlTVlVCUjF4OHo1TE5NbHN2S25yNXRkd2NEMnNUWk45dEpkbHE5dGNQVzZlMzJXTHJrM3pKSHRBVVFDdlVpSTJSanJsdkt5bzIyREdxSWl1cXBaSnpSOURGX1UxN0V4RmdiWVNTR2Ezb3VpdGtjR2JJLW1UNmRWRzNpZ05yUzI3a1JCdUhrSXhoRDk0Sk5NMEhDM3BlWG1BWW8yaDNRQ0dTMHc4b2hUZ0l4S2F6RjlTMGcyV21Rb1pHZUtmM291YXRhaDFxZFRVZUZP?oc=5\" target=\"_blank\" rel=\"nofollow noopener\">Bruno Fernandes a-t-il \u00e9t\u00e9 vraiment g\u00ean\u00e9 par l&rsquo;arbitre avant son penalty manqu\u00e9 face \u00e0 Fulham ?<\/a>&nbsp;&nbsp;L&rsquo;\u00c9quipe<\/li>\n<li><a href=\"https:\/\/news.google.com\/rss\/articles\/CBMivgFBVV95cUxPSk01Q0VoOFFGdTVDZk9Jd29JRWx1aXh4SUp5WWNSQXRkcGgzbFFyQVJBU2lLQ2x0Z1RwSnljTDF6dFYzZHNjV3pKZTNDVHlCUjhWY2N5WS00Q3JVbmRuYk1KY3VjNlFJWTVDOTd1RXh5Wl9palJTSWt1dUl5ckhsdmxnSnVsMEdqeVAyaHRHckp5SUdQMnpMa2xsR0hqNHhCOEJEZFdBT0lMQkZLRk1Md09zeXVLcnp5d3RiZnVR?oc=5\" target=\"_blank\" rel=\"nofollow noopener\">Fulham &#8211; Manchester United en direct &#8211; Premier League : Football Scores &amp; R\u00e9sultats &#8211; 24\/08\/2025<\/a>&nbsp;&nbsp;Eurosport<\/li>\n<li><a href=\"https:\/\/news.google.com\/rss\/articles\/CBMixwFBVV95cUxOcmJOZFBtZzFXVEluM1NnUXBMUE1tNV9KQUI2OEtQcEUzZ2ZxblpUNW9FYVVtcjRLNjdidVVJVTFOUDRUN2c3ZHhCbU50RUMxLXdnWWRIb0tNQTdOUnBtYlJOS1NtdWpPM3MyelJFWU5IcUFRUENOSUl2a0pJWEdHVjZOQ2wxbVpWUFpLRHJhSjZKV09yVjF4ZERvT0VWeVZZMnM4WDZFTjdmdDlVVUI4QWx5RUo3cWw3bEpzZVVqakc1RWtVdE1j0gHGAUFVX3lxTE0zdmxmaks5cGdEeW1waUNSZ0VzT3FaUTBCUTZ1MDQ4cUxsMWlNOEQ0dzhQMlhJMERCUDNDMW5KMTR6ZjY0YkdYWmk4b19hVElhLTczbUFuUjlCQjV0NEotU3g3cm82VDgtTVp1Z0dMOU5ZSHFXcEd0TzByaUcwVjdYMGc2bHJqTjdxMV9zc1N1ZEZLUlRUU2NXMHZTdjZMNlFGeTZZN0k5Wm9lbF9WUTh1ZVFyMlhtTGYyZjgtYUhSRlhodTBqdw?oc=5\" target=\"_blank\" rel=\"nofollow noopener\">Premier League (J2) : Manchester United se saborde \u00e0 Fulham<\/a>&nbsp;&nbsp;Orange Actualit\u00e9s | Sports<\/li>\n<li><a href=\"https:\/\/news.google.com\/rss\/articles\/CBMic0FVX3lxTE1xX3p4YXVseURIZTR6andYVUVLdWdSS0xNOHNfUjdpZ2tWSHNBcE82eWR5N09iZTV2cklZR2NHYXRRYXRXbk5JeGd1djFuLUhwcEtHMXQzeTl4Q3lBRmRNTDNuZDhxOWNMSHVTQ2hITGNSdlE?oc=5\" target=\"_blank\" rel=\"nofollow noopener\">Manchester United accroch\u00e9 \u00e0 Fulham<\/a>&nbsp;&nbsp;SO FOOT.com<\/li>\n<li><a href=\"https:\/\/news.google.com\/rss\/articles\/CBMioAFBVV95cUxOUGdyQ2lRZnR5ajBvU0lXUGpZRElqOWRFanJoYkZwams1aUlMWWRZWHN4R01SbVdVbTVfWTAxaGxmcE5qdGZyMVFDdnBDYkNYOHpYR0daRmNFWGdvRE55ajY3MXVwZEl0bTlneklsQ1AtSUF5YXNULV9GbmxsckNNUlVaWjNscDJLZHRBR3Y5RFBIRHJONTVzVnN4RzB6TERp?oc=5\" target=\"_blank\" rel=\"nofollow noopener\">PL : Manchester United se casse les dents sur Fulham<\/a>&nbsp;&nbsp;Foot Mercato<\/li>\n<\/ol>\n","protected":false},"excerpt":{"rendered":"Bruno Fernandes a-t-il \u00e9t\u00e9 vraiment g\u00ean\u00e9 par l&rsquo;arbitre avant son penalty manqu\u00e9 face \u00e0 Fulham ?&nbsp;&nbsp;L&rsquo;\u00c9quipe Fulham &#8211;&hellip;\n","protected":false},"author":2,"featured_media":342435,"comment_status":"","ping_status":"","sticky":false,"template":"","format":"standard","meta":{"footnotes":""},"categories":[9],"tags":[1011,27,60],"class_list":{"0":"post-342434","1":"post","2":"type-post","3":"status-publish","4":"format-standard","5":"has-post-thumbnail","7":"category-sports","8":"tag-fr","9":"tag-france","10":"tag-sports"},"share_on_mastodon":{"url":"https:\/\/pubeurope.com\/@fr\/115088555173338940","error":""},"_links":{"self":[{"href":"https:\/\/www.europesays.com\/fr\/wp-json\/wp\/v2\/posts\/342434","targetHints":{"allow":["GET"]}}],"collection":[{"href":"https:\/\/www.europesays.com\/fr\/wp-json\/wp\/v2\/posts"}],"about":[{"href":"https:\/\/www.europesays.com\/fr\/wp-json\/wp\/v2\/types\/post"}],"author":[{"embeddable":true,"href":"https:\/\/www.europesays.com\/fr\/wp-json\/wp\/v2\/users\/2"}],"replies":[{"embeddable":true,"href":"https:\/\/www.europesays.com\/fr\/wp-json\/wp\/v2\/comments?post=342434"}],"version-history":[{"count":0,"href":"https:\/\/www.europesays.com\/fr\/wp-json\/wp\/v2\/posts\/342434\/revisions"}],"wp:featuredmedia":[{"embeddable":true,"href":"https:\/\/www.europesays.com\/fr\/wp-json\/wp\/v2\/media\/342435"}],"wp:attachment":[{"href":"https:\/\/www.europesays.com\/fr\/wp-json\/wp\/v2\/media?parent=342434"}],"wp:term":[{"taxonomy":"category","embeddable":true,"href":"https:\/\/www.europesays.com\/fr\/wp-json\/wp\/v2\/categories?post=342434"},{"taxonomy":"post_tag","embeddable":true,"href":"https:\/\/www.europesays.com\/fr\/wp-json\/wp\/v2\/tags?post=342434"}],"curies":[{"name":"wp","href":"https:\/\/api.w.org\/{rel}","templated":true}]}}