{"id":342440,"date":"2025-08-25T08:54:10","date_gmt":"2025-08-25T08:54:10","guid":{"rendered":"https:\/\/www.europesays.com\/fr\/342440\/"},"modified":"2025-08-25T08:54:10","modified_gmt":"2025-08-25T08:54:10","slug":"le-vaccin-du-francais-valneva-suspendu-aux-etats-unis-apres-dautres-effets-indesirables","status":"publish","type":"post","link":"https:\/\/www.europesays.com\/fr\/342440\/","title":{"rendered":"Le vaccin du fran\u00e7ais Valneva suspendu aux Etats-Unis apr\u00e8s d\u2019autres effets ind\u00e9sirables"},"content":{"rendered":"<p>Une suspension \u00ab\u00a0imm\u00e9diate\u00a0\u00bb qui implique \u00ab\u00a0une interruption de l\u2019envoi et de la vente d\u2019Ixchiq\u00a0\u00bb, vient d\u2019annoncer <a href=\"https:\/\/www.20minutes.fr\/sante\/4093979-20240531-chikungunya-premier-vaccin-bientot-valide-europe\" target=\"_blank\" class=\"c-link c-link--is-underlined\" rel=\"noopener\">Valneva<\/a>. Les autorit\u00e9s sanitaires des <a href=\"https:\/\/www.20minutes.fr\/monde\/etats-unis\/\" class=\"c-link c-link--is-underlined\" target=\"_blank\" rel=\"noopener\">\u00c9tats-Unis<\/a> ont retir\u00e9 l\u2019autorisation du vaccin contre le <a href=\"https:\/\/www.20minutes.fr\/sante\/4148940-20250416-chikungunya-33-000-cas-dont-41-graves-six-deces-2025-epidemie-reunion-majeure-baisse\" target=\"_blank\" class=\"c-link c-link--is-underlined\" rel=\"noopener\">chikungunya <\/a>con\u00e7u par Valneva, suite \u00e0 des signalements r\u00e9cents d\u2019effets ind\u00e9sirables, selon l\u2019annonce faite lundi par le laboratoire franco-autrichien. Ce vaccin est l\u2019un des premiers \u00e0 \u00eatre d\u00e9velopp\u00e9s contre le chikungunya, maladie virale transmise d\u2019un humain \u00e0 l\u2019autre par des piq\u00fbres de moustiques.<\/p>\n<p>Mais son d\u00e9ploiement a \u00e9t\u00e9 perturb\u00e9 par le signalement de plusieurs effets graves, notamment dans le cadre d\u2019une \u00e9pid\u00e9mie majeure au printemps \u00e0 <a href=\"https:\/\/www.20minutes.fr\/sante\/4153482-20250514-chikungunya-crainte-transmission-epidemie-metropole-apres-reunion\" target=\"_blank\" class=\"c-link c-link--is-underlined\" rel=\"noopener\">la R\u00e9union<\/a>. Les autorit\u00e9s sanitaires fran\u00e7aises avaient fait d\u2019Ixchiq un outil central de la lutte contre la maladie dans le d\u00e9partement d\u2019outre-mer, mais une vingtaine d\u2019effets graves ont \u00e9t\u00e9 recens\u00e9s, tous chez des personnes \u00e2g\u00e9es. Selon le dernier bilan, un d\u00e9c\u00e8s sur place est tr\u00e8s vraisemblablement li\u00e9 au vaccin.<\/p>\n<\/p>\n<p>Le vaccin r\u00e9introduit dans l\u2019Union europ\u00e9enne<\/p>\n<p>Dans ce contexte, le vaccin avait \u00e9t\u00e9 suspendu par la France, puis l\u2019Union europ\u00e9enne pour les plus de 65 ans, avant que les Etats-Unis suivent cet exemple. Mais l\u2019UE avait r\u00e9autoris\u00e9 le vaccin en juillet, jugeant que ces effets secondaires ne remettaient pas en cause l\u2019int\u00e9r\u00eat du vaccin contre une maladie particuli\u00e8rement \u00e0 risque chez les plus \u00e2g\u00e9s.<\/p>\n<p>A l\u2019inverse, les Etats-Unis, via leur Food and Drug Administration (FDA), ont donc d\u00e9cid\u00e9 de suspendre le vaccin pour tout le monde, expliquant cette d\u00e9cision par le signalement de nouveaux effets secondaires graves aux Etats-Unis. Ce choix \u00ab\u00a0se base sur de graves inqui\u00e9tudes quant \u00e0 la s\u00e9curit\u00e9 du vaccin, qui semble provoquer des troubles semblables au chikungunya\u00a0\u00bb, affirme la FDA sur son site, assurant que \u00ab\u00a0les b\u00e9n\u00e9fices du vaccin ne compensent pas ses risques, selon les sc\u00e9narios les plus plausibles\u00a0\u00bb.<\/p>\n<p>Une suspension \u00ab\u00a0soudaine\u00a0\u00bb<\/p>\n<p>La d\u00e9cision s\u2019inscrit dans un contexte o\u00f9 nombre de chercheurs s\u2019inqui\u00e8tent de voir la politique sanitaire des Etats-Unis prendre un tour vaccinosceptique sous l\u2019\u00e9gide de Robert Kennedy Jr, nomm\u00e9 \u00e0 la t\u00eate du minist\u00e8re de la Sant\u00e9 par le pr\u00e9sident Donald Trump.<\/p>\n<p>Sans critiquer frontalement la d\u00e9cision de la FDA, Valneva a \u00e9voqu\u00e9 une suspension \u00ab\u00a0soudaine\u00a0\u00bb et jug\u00e9 que les nouveaux effets signal\u00e9s, touchant quatre personnes de 55 \u00e0 82 ans, \u00e9taient \u00ab\u00a0comparables\u00a0\u00bb \u00e0 ceux d\u00e9j\u00e0 connus. Le groupe n\u2019a pas pour l\u2019heure r\u00e9vis\u00e9 ses pr\u00e9visions financi\u00e8res en cons\u00e9quence, mais dit \u00e9valuer l\u2019impact financier que pourrait avoir un retrait d\u00e9finitif du vaccin aux Etats-Unis.<\/p>\n","protected":false},"excerpt":{"rendered":"Une suspension \u00ab\u00a0imm\u00e9diate\u00a0\u00bb qui implique \u00ab\u00a0une interruption de l\u2019envoi et de la vente d\u2019Ixchiq\u00a0\u00bb, vient d\u2019annoncer Valneva. Les&hellip;\n","protected":false},"author":2,"featured_media":342441,"comment_status":"","ping_status":"","sticky":false,"template":"","format":"standard","meta":{"footnotes":""},"categories":[6],"tags":[47,35,6443,75,33,34,73,1011,27,74,13973,71,773,148],"class_list":{"0":"post-342440","1":"post","2":"type-post","3":"status-publish","4":"format-standard","5":"has-post-thumbnail","7":"category-economie","8":"tag-actualite","9":"tag-business","10":"tag-chikungunya","11":"tag-donald-trump","12":"tag-economie","13":"tag-economy","14":"tag-etats-unis","15":"tag-fr","16":"tag-france","17":"tag-monde","18":"tag-robert-kennedy-jr","19":"tag-sante","20":"tag-vaccin","21":"tag-vaccination"},"share_on_mastodon":{"url":"https:\/\/pubeurope.com\/@fr\/115088566771277980","error":""},"_links":{"self":[{"href":"https:\/\/www.europesays.com\/fr\/wp-json\/wp\/v2\/posts\/342440","targetHints":{"allow":["GET"]}}],"collection":[{"href":"https:\/\/www.europesays.com\/fr\/wp-json\/wp\/v2\/posts"}],"about":[{"href":"https:\/\/www.europesays.com\/fr\/wp-json\/wp\/v2\/types\/post"}],"author":[{"embeddable":true,"href":"https:\/\/www.europesays.com\/fr\/wp-json\/wp\/v2\/users\/2"}],"replies":[{"embeddable":true,"href":"https:\/\/www.europesays.com\/fr\/wp-json\/wp\/v2\/comments?post=342440"}],"version-history":[{"count":0,"href":"https:\/\/www.europesays.com\/fr\/wp-json\/wp\/v2\/posts\/342440\/revisions"}],"wp:featuredmedia":[{"embeddable":true,"href":"https:\/\/www.europesays.com\/fr\/wp-json\/wp\/v2\/media\/342441"}],"wp:attachment":[{"href":"https:\/\/www.europesays.com\/fr\/wp-json\/wp\/v2\/media?parent=342440"}],"wp:term":[{"taxonomy":"category","embeddable":true,"href":"https:\/\/www.europesays.com\/fr\/wp-json\/wp\/v2\/categories?post=342440"},{"taxonomy":"post_tag","embeddable":true,"href":"https:\/\/www.europesays.com\/fr\/wp-json\/wp\/v2\/tags?post=342440"}],"curies":[{"name":"wp","href":"https:\/\/api.w.org\/{rel}","templated":true}]}}