{"id":342444,"date":"2025-08-25T08:56:10","date_gmt":"2025-08-25T08:56:10","guid":{"rendered":"https:\/\/www.europesays.com\/fr\/342444\/"},"modified":"2025-08-25T08:56:10","modified_gmt":"2025-08-25T08:56:10","slug":"ces-detenus-contestent-leur-transfert-dans-le-quartier-pour-narcotrafiquants","status":"publish","type":"post","link":"https:\/\/www.europesays.com\/fr\/342444\/","title":{"rendered":"Ces d\u00e9tenus contestent leur transfert dans le quartier pour narcotrafiquants"},"content":{"rendered":"<p>Les recours se multiplient. Depuis l\u2019ouverture de la prison de Vendin-le-Vieil, les d\u00e9tenus sont <a href=\"https:\/\/www.20minutes.fr\/justice\/4165628-20250728-super-prisons-narcos-avocats-penalistes-saisissent-conseil-etat-urgence\" class=\"c-link c-link--is-underlined\" target=\"_blank\" rel=\"noopener\">de plus en plus nombreux \u00e0 contester leur transfert<\/a> dans cet \u00e9tablissement ultra-s\u00e9curis\u00e9 du Pas-de-Calais. Entre fin juillet et d\u00e9but ao\u00fbt, 88 d\u00e9tenus, majoritairement en d\u00e9tention provisoire, <a href=\"https:\/\/www.20minutes.fr\/societe\/4167188-20250808-vendin-vieil-88-detenus-prison-haute-securite-affiche-desormais-complet\" class=\"c-link c-link--is-underlined\" target=\"_blank\" rel=\"noopener\">ont rejoint ce nouveau quartier pour narcotrafiquants<\/a>, qui affiche complet. Parmi eux figure Mohamed Amra, dont l\u2019\u00e9vasion sanglante en mai\u00a02024 dans l\u2019Eure <a href=\"https:\/\/www.20minutes.fr\/justice\/4164578-20250721-mohamed-amra-presente-excuses-victimes-evasion\" class=\"c-link c-link--is-underlined\" target=\"_blank\" rel=\"noopener\">a co\u00fbt\u00e9 la vie \u00e0 deux agents p\u00e9nitentiaires<\/a>. Une vingtaine de d\u00e9tenus ont d\u00e9j\u00e0 saisi la justice administrative pour contester leur transfert, selon l\u2019entourage du garde des Sceaux.<\/p>\n<p>Vendredi, un d\u00e9tenu avait d\u00e9crit ses nouvelles conditions de d\u00e9tention \u00e0 Vendin lors d\u2019une visioconf\u00e9rence. \u00ab\u00a0Je me retrouve d\u2019une situation respectueuse avec l\u2019administration p\u00e9nitentiaire \u00e0 l\u2019isolement, \u00e0 l\u2019enfer. Je suis fouill\u00e9 deux fois par jour, c\u2019est extr\u00eamement difficile. Ce r\u00e9gime, j\u2019ai extr\u00eamement de mal \u00e0 le vivre\u00a0\u00bb.<\/p>\n<\/p>\n<p>Ce lundi, deux d\u00e9tenus contesteront devant le tribunal administratif de <a href=\"https:\/\/www.20minutes.fr\/lille\/\" class=\"c-link c-link--is-underlined\" target=\"_blank\" rel=\"noopener\">Lille <\/a>leur placement dans ce nouveau quartier de haute s\u00e9curit\u00e9. Leur avocate Me Delphine Boesel estime que ses clients \u00ab\u00a0n\u2019ont pas \u00e0 y \u00eatre. L\u2019un est un condamn\u00e9 d\u00e9finitif engag\u00e9 dans une d\u00e9marche de r\u00e9insertion, rendue impossible ou extr\u00eamement compliqu\u00e9e. L\u2019autre ne r\u00e9pond pas aux crit\u00e8res\u00a0\u00bb, a d\u00e9clar\u00e9 l\u2019avocate.<\/p>\n<p>Des proc\u00e9dures \u00ab\u00a0en dehors de la loi\u00a0\u00bb<\/p>\n<p>Elle ne sera pas seule. Me Fabien Arakelian, qui d\u00e9fendra mardi un d\u00e9tenu \u00e0 Lille, d\u00e9nonce des proc\u00e9dures \u00ab\u00a0en dehors de la loi\u00a0\u00bb. \u00ab\u00a0On a voulu faire de lui un exemple\u00a0\u00bb, a-t-il affirm\u00e9, fustigeant un transfert motiv\u00e9 par \u00ab\u00a0des raisons populistes, \u00e9lectoralistes\u00a0\u00bb, relevant du \u00ab\u00a0fait du prince, du garde des Sceaux\u00a0\u00bb.<\/p>\n","protected":false},"excerpt":{"rendered":"Les recours se multiplient. Depuis l\u2019ouverture de la prison de Vendin-le-Vieil, les d\u00e9tenus sont de plus en plus&hellip;\n","protected":false},"author":2,"featured_media":342445,"comment_status":"","ping_status":"","sticky":false,"template":"","format":"standard","meta":{"footnotes":""},"categories":[4],"tags":[47,11,17316,1011,27,432,811,303,1307,805,813,12,1308,1309,23862,806,25,104],"class_list":{"0":"post-342444","1":"post","2":"type-post","3":"status-publish","4":"format-standard","5":"has-post-thumbnail","7":"category-france","8":"tag-actualite","9":"tag-actualites","10":"tag-detenus","11":"tag-fr","12":"tag-france","13":"tag-gerald-darmanin","14":"tag-hauts-de-france","15":"tag-justice","16":"tag-lille","17":"tag-mohamed-amra","18":"tag-narcotrafiquants","19":"tag-news","20":"tag-nord","21":"tag-nord-pas-de-calais","22":"tag-pas-de-calais","23":"tag-prison","24":"tag-republique-francaise","25":"tag-societe"},"share_on_mastodon":{"url":"https:\/\/pubeurope.com\/@fr\/115088574625196100","error":""},"_links":{"self":[{"href":"https:\/\/www.europesays.com\/fr\/wp-json\/wp\/v2\/posts\/342444","targetHints":{"allow":["GET"]}}],"collection":[{"href":"https:\/\/www.europesays.com\/fr\/wp-json\/wp\/v2\/posts"}],"about":[{"href":"https:\/\/www.europesays.com\/fr\/wp-json\/wp\/v2\/types\/post"}],"author":[{"embeddable":true,"href":"https:\/\/www.europesays.com\/fr\/wp-json\/wp\/v2\/users\/2"}],"replies":[{"embeddable":true,"href":"https:\/\/www.europesays.com\/fr\/wp-json\/wp\/v2\/comments?post=342444"}],"version-history":[{"count":0,"href":"https:\/\/www.europesays.com\/fr\/wp-json\/wp\/v2\/posts\/342444\/revisions"}],"wp:featuredmedia":[{"embeddable":true,"href":"https:\/\/www.europesays.com\/fr\/wp-json\/wp\/v2\/media\/342445"}],"wp:attachment":[{"href":"https:\/\/www.europesays.com\/fr\/wp-json\/wp\/v2\/media?parent=342444"}],"wp:term":[{"taxonomy":"category","embeddable":true,"href":"https:\/\/www.europesays.com\/fr\/wp-json\/wp\/v2\/categories?post=342444"},{"taxonomy":"post_tag","embeddable":true,"href":"https:\/\/www.europesays.com\/fr\/wp-json\/wp\/v2\/tags?post=342444"}],"curies":[{"name":"wp","href":"https:\/\/api.w.org\/{rel}","templated":true}]}}