{"id":342449,"date":"2025-08-25T09:03:10","date_gmt":"2025-08-25T09:03:10","guid":{"rendered":"https:\/\/www.europesays.com\/fr\/342449\/"},"modified":"2025-08-25T09:03:10","modified_gmt":"2025-08-25T09:03:10","slug":"baptiste-serin-sans-langue-de-bois-sur-la-fin-de-saison-ratee-du-rc-toulon","status":"publish","type":"post","link":"https:\/\/www.europesays.com\/fr\/342449\/","title":{"rendered":"Baptiste Serin sans langue de bois sur la fin de saison rat\u00e9e du RC Toulon"},"content":{"rendered":"<p>Le demi-de-m\u00eal\u00e9e du Rugby Club Toulonnais, Baptiste Serin s\u2019est longuement confi\u00e9 via <a href=\"https:\/\/www.lamarseillaise.fr\/sports\/entretien-baptiste-serin-gagner-un-titre-avec-toulon-est-le-dernier-objectif-de-ma-carriere-MH18680480\" rel=\"nofollow noopener\" target=\"_blank\">La Marseillaise<\/a>.<\/p>\n<p>Ce-dernier est notamment revenu sur la fin de saison difficile v\u00e9cue par le XV de la Rade.<\/p>\n<p>Il a notamment parl\u00e9 de la d\u00e9faite conc\u00e9d\u00e9e contre Toulouse en quart de finale de la Champions Cup au Stade Mayol.<\/p>\n<p><strong>Selon lui, le RCT n\u2019a pas vraiment jou\u00e9 le match. Extrait:<\/strong><\/p>\n<p>\u00ab\u00a0Je dirais que c\u2019est une saison positive, dans le sens o\u00f9 l\u2019on a \u00e9t\u00e9 constant jusqu\u2019au mois d\u2019avril. On a gagn\u00e9 notre place en play-offs tr\u00e8s t\u00f4t. Mais la d\u00e9faite sur la sir\u00e8ne contre Toulouse en Champions Cup nous a fait du mal. On n\u2019a jamais su passer au-del\u00e0 de cette d\u00e9faite-l\u00e0. On est rest\u00e9 un peu embourb\u00e9 l\u00e0-dedans. Il y a de la d\u00e9ception, car j\u2019ai l\u2019impression qu\u2019on ne joue pas le match. On s\u2019est fait prendre physiquement et on n\u2019aurait pas d\u00fb essayer de prendre le jeu \u00e0 notre compte.\u00a0\u00bb<\/p>\n<p><strong>Derri\u00e8re, le RCT s\u2019est manqu\u00e9 en demi-finale du Top 14 contre l\u2019UBB. Extrait:<\/strong><\/p>\n<p>\u00ab\u00a0Et derri\u00e8re, notre aventure en Top 14 s\u2019arr\u00eate en demi-finale contre Bordeaux. On avait le niveau pour aller les titiller, mais pas sur ce match-l\u00e0. On ne s\u2019est pas donn\u00e9 l\u2019opportunit\u00e9 de faire mieux. On a \u00e9t\u00e9 moins tueurs, moins efficaces et moins cr\u00e9ateurs quand on avait le ballon. On a fait un match de spectateurs. Ce n\u2019est pas top pour une demi-finale, surtout qu\u2019on faisait partie des \u00e9quipes en forme sur la fin de saison. C\u2019est un point \u00e0 am\u00e9liorer.\u00a0\u00bb<\/p>\n<p><strong>Dans la foul\u00e9e, il explique ce qu\u2019il a manqu\u00e9 au Rugby Club Toulonnais pour performer. Il cite notamment un certain Charles Ollivon. Extrait:<\/strong><\/p>\n<p>\u00ab\u00a0Il a manqu\u00e9 de l\u2019exp\u00e9rience collective, de l\u2019exp\u00e9rience individuelle aussi par moments et des leaders comme Charles Ollivon qui nous ont beaucoup manqu\u00e9 sur la fin de saison pass\u00e9e. L\u2019exp\u00e9rience permet d\u2019appr\u00e9hender ces moments et ces matches importants d\u2019une autre fa\u00e7on. Parfois, on peut en appr\u00e9hender avec la peur, alors qu\u2019il n\u2019y a pas de raison. Ou alors en se disant que \u00e7a peut passer. <\/p>\n<p>Mais non, il faut aller les chercher avec conviction et d\u00e9termination. On a progress\u00e9 sur ce point l\u2019ann\u00e9e pass\u00e9e, notamment quand on va chercher la victoire face \u00e0 Castres. Mais j\u2019ai la sensation que l\u2019on pouvait faire bien mieux en demi-finale, en se procurant plus d\u2019occasions et en tenant mieux le ballon. C\u2019est vraiment dommage.\u00a0\u00bb<\/p>\n","protected":false},"excerpt":{"rendered":"Le demi-de-m\u00eal\u00e9e du Rugby Club Toulonnais, Baptiste Serin s\u2019est longuement confi\u00e9 via La Marseillaise. Ce-dernier est notamment revenu&hellip;\n","protected":false},"author":2,"featured_media":342450,"comment_status":"","ping_status":"","sticky":false,"template":"","format":"standard","meta":{"footnotes":""},"categories":[9619],"tags":[1111,11,1777,674,1011,27,12,882,25,2310],"class_list":{"0":"post-342449","1":"post","2":"type-post","3":"status-publish","4":"format-standard","5":"has-post-thumbnail","7":"category-toulon","8":"tag-actu","9":"tag-actualites","10":"tag-eu","11":"tag-europe","12":"tag-fr","13":"tag-france","14":"tag-news","15":"tag-provence-alpes-cote-dazur","16":"tag-republique-francaise","17":"tag-toulon"},"share_on_mastodon":{"url":"https:\/\/pubeurope.com\/@fr\/115088602111846086","error":""},"_links":{"self":[{"href":"https:\/\/www.europesays.com\/fr\/wp-json\/wp\/v2\/posts\/342449","targetHints":{"allow":["GET"]}}],"collection":[{"href":"https:\/\/www.europesays.com\/fr\/wp-json\/wp\/v2\/posts"}],"about":[{"href":"https:\/\/www.europesays.com\/fr\/wp-json\/wp\/v2\/types\/post"}],"author":[{"embeddable":true,"href":"https:\/\/www.europesays.com\/fr\/wp-json\/wp\/v2\/users\/2"}],"replies":[{"embeddable":true,"href":"https:\/\/www.europesays.com\/fr\/wp-json\/wp\/v2\/comments?post=342449"}],"version-history":[{"count":0,"href":"https:\/\/www.europesays.com\/fr\/wp-json\/wp\/v2\/posts\/342449\/revisions"}],"wp:featuredmedia":[{"embeddable":true,"href":"https:\/\/www.europesays.com\/fr\/wp-json\/wp\/v2\/media\/342450"}],"wp:attachment":[{"href":"https:\/\/www.europesays.com\/fr\/wp-json\/wp\/v2\/media?parent=342449"}],"wp:term":[{"taxonomy":"category","embeddable":true,"href":"https:\/\/www.europesays.com\/fr\/wp-json\/wp\/v2\/categories?post=342449"},{"taxonomy":"post_tag","embeddable":true,"href":"https:\/\/www.europesays.com\/fr\/wp-json\/wp\/v2\/tags?post=342449"}],"curies":[{"name":"wp","href":"https:\/\/api.w.org\/{rel}","templated":true}]}}