{"id":342451,"date":"2025-08-25T09:04:10","date_gmt":"2025-08-25T09:04:10","guid":{"rendered":"https:\/\/www.europesays.com\/fr\/342451\/"},"modified":"2025-08-25T09:04:10","modified_gmt":"2025-08-25T09:04:10","slug":"jetais-en-manque-venu-se-faire-soigner-au-chu-de-montpellier-un-toxicomane-y-derobe-des-ordinateurs-pour-une-recette-de-1-000-e","status":"publish","type":"post","link":"https:\/\/www.europesays.com\/fr\/342451\/","title":{"rendered":"\u00ab\u00a0J\u2019\u00e9tais en manque\u00a0\u00bb\u00a0: venu se faire soigner au CHU de Montpellier, un toxicomane y d\u00e9robe des ordinateurs pour une recette de 1\u00a0000\u00a0\u20ac"},"content":{"rendered":"<p>\n                                                                Un multir\u00e9cidiviste a \u00e9t\u00e9 condamn\u00e9 \u00e0 un an de prison ferme pour des vols commis \u00e0 Lapeyronie et Arnaud-de-Villeneuve, qui lui permettaient d\u2019acheter de la coca\u00efne.\n                            <\/p>\n<p>Ishane n\u2019est pas un inconnu pour le tribunal. Ce Montpelli\u00e9rain \u00e2g\u00e9 de 45 ans cumule 28 condamnations. Il comparaissait en r\u00e9cidive pour des vols commis dans l\u2019enceinte du CHU.<\/p>\n<p>Le dimanche 10\u00a0ao\u00fbt, vers 14\u00a0heures, c\u2019est d\u2019abord \u00e0 Arnaud-de-Villeneuve qu\u2019il avait emport\u00e9 deux ordinateurs, quatre ordinateurs portables et une tablette. Le store de l\u2019accueil avait \u00e9t\u00e9 d\u00e9grad\u00e9. Plusieurs plaintes avaient \u00e9t\u00e9 d\u00e9pos\u00e9es le jour m\u00eame.<\/p>\n<p>Sur les images de vid\u00e9osurveillance, les policiers avaient observ\u00e9 un homme v\u00eatu de sombre, et portant un bandage \u00e0 la main gauche, se promener dans l\u2019\u00e9tablissement. Identifi\u00e9, il avait \u00e9t\u00e9 interpell\u00e9 sans difficult\u00e9. Connu pour des faits de vol, il \u00e9tait r\u00e9cemment sorti de prison.<\/p>\n<p>Des images sensibles dans les objets vol\u00e9s<\/p>\n<p>\u00ab\u00a0Je m\u2019injecte de la coca\u00efne et j\u2019allais \u00e0 l\u2019h\u00f4pital pour me faire soigner, a expliqu\u00e9 Ishane aux juges. J\u2019ai vu une porte ouverte et j\u2019ai vol\u00e9 les objets. Je les ai revendus pour 1\u00a0000\u00a0\u20ac en tout. \u00c7a m\u2019a permis de rembourser mon grossiste et d\u2019acheter 10\u00a0g de coca\u00efne. J\u2019\u00e9tais en manque.\u00a0\u00bb<\/p>\n<p>Parmi ces objets, il y avait aussi trois ordinateurs portables, un cam\u00e9scope et un appareil photo d\u00e9rob\u00e9s \u00e0 l\u2019unit\u00e9 m\u00e9dico-judiciaire, situ\u00e9 dans le d\u00e9partement de m\u00e9decine l\u00e9gale, au CHU Lapeyronie. Le vol avait \u00e9t\u00e9 d\u00e9couvert le lendemain matin par un agent de s\u00e9curit\u00e9.<\/p>\n<p>Ce d\u00e9lit \u00e9tait d\u2019autant plus grave que les objets vol\u00e9s contenaient des images et t\u00e9moignages de victimes de violences, et qu\u2019ils n\u2019ont pas pu \u00eatre retrouv\u00e9s.<\/p>\n<p>\u00ab\u00a0Il est malade, \u00e9puis\u00e9 et d\u00e9pass\u00e9 par son addiction\u00a0\u00bb<\/p>\n<p>S\u00e9par\u00e9 et p\u00e8re d\u2019une fille de 20 ans, Ishane comparaissait aussi pour une tentative de vol commise le 2\u00a0ao\u00fbt dans un institut de beaut\u00e9 situ\u00e9 \u00e0 Alco. Mais l\u2019intervention d\u2019un t\u00e9moin avait permis d\u2019emp\u00eacher le vol d\u2019une mobylette. \u00ab\u00a0Il est malade, \u00e9puis\u00e9 et d\u00e9pass\u00e9 par son addiction, a plaid\u00e9 son avocate. Je vous demande une peine utile avec des soins\u00a0\u00bb.<\/p>\n<p>\u00ab\u00a0Il est d\u00e9sins\u00e9r\u00e9 sur le plan social et son \u00e9tat n\u00e9cessitera un accompagnement en d\u00e9tention\u00a0\u00bb, a d\u00e9clar\u00e9 le procureur, demandant trois ans de prison dont deux avec sursis.<\/p>\n<p>C\u2019est cette peine qui a \u00e9t\u00e9 appliqu\u00e9e par les juges. Ishane est reparti directement en prison.<\/p>\n","protected":false},"excerpt":{"rendered":"Un multir\u00e9cidiviste a \u00e9t\u00e9 condamn\u00e9 \u00e0 un an de prison ferme pour des vols commis \u00e0 Lapeyronie et&hellip;\n","protected":false},"author":2,"featured_media":342452,"comment_status":"","ping_status":"","sticky":false,"template":"","format":"standard","meta":{"footnotes":""},"categories":[9599],"tags":[1111,11,1777,674,1011,27,2208,12,2680,25],"class_list":{"0":"post-342451","1":"post","2":"type-post","3":"status-publish","4":"format-standard","5":"has-post-thumbnail","7":"category-montpellier","8":"tag-actu","9":"tag-actualites","10":"tag-eu","11":"tag-europe","12":"tag-fr","13":"tag-france","14":"tag-montpellier","15":"tag-news","16":"tag-occitanie","17":"tag-republique-francaise"},"share_on_mastodon":{"url":"https:\/\/pubeurope.com\/@fr\/115088606124595109","error":""},"_links":{"self":[{"href":"https:\/\/www.europesays.com\/fr\/wp-json\/wp\/v2\/posts\/342451","targetHints":{"allow":["GET"]}}],"collection":[{"href":"https:\/\/www.europesays.com\/fr\/wp-json\/wp\/v2\/posts"}],"about":[{"href":"https:\/\/www.europesays.com\/fr\/wp-json\/wp\/v2\/types\/post"}],"author":[{"embeddable":true,"href":"https:\/\/www.europesays.com\/fr\/wp-json\/wp\/v2\/users\/2"}],"replies":[{"embeddable":true,"href":"https:\/\/www.europesays.com\/fr\/wp-json\/wp\/v2\/comments?post=342451"}],"version-history":[{"count":0,"href":"https:\/\/www.europesays.com\/fr\/wp-json\/wp\/v2\/posts\/342451\/revisions"}],"wp:featuredmedia":[{"embeddable":true,"href":"https:\/\/www.europesays.com\/fr\/wp-json\/wp\/v2\/media\/342452"}],"wp:attachment":[{"href":"https:\/\/www.europesays.com\/fr\/wp-json\/wp\/v2\/media?parent=342451"}],"wp:term":[{"taxonomy":"category","embeddable":true,"href":"https:\/\/www.europesays.com\/fr\/wp-json\/wp\/v2\/categories?post=342451"},{"taxonomy":"post_tag","embeddable":true,"href":"https:\/\/www.europesays.com\/fr\/wp-json\/wp\/v2\/tags?post=342451"}],"curies":[{"name":"wp","href":"https:\/\/api.w.org\/{rel}","templated":true}]}}