{"id":342453,"date":"2025-08-25T09:05:14","date_gmt":"2025-08-25T09:05:14","guid":{"rendered":"https:\/\/www.europesays.com\/fr\/342453\/"},"modified":"2025-08-25T09:05:14","modified_gmt":"2025-08-25T09:05:14","slug":"montpellier-le-mama-stock-festival-revient-ce-week-end-en-soutien-a-sos-mediterranee","status":"publish","type":"post","link":"https:\/\/www.europesays.com\/fr\/342453\/","title":{"rendered":"Montpellier : le Mama Stock Festival revient ce week-end en soutien \u00e0 SOS M\u00e9diterran\u00e9e"},"content":{"rendered":"<p>\t\t\t\t<a href=\"https:\/\/www.europesays.com\/fr\/wp-content\/uploads\/2025\/08\/photo-mama-stock.jpeg\" data-lightbox=\"lb\" data-title=\"e Mama Stock Festival est un \u00e9v\u00e8nement gratuit en soutien \u00e0 S.O.S. M\u00e9diterran\u00e9e. (Photo : Louis Blanchard : DR) \"><br \/>\n\t\t\t\t\t<img decoding=\"async\" class=\"wp-image-7214 size-full\" src=\"https:\/\/www.europesays.com\/fr\/wp-content\/uploads\/2025\/08\/photo-mama-stock.jpeg\"\/><br \/>\n\t\t\t\t<\/a><\/p>\n<p>e Mama Stock Festival est un \u00e9v\u00e8nement gratuit en soutien \u00e0 S.O.S. M\u00e9diterran\u00e9e. (Photo : Louis Blanchard : DR) <\/p>\n<p><strong>Le Mama Stock Festival revient au parc Montcalm du 29 au 31 ao\u00fbt pour sa 8\u1d49 \u00e9dition. Gratuit et ouvert \u00e0 tous, l\u2019\u00e9v\u00e9nement propose trois jours de concerts, spectacles, expositions, tables rondes et animations familiales. Comme chaque ann\u00e9e, il s\u2019affiche en soutien \u00e0 l\u2019ONG SOS M\u00e9diterran\u00e9e, qui m\u00e8ne des op\u00e9rations de sauvetage en mer<\/strong><\/p>\n<p>Port\u00e9 par l\u2019association MamaSound, le festival se veut pluridisciplinaire et \u00e9co-responsable. Plus d\u2019une centaine d\u2019artistes et acteurs locaux sont attendus, avec une programmation musicale allant de la fanfare au reggae en passant par la chanson engag\u00e9e. Parmi les t\u00eates d\u2019affiche figurent Mo\u2019 Kalamity, Alee &amp; Mourad Musset (La Rue K\u00e9tanou), Mauvaise Bouche ou encore Mango Mango.<\/p>\n<p>Le public pourra aussi d\u00e9couvrir un village associatif r\u00e9unissant une trentaine d\u2019organisations (une partie de la r\u00e9daction du Poing tiendra un stand pour y vendre nos journaux papiers \u00e0 prix libre, n\u2019h\u00e9sitez pas \u00e0 venir nous voir), une galerie d\u2019art \u00e9ph\u00e9m\u00e8re, un espace enfants enrichi, ainsi que des stands de restauration. Malgr\u00e9 <a href=\"https:\/\/lepoing.net\/le-departement-de-lherault-attaque-la-culture-independante\/\" target=\"_blank\" rel=\"noreferrer noopener nofollow\">la fermeture du service H\u00e9rault Mat\u00e9riel Sc\u00e9nique<\/a>, le festival a pu \u00eatre maintenu gr\u00e2ce \u00e0 la solidarit\u00e9 d\u2019associations locales.<\/p>\n<p>\ud83d\udc49 <a href=\"https:\/\/www.mamastock.fr\/programmation\" target=\"_blank\" rel=\"noreferrer noopener nofollow\">Programmation compl\u00e8te ici<\/a><\/p>\n<p>Nos articles sont gratuits car nous pensons que la presse ind\u00e9pendante doit \u00eatre accessible \u00e0 toutes et tous. Pourtant, produire une information engag\u00e9e et de qualit\u00e9 n\u00e9cessite du temps et de l\u2019argent, surtout quand on refuse d\u2019\u00eatre aux ordres de Bollor\u00e9 et de ses amis\u2026 Pourvu que \u00e7a dure\u00a0! \u00c7a tombe bien, \u00e7a ne tient qu\u2019\u00e0 vous :<\/p>\n","protected":false},"excerpt":{"rendered":"e Mama Stock Festival est un \u00e9v\u00e8nement gratuit en soutien \u00e0 S.O.S. M\u00e9diterran\u00e9e. (Photo : Louis Blanchard :&hellip;\n","protected":false},"author":2,"featured_media":342454,"comment_status":"","ping_status":"","sticky":false,"template":"","format":"standard","meta":{"footnotes":""},"categories":[9599],"tags":[1111,11,1777,674,1011,27,2208,12,2680,25],"class_list":{"0":"post-342453","1":"post","2":"type-post","3":"status-publish","4":"format-standard","5":"has-post-thumbnail","7":"category-montpellier","8":"tag-actu","9":"tag-actualites","10":"tag-eu","11":"tag-europe","12":"tag-fr","13":"tag-france","14":"tag-montpellier","15":"tag-news","16":"tag-occitanie","17":"tag-republique-francaise"},"share_on_mastodon":{"url":"https:\/\/pubeurope.com\/@fr\/115088610051714187","error":""},"_links":{"self":[{"href":"https:\/\/www.europesays.com\/fr\/wp-json\/wp\/v2\/posts\/342453","targetHints":{"allow":["GET"]}}],"collection":[{"href":"https:\/\/www.europesays.com\/fr\/wp-json\/wp\/v2\/posts"}],"about":[{"href":"https:\/\/www.europesays.com\/fr\/wp-json\/wp\/v2\/types\/post"}],"author":[{"embeddable":true,"href":"https:\/\/www.europesays.com\/fr\/wp-json\/wp\/v2\/users\/2"}],"replies":[{"embeddable":true,"href":"https:\/\/www.europesays.com\/fr\/wp-json\/wp\/v2\/comments?post=342453"}],"version-history":[{"count":0,"href":"https:\/\/www.europesays.com\/fr\/wp-json\/wp\/v2\/posts\/342453\/revisions"}],"wp:featuredmedia":[{"embeddable":true,"href":"https:\/\/www.europesays.com\/fr\/wp-json\/wp\/v2\/media\/342454"}],"wp:attachment":[{"href":"https:\/\/www.europesays.com\/fr\/wp-json\/wp\/v2\/media?parent=342453"}],"wp:term":[{"taxonomy":"category","embeddable":true,"href":"https:\/\/www.europesays.com\/fr\/wp-json\/wp\/v2\/categories?post=342453"},{"taxonomy":"post_tag","embeddable":true,"href":"https:\/\/www.europesays.com\/fr\/wp-json\/wp\/v2\/tags?post=342453"}],"curies":[{"name":"wp","href":"https:\/\/api.w.org\/{rel}","templated":true}]}}