{"id":342455,"date":"2025-08-25T09:06:09","date_gmt":"2025-08-25T09:06:09","guid":{"rendered":"https:\/\/www.europesays.com\/fr\/342455\/"},"modified":"2025-08-25T09:06:09","modified_gmt":"2025-08-25T09:06:09","slug":"la-cour-est-plus-apaisee-le-college-vegetalise-de-bonsecours-pres-de-rouen-va-faire-des-petits","status":"publish","type":"post","link":"https:\/\/www.europesays.com\/fr\/342455\/","title":{"rendered":"\u00ab\u00a0La cour est plus apais\u00e9e\u00a0\u00bb\u00a0: le coll\u00e8ge v\u00e9g\u00e9talis\u00e9 de Bonsecours, pr\u00e8s de Rouen, va faire des petits"},"content":{"rendered":"<p class=\"paragraph text_align_left lp-f-body-02\">Termin\u00e9 en Seine-Maritime, les coll\u00e8ges en b\u00e9ton froid avec des cours en bitume ouvertes \u00e0 tous les vents. Depuis 2022, le D\u00e9partement s\u2019est engag\u00e9 dans une r\u00e9flexion afin de <a href=\"https:\/\/www.leparisien.fr\/paris-75\/paris-transformations-vegetalisation-pendant-lete-les-ecoles-aussi-se-mettent-au-vert-06-07-2023-MDCAJLDQN5ABPFT7UMYFRCBHPU.php \" target=\"_self\" rel=\"noopener\">v\u00e9g\u00e9taliser les cours de r\u00e9cr\u00e9ation<\/a>. Le premier \u00e9tablissement en milieu urbain \u00e0 avoir subi depuis septembre 2024 ce lifting est le Coll\u00e8ge \u00c9mile Verhaeren de Bonsecours, une commune de la c\u00f4te Sainte-Catherine \u00e0 Rouen.<\/p>\n<p class=\"paragraph text_align_left lp-f-body-02\">Et de l\u2019avis g\u00e9n\u00e9ral (\u00e9lus, enseignants, personnel et bien entendu coll\u00e9giens), c\u2019est une r\u00e9ussite ! Au point que le d\u00e9partement de Seine-Maritime vient de valider l\u2019exp\u00e9rimentation et que d\u2019autres coll\u00e8ges vont bient\u00f4t b\u00e9n\u00e9ficier \u00e0 leur tour de ce retour \u00e0 la nature. Le vice-pr\u00e9sident de Seine-Maritime et maire de Bonsecours, Laurent Grelaud, l\u2019a annonc\u00e9 d\u2019embl\u00e9e, lors de la pr\u00e9sentation de l\u2019espace color\u00e9 agr\u00e9ment\u00e9 de centaines de v\u00e9g\u00e9taux.<\/p>\n<p class=\"paragraph text_align_left lp-f-body-02\">Des jeux, dont un terrain de football \u00e0 cinq et une table de tennis de table, une piste de course, des espaces de relaxation, de bancs r\u00e9alis\u00e9s \u00e0 partir des grumes de vieux arbres, une prairie fleurie avec son h\u00f4tel \u00e0 insectes, son composteur et son amphith\u00e9\u00e2tre engazonn\u00e9e compl\u00e8tent le d\u00e9cor.<\/p>\n<p class=\"paragraph text_align_left lp-f-body-02\">\u00ab Les \u00e9lus n\u2019ont pas \u00e0 proprement parler particip\u00e9 \u00e0 la d\u00e9finition du projet, a-t-il assur\u00e9. Ils l\u2019ont accompagn\u00e9. Notre r\u00f4le n\u2019\u00e9tait pas de dire qu\u2019il fallait faire comme ceci ou comme cela. Il fallait veiller \u00e0 ne pas partir sur un projet de v\u00e9g\u00e9talisation pour se faire plaisir et r\u00e9pondre totalement \u00e0 des exigences environnementales. Il y avait un vrai \u00e9quilibre \u00e0 trouver qui n\u2019est pas tellement facile. \u00bb<\/p>\n<p class=\"paragraph text_align_left lp-f-body-02\">\u00ab C\u2019est unique en France, a pr\u00e9cis\u00e9 Laurent Grelaud, nous avons mis autour de la table des experts du CEREMA (Centre d\u2019\u00e9tudes et d\u2019expertise sur les risques, l\u2019environnement, la mobilit\u00e9 et l\u2019am\u00e9nagement) et, pour le volet \u00e9ducatif, le R\u00e9seau CANOPE (R\u00e9seau de formation des enseignants) afin de balayer la diversit\u00e9 de toutes les contraintes, les attentes et les besoins pour construire ce projet avec une exigence plus \u00e9ducative et p\u00e9dagogique. \u00bb<\/p>\n<p class=\"paragraph text_align_left lp-f-body-02\">Le coll\u00e8ge lui-m\u00eame a particip\u00e9 \u00e0 la conception \u00e0 travers \u00ab les \u00e9l\u00e8ves qui ont \u00e9t\u00e9 sollicit\u00e9s sur l\u2019utilisation de la cour, des assises, du marquage au sol, des jeux, du choix des v\u00e9g\u00e9taux ainsi que les enseignants lors de r\u00e9unions et d\u2019\u00e9changes. Une jeune charg\u00e9e de mission architecte a m\u00eame fait le lien entre le ma\u00eetre d\u2019\u0153uvre, les entreprises et le coll\u00e8ge tout au long des travaux \u00bb, a expliqu\u00e9 de son c\u00f4t\u00e9 Caroline Laurent, la principale. Les travaux entam\u00e9s en avril 2024 et ont \u00e9t\u00e9 livr\u00e9s en septembre de la m\u00eame ann\u00e9e.<\/p>\n<p class=\"paragraph text_align_left lp-f-body-02\">\u00ab Tous les r\u00e9seaux ont \u00e9t\u00e9 refaits, a pr\u00e9cis\u00e9 le maire. La partie imperm\u00e9able a \u00e9t\u00e9 divis\u00e9e par deux. C\u2019est beaucoup car, en m\u00eame temps, c\u2019\u00e9tait impossible de faire une cour en pelouse. Le co\u00fbt s\u2019\u00e9l\u00e8ve 600 000 euros dont 250 000 euros de subventions et 300 000 euros rien que pour la v\u00e9g\u00e9talisation. \u00bb<\/p>\n<p class=\"paragraph text_align_left lp-f-body-02\">\u00ab Ce n\u2019est pas une r\u00e9volution, est-il convenu, mais une fois dans la cour, les \u00e9l\u00e8ves vivent avec la nature et la biodiversit\u00e9. Ils la regardent, se l\u2019approprient et y sont plus sensibles. Ce n\u2019est pas comme en parler pendant un cours, projet\u00e9 sur un tableau blanc. On ouvre \u00e0 la d\u00e9couverte, car les jeunes n\u2019y vont pas spontan\u00e9ment. C\u2019\u00e9tait \u00e0 nous, les adultes, d\u2019amener cette offre. \u00bb<\/p>\n<p>Des \u00e9tudes lanc\u00e9es dans sept nouveaux \u00e9tablissements<\/p>\n<p class=\"paragraph text_align_left lp-f-body-02\">Caroline Laurent a de son c\u00f4t\u00e9 per\u00e7u depuis des changements de comportement chez les coll\u00e9giens. \u00ab Ils se cr\u00e9ent des espaces privatifs. Sur le temps m\u00e9ridien, la vie scolaire a remarqu\u00e9 qu\u2019il y avait une cour plus apais\u00e9e. Le coll\u00e8ge, c\u2019est le moment de la scolarit\u00e9 qui emm\u00e8ne l\u2019enfant \u00e0 l\u2019adolescence : il est plus statique, s\u2019assoit et discute. Nous devions avoir une cour plurielle qui prend en compte ce passage de la vie. \u00bb<\/p>\n<p class=\"paragraph text_align_left lp-f-body-02\">Les enseignants et le personnel ont \u00e9galement appr\u00e9ci\u00e9, voyant leur cadre de travail s\u2019am\u00e9liorer. \u00ab Depuis la salle des profs, ils ont une vue sur la prairie et l\u2019amphith\u00e9\u00e2tre o\u00f9 ils peuvent aussi enseigner diff\u00e9remment, a poursuivi Catherine Laurent. D\u2019ailleurs, d\u2019autres principaux de coll\u00e8ge m\u2019ont contact\u00e9e et sont int\u00e9ress\u00e9s. \u00bb<\/p>\n<p class=\"paragraph text_align_left lp-f-body-02\">Certains seront satisfaits, car des \u00e9tudes sont lanc\u00e9es pour les coll\u00e8ges Fontenelle \u00e0 Rouen, Eug\u00e8ne Delacroix \u00e0 Valmont, Hector Malot \u00e0 Mesnil-Esnard, Rollon \u00e0 Gournay-en-Bray, Eug\u00e8ne Varlin au Havre, Fernand L\u00e9ger au Petit-Quevilly et Jacques-\u00c9mile Blanche \u00e0 Saint-Pierre-l\u00e8s-Elbeuf. Et cette logique sera \u00e0 l\u2019\u0153uvre dans toutes les nouvelles constructions.<\/p>\n","protected":false},"excerpt":{"rendered":"Termin\u00e9 en Seine-Maritime, les coll\u00e8ges en b\u00e9ton froid avec des cours en bitume ouvertes \u00e0 tous les vents.&hellip;\n","protected":false},"author":2,"featured_media":342456,"comment_status":"","ping_status":"","sticky":false,"template":"","format":"standard","meta":{"footnotes":""},"categories":[9587],"tags":[1111,917,11,459,1777,674,1011,27,3746,12,5161,25,9590,11074],"class_list":{"0":"post-342455","1":"post","2":"type-post","3":"status-publish","4":"format-standard","5":"has-post-thumbnail","7":"category-rouen","8":"tag-actu","9":"tag-actu-locale","10":"tag-actualites","11":"tag-departements-horsidfo","12":"tag-eu","13":"tag-europe","14":"tag-fr","15":"tag-france","16":"tag-futurs","17":"tag-news","18":"tag-normandie","19":"tag-republique-francaise","20":"tag-rouen","21":"tag-seine-maritime-76"},"share_on_mastodon":{"url":"https:\/\/pubeurope.com\/@fr\/115088613894704245","error":""},"_links":{"self":[{"href":"https:\/\/www.europesays.com\/fr\/wp-json\/wp\/v2\/posts\/342455","targetHints":{"allow":["GET"]}}],"collection":[{"href":"https:\/\/www.europesays.com\/fr\/wp-json\/wp\/v2\/posts"}],"about":[{"href":"https:\/\/www.europesays.com\/fr\/wp-json\/wp\/v2\/types\/post"}],"author":[{"embeddable":true,"href":"https:\/\/www.europesays.com\/fr\/wp-json\/wp\/v2\/users\/2"}],"replies":[{"embeddable":true,"href":"https:\/\/www.europesays.com\/fr\/wp-json\/wp\/v2\/comments?post=342455"}],"version-history":[{"count":0,"href":"https:\/\/www.europesays.com\/fr\/wp-json\/wp\/v2\/posts\/342455\/revisions"}],"wp:featuredmedia":[{"embeddable":true,"href":"https:\/\/www.europesays.com\/fr\/wp-json\/wp\/v2\/media\/342456"}],"wp:attachment":[{"href":"https:\/\/www.europesays.com\/fr\/wp-json\/wp\/v2\/media?parent=342455"}],"wp:term":[{"taxonomy":"category","embeddable":true,"href":"https:\/\/www.europesays.com\/fr\/wp-json\/wp\/v2\/categories?post=342455"},{"taxonomy":"post_tag","embeddable":true,"href":"https:\/\/www.europesays.com\/fr\/wp-json\/wp\/v2\/tags?post=342455"}],"curies":[{"name":"wp","href":"https:\/\/api.w.org\/{rel}","templated":true}]}}