{"id":342459,"date":"2025-08-25T09:10:14","date_gmt":"2025-08-25T09:10:14","guid":{"rendered":"https:\/\/www.europesays.com\/fr\/342459\/"},"modified":"2025-08-25T09:10:14","modified_gmt":"2025-08-25T09:10:14","slug":"une-bonne-nouvelle-et-une-grosse-inquietude-pour-horneland-avant-grenoble","status":"publish","type":"post","link":"https:\/\/www.europesays.com\/fr\/342459\/","title":{"rendered":"Une bonne nouvelle et une grosse inqui\u00e9tude pour Horneland avant Grenoble"},"content":{"rendered":"<p>                                            Publi\u00e9 le 25\/08\/2025 \u00e0 10h46<br \/>\n                                                                                3 minutes de lecture\n                                                                    <\/p>\n<p>F\u00e9ru de sport et plus particuli\u00e8rement de ballon rond depuis ma plus tendre enfance.<\/p>\n<p>                                            Lire la suite<\/p>\n<p>L\u00a0\u00bbAS Saint-\u00c9tienne a certes d\u00e9croch\u00e9 une victoire pr\u00e9cieuse face \u00e0 Boulogne-sur-Mer, mais cette rencontre laisse un go\u00fbt amer sur le plan m\u00e9dical. <strong>Les deux lat\u00e9raux st\u00e9phanois<\/strong> ont en effet termin\u00e9 la partie diminu\u00e9s physiquement, victimes de contacts violents qui suscitent des inqui\u00e9tudes diff\u00e9renci\u00e9es. Alors que l&rsquo;\u00e9quipe conserve sa position de leader au championnat gr\u00e2ce au but de <strong>Zuriko Davitashvili<\/strong>, l&rsquo;entra\u00eeneur <strong>Eirik Horneland<\/strong> doit d\u00e9sormais composer avec des incertitudes sur l&rsquo;\u00e9tat de sant\u00e9 de ses joueurs. Cette situation illustre parfaitement les d\u00e9fis auxquels font face les \u00e9quipes en comp\u00e9tition, o\u00f9 chaque match peut bouleverser les plans tactiques et la pr\u00e9paration des rencontres suivantes. Le technicien norv\u00e9gien s&rsquo;est montr\u00e9 transparent lors de sa conf\u00e9rence de presse, livrant des informations pr\u00e9cises sur l&rsquo;\u00e9tat de ses deux d\u00e9fenseurs lat\u00e9raux.<\/p>\n<p>                                <img decoding=\"async\" src=\"https:\/\/www.europesays.com\/fr\/wp-content\/uploads\/2025\/04\/1744123449_543_logo.png\" alt=\"Logo\"\/><\/p>\n<p>100\u20ac offerts sur ton 1er pari !<\/p>\n<p>                            <a href=\"https:\/\/bit.ly\/4j5wl4k\" class=\"headband-button\" target=\"_blank\" rel=\"noopener\">J&rsquo;en profite<\/a><\/p>\n<p>                                                                <img loading=\"lazy\" decoding=\"async\" src=\"https:\/\/www.europesays.com\/fr\/wp-content\/uploads\/2025\/08\/asse-une-bonne-nouvelle-et-une-grosse-inquietude-pour-horneland-avant-grenoble.jpg\" alt=\"Illustration : &quot;ASSE : Une bonne nouvelle et une grosse inqui\u00e9tude pour Horneland avant Grenoble &quot;\" class=\"figure-img img-fluid\" width=\"780\" height=\"478\"\/><\/p>\n<p>                                    \u00a9 Site officiel de l&rsquo;ASSE                                <\/p>\n<p>Inqui\u00e9tude majeure pour Ebenezer Annan<\/p>\n<p>La situation d&rsquo;<strong>Ebenezer Annan<\/strong> constitue la principale source de pr\u00e9occupation pour le staff m\u00e9dical st\u00e9phanois. Le lat\u00e9ral ghan\u00e9en a v\u00e9cu une fin de match particuli\u00e8rement difficile, contraint d&rsquo;abandonner ses co\u00e9quipiers \u00e0 la <strong>89\u00e8me minute<\/strong> apr\u00e8s un contact qui lui a caus\u00e9 une blessure \u00e0 la cheville. L&rsquo;image du joueur quittant le terrain en boitant, une attelle d\u00e9j\u00e0 fix\u00e9e \u00e0 sa cheville, t\u00e9moigne de la gravit\u00e9 potentielle de sa blessure. <strong>Ben Old<\/strong> a pris sa place dans les derni\u00e8res minutes, mais c&rsquo;est bien l&rsquo;avenir sportif d&rsquo;Annan qui pr\u00e9occupe l&rsquo;encadrement technique. Horneland n&rsquo;a pas cach\u00e9 son inqui\u00e9tude en d\u00e9clarant : \u00ab\u00a0Pour Annan, je suis pr\u00e9occup\u00e9. Il s&rsquo;est tordu la cheville, ce n&rsquo;\u00e9tait pas tr\u00e8s beau.\u00a0\u00bb Cette franchise du coach norv\u00e9gien laisse pr\u00e9sager des examens approfondis et une p\u00e9riode d&rsquo;indisponibilit\u00e9 qui pourrait compromettre les plans tactiques de l&rsquo;\u00e9quipe dans les prochaines \u00e9ch\u00e9ances.<\/p>\n<p>Soulagement relatif pour Joao Ferreira<\/p>\n<p>\u00c0 l&rsquo;inverse, la situation de <strong>Joao Ferreira<\/strong> appara\u00eet nettement plus rassurante, malgr\u00e9 la violence du contact subi. Le d\u00e9fenseur portugais a \u00e9t\u00e9 victime d&rsquo;un geste dangereux de <strong>Mpembele Boula<\/strong>, qui lui a ass\u00e9n\u00e9 un coup de pied en pleine t\u00eate, valant \u00e0 l&rsquo;attaquant boulonnais un carton jaune m\u00e9rit\u00e9. Bien que l&rsquo;action ait sembl\u00e9 impressionnante sur le moment, la prise en charge imm\u00e9diate par le staff m\u00e9dical et les premi\u00e8res \u00e9valuations se r\u00e9v\u00e8lent encourageantes. Horneland s&rsquo;est montr\u00e9 optimiste concernant son lat\u00e9ral droit : \u00ab\u00a0Ferreira ? Je pense que tout ira bien. Sur le moment c&rsquo;\u00e9tait un sacr\u00e9 coup. Il a \u00e9t\u00e9 rapidement pris en charge par le staff et le m\u00e9decin.\u00a0\u00bb Cette r\u00e9activit\u00e9 de l&rsquo;encadrement m\u00e9dical et l&rsquo;absence de complications imm\u00e9diates laissent esp\u00e9rer une r\u00e9cup\u00e9ration rapide pour le Portugais, qui pourrait \u00eatre disponible pour les prochaines rencontres sans difficult\u00e9 majeure.<\/p>\n<p>Enjeux tactiques et perspectives d&rsquo;\u00e9quipe<\/p>\n<p>Ces blessures surviennent \u00e0 un moment crucial pour l&rsquo;ASSE, qui occupe actuellement <strong>la t\u00eate du championnat<\/strong> et doit maintenir son rythme dans la comp\u00e9tition. La potentielle indisponibilit\u00e9 d&rsquo;Annan obligerait Horneland \u00e0 revoir ses sch\u00e9mas tactiques et \u00e0 faire appel \u00e0 d&rsquo;autres solutions sur le flanc gauche de la d\u00e9fense. Les <strong>examens compl\u00e9mentaires<\/strong> pr\u00e9vus en d\u00e9but de semaine seront d\u00e9terminants pour \u00e9tablir un diagnostic pr\u00e9cis et planifier la suite de la saison. Cette situation rappelle l&rsquo;importance de la profondeur d&rsquo;effectif dans une saison longue et exigeante, o\u00f9 chaque joueur peut \u00eatre appel\u00e9 \u00e0 jouer un r\u00f4le crucial selon les circonstances.<\/p>\n<p>La Ligue 2 a repris ses droits et l\u2019ASSE n\u2019a fait qu\u2019une bouch\u00e9e de Rodez pour la 2\u00e8me journ\u00e9e de championnat. Pour cette saison 2025-2026, profitez de 100\u20ac offerts pour votre premi\u00e8re inscription sur Parions Sport en Ligne. <a href=\"http:\/\/bit.ly\/4hgs1yE\" target=\"_blank\" rel=\"noopener\"><strong>L\u2019ASSE valide son ticket pour la L1 en finissant 1\u00e8re de L2 ? Pariez sur une mont\u00e9e des Verts couronn\u00e9e d\u2019un sacre en L2 vous rapporte jusqu\u2019\u00e0 450\u20ac !<\/strong><\/a><\/p>\n<p><strong>Pour en profiter, c\u2019est tr\u00e8s simple :<\/strong><\/p>\n<p>&#8211;                  Cr\u00e9ez votre compte joueur en seulement 2 \u00e9tapes <a href=\"http:\/\/bit.ly\/4hgs1yE\" target=\"_blank\" rel=\"noopener\"><strong>ici<\/strong><\/a><\/p>\n<p>&#8211;                  R\u00e9alisez votre 1er d\u00e9p\u00f4t puis placez votre 1er pari (Minimum 5\u20ac)<\/p>\n<p>&#8211;                  Une fois votre 1er d\u00e9p\u00f4t et votre 1er pari r\u00e9alis\u00e9s, l\u2019int\u00e9gralit\u00e9 du montant de ce 1er pari sera cr\u00e9dit\u00e9e sur votre compte joueur dans la limite de 100\u20ac maximum et sous la forme de cr\u00e9dits de jeu non retirables. Le cr\u00e9dit s\u2019effectuera alors en une seule \u00e9tape et sous 3 jours<\/p>\n<p>Jouer comporte des risques : endettement, d\u00e9pendance\u2026 Appelez le 09 74 75 13 13 (appel non surtax\u00e9)<\/p>\n","protected":false},"excerpt":{"rendered":"Publi\u00e9 le 25\/08\/2025 \u00e0 10h46 3 minutes de lecture F\u00e9ru de sport et plus particuli\u00e8rement de ballon rond&hellip;\n","protected":false},"author":2,"featured_media":342460,"comment_status":"","ping_status":"","sticky":false,"template":"","format":"standard","meta":{"footnotes":""},"categories":[9566],"tags":[1111,11,2430,1777,674,1011,27,2731,12,25],"class_list":{"0":"post-342459","1":"post","2":"type-post","3":"status-publish","4":"format-standard","5":"has-post-thumbnail","7":"category-grenoble","8":"tag-actu","9":"tag-actualites","10":"tag-auvergne-rhone-alpes","11":"tag-eu","12":"tag-europe","13":"tag-fr","14":"tag-france","15":"tag-grenoble","16":"tag-news","17":"tag-republique-francaise"},"share_on_mastodon":{"url":"https:\/\/pubeurope.com\/@fr\/115088629737993537","error":""},"_links":{"self":[{"href":"https:\/\/www.europesays.com\/fr\/wp-json\/wp\/v2\/posts\/342459","targetHints":{"allow":["GET"]}}],"collection":[{"href":"https:\/\/www.europesays.com\/fr\/wp-json\/wp\/v2\/posts"}],"about":[{"href":"https:\/\/www.europesays.com\/fr\/wp-json\/wp\/v2\/types\/post"}],"author":[{"embeddable":true,"href":"https:\/\/www.europesays.com\/fr\/wp-json\/wp\/v2\/users\/2"}],"replies":[{"embeddable":true,"href":"https:\/\/www.europesays.com\/fr\/wp-json\/wp\/v2\/comments?post=342459"}],"version-history":[{"count":0,"href":"https:\/\/www.europesays.com\/fr\/wp-json\/wp\/v2\/posts\/342459\/revisions"}],"wp:featuredmedia":[{"embeddable":true,"href":"https:\/\/www.europesays.com\/fr\/wp-json\/wp\/v2\/media\/342460"}],"wp:attachment":[{"href":"https:\/\/www.europesays.com\/fr\/wp-json\/wp\/v2\/media?parent=342459"}],"wp:term":[{"taxonomy":"category","embeddable":true,"href":"https:\/\/www.europesays.com\/fr\/wp-json\/wp\/v2\/categories?post=342459"},{"taxonomy":"post_tag","embeddable":true,"href":"https:\/\/www.europesays.com\/fr\/wp-json\/wp\/v2\/tags?post=342459"}],"curies":[{"name":"wp","href":"https:\/\/api.w.org\/{rel}","templated":true}]}}