{"id":342461,"date":"2025-08-25T09:11:10","date_gmt":"2025-08-25T09:11:10","guid":{"rendered":"https:\/\/www.europesays.com\/fr\/342461\/"},"modified":"2025-08-25T09:11:10","modified_gmt":"2025-08-25T09:11:10","slug":"municipales-2026-a-rennes-la-maire-sortante-nathalie-appere-avance-ses-pions","status":"publish","type":"post","link":"https:\/\/www.europesays.com\/fr\/342461\/","title":{"rendered":"Municipales 2026\u00a0: \u00e0 Rennes, la maire sortante Nathalie App\u00e9r\u00e9 avance ses pions"},"content":{"rendered":"<p>Nathalie App\u00e9r\u00e9 le confie \u00e0 qui veut l\u2019entendre : la \u00ab poloche \u00bb, ce n\u2019est pas tellement son truc. Les coups de billard \u00e0 trois bandes, les tapes dans le dos, les rapports de force\u2026 Elle y pr\u00e9f\u00e8re, de loin, ses dossiers. Pourtant, tous les six ans, il faut bien s\u2019y mettre. En cette rentr\u00e9e, alors que les municipales 2026 approchent \u00e0 grand pas, le temps est venu de pr\u00e9parer le terrain. Rien n\u2019est encore officiel mais personne n\u2019en doute : la maire de Rennes sera bel et bien en lices pour un troisi\u00e8me mandat.<\/p>\n<p>Depuis plusieurs mois, d\u00e9j\u00e0, son premier adjoint Marc Herv\u00e9, flanqu\u00e9 de la secr\u00e9taire d\u00e9partementale du PS Laurence Duffaud, n\u00e9gocie avec les principales forces de la majorit\u00e9 sortante. Le fid\u00e8le lieutenant est pressenti pour diriger la future campagne. \u00ab Il y a la volont\u00e9 pour Nathalie App\u00e9r\u00e9 de pouvoir pr\u00e9senter aux Rennaises et aux Rennais un projet conforme \u00e0 l\u2019espace politique actuel, social-\u00e9cologique \u00bb, confirme-t-il au T\u00e9l\u00e9gramme. \u00ab Des discussions se d\u00e9roulent donc avec tous les partenaires qui se reconnaissent dans la qualit\u00e9 du bilan et la volont\u00e9 de poursuivre cette \u0153uvre. \u00bb<\/p>\n<p>Repartir ensemble ?<\/p>\n<p>Fin juin, l\u2019\u00e9dile socialiste a pos\u00e9 une pierre suppl\u00e9mentaire sur le chemin de sa candidature en descendant dans l\u2019ar\u00e8ne en personne. Les repr\u00e9sentants des mouvements alli\u00e9s \u2013 les \u00c9cologistes, le PCF, G\u00e9n\u00e9ration. s et les Radicaux \u2013 ont \u00e9t\u00e9 convi\u00e9s \u00e0 une r\u00e9union ad hoc, consacr\u00e9e au scrutin \u00e0 venir. \u00ab Jusqu\u2019ici, nous n\u2019avions eu que des discussions en bilat\u00e9ral avec Marc Herv\u00e9, souligne une participante. C\u2019est in\u00e9dit : lors des pr\u00e9c\u00e9dentes \u00e9lections, les choses ne s\u2019\u00e9taient pas pass\u00e9es comme \u00e7a. \u00bb Le message de Nathalie App\u00e9r\u00e9, selon plusieurs personnes pr\u00e9sentes : la majorit\u00e9 actuelle a bien fonctionn\u00e9, repartons ensemble.<\/p>\n<p>La strat\u00e9gie de l\u2019\u00e9lue rennaise se dessine : se placer en championne de l\u2019union, exigence toujours plus forte de l\u2019\u00e9lectorat de gauche, comme en 2020. \u00c0 l\u2019\u00e9poque, les Verts avaient pr\u00e9f\u00e9r\u00e9 partir seuls, pouss\u00e9s par de bons scores aux europ\u00e9ennes et des mobilisations importantes de la jeunesse pour le climat. Cette fois encore, en adressant une main tendue aux autres forces, hormis les Insoumis, Nathalie App\u00e9r\u00e9 place sur leurs \u00e9paules la responsabilit\u00e9 de la division. Qu\u2019en feront ses alli\u00e9s ? La question promet d\u2019agiter les d\u00e9bats internes dans les prochaines semaines. Particuli\u00e8rement chez les \u00c9cologistes.<\/p>\n<p>H\u00e9sitations chez les \u00c9cologistes<\/p>\n<p>Chez ces derniers, rien n\u2019est encore d\u00e9cid\u00e9. \u00ab Il m\u2019est difficile de dire quoique ce soit \u00e0 ce stade \u00bb, \u00e9lude Ga\u00eblle Rougier. L\u2019actuelle adjointe \u00e0 l\u2019\u00e9ducation a \u00e9t\u00e9 nomm\u00e9e cheffe de file du mouvement pour les municipales rennaises, aux c\u00f4t\u00e9s de Priscilla Zamord, vice-pr\u00e9sidente m\u00e9tropolitaine aux solidarit\u00e9s. Partir \u00e0 nouveau en solitaire, quitte \u00e0 rejoindre Nathalie App\u00e9r\u00e9 au second tour, ou s\u2019unir d\u00e8s le premier ? La question doit \u00eatre tranch\u00e9e lors d\u2019un vote des militants en octobre. D\u2019ici l\u00e0, les discussions vont se poursuivre \u00ab avec toutes les forces de gauche \u00bb, indique Ga\u00eblle Rougier.<\/p>\n<p>M\u00eame chez les bons connaisseurs des arcanes \u00e9cologistes, on ne se risque pas \u00e0 faire des paris. \u00ab C\u2019est tr\u00e8s difficile de savoir ce qui va \u00eatre d\u00e9cid\u00e9, souffle un conseiller municipal. Les \u00e9lus ne sont pas tous d\u2019accord entre eux et les militants non plus. Ils ont une tendance naturelle \u00e0 vouloir partir seuls. Mais certains voient bien qu\u2019ils sont en perte de vitesse \u00e9lectorale et qu\u2019ils risquent de faire moins bien qu\u2019en 2020. \u00bb Reste que ces h\u00e9sitations ont l\u2019avantage de faire monter les ench\u00e8res, note cette figure de la majorit\u00e9. De quoi pousser Nathalie App\u00e9r\u00e9 \u00e0 leur offrir des places de choix sur la future liste et dans le prochain ex\u00e9cutif, afin de les convaincre de la rejoindre d\u00e8s le premier tour.<\/p>\n<p>Avec les Insoumis, l\u2019union est-elle possible ?<\/p>\n<p>Pour l\u2019heure, la maire sortante n\u2019ouvre pas les bras aux Insoumis, qui lui rendent bien son inimiti\u00e9 et critiquent son bilan d\u00e8s qu\u2019ils en ont l\u2019occasion. Entre eux, les pourparlers formels n\u2019ont pas encore eu lieu, selon nos informations. \u00ab On a \u00e9chang\u00e9 par courrier mais on doit encore se mettre d\u2019accord sur le cadre de la discussion \u00bb, indique la d\u00e9put\u00e9e Marie Mesmeur, <a href=\"https:\/\/www.letelegramme.fr\/ille-et-vilaine\/rennes-35000\/apres-des-semaines-de-guerre-interne-on-sait-qui-seront-les-chefs-de-file-de-la-france-insoumise-a-rennes-pour-les-municipales-6835363.php\" target=\"_blank\" rel=\"noopener\">l\u2019une des deux chefs de file de LFI pour les municipales 2026 \u00e0 Rennes<\/a>. L\u2019\u00e9lue de la 1re circonscription d\u2019Ille-et-Vilaine n\u2019en fait pas myst\u00e8re : l\u2019\u00e9ventuelle alliance locale avec le PS d\u00e9pendra en bonne partie des choix faits par le parti au niveau national. \u00ab Le premier signe, ce sera le vote de la censure de Fran\u00e7ois Bayrou \u00e0 la rentr\u00e9e, pr\u00e9vient-elle. On ne peut pas se revendiquer de gauche si on laisse le gouvernement tout casser. \u00bb<\/p>\n<p>Cette guerre PS\/LFI place plus que jamais les \u00e9cologistes au centre du jeu rennais. Dragu\u00e9s par Nathalie App\u00e9r\u00e9, ils le sont aussi par les Insoumis. \u00ab On ferait sans doute un bon score ensemble \u00bb, sourit Marie Mesmeur. Elle a d\u2019ailleurs rencontr\u00e9 les \u00e9lus verts d\u00e9but juillet. \u00ab Nous avons trouv\u00e9 de nombreux points de convergence et une volont\u00e9 commune de poursuivre nos \u00e9changes pour faire gagner la gauche \u00e0 Rennes \u00bb, \u00e9crivait alors Gw\u00e9nol\u00e9 Bourr\u00e9e sur X, l\u2019autre t\u00eate de proue du mouvement m\u00e9lenchoniste pour le scrutin \u00e0 venir. Avant de se faire reprendre par Ga\u00eblle Rougier <a href=\"https:\/\/www.ouest-france.fr\/bretagne\/ille-et-vilaine\/municipales-a-rennes-entre-lfi-et-les-ecologistes-des-convergences-en-attendant-mieux-8830121e-630d-11f0-b57a-27df1c69334c\" target=\"_blank\" rel=\"noopener\">dans Ouest-France<\/a>, indiquant qu\u2019elle notait bien des points communs mais aussi des appr\u00e9ciations diff\u00e9rentes \u00ab notamment sur la r\u00e9alit\u00e9 de la situation budg\u00e9taire \u00bb. Signe que l\u2019union rouge-vert-rose est encore loin.<\/p>\n","protected":false},"excerpt":{"rendered":"Nathalie App\u00e9r\u00e9 le confie \u00e0 qui veut l\u2019entendre : la \u00ab poloche \u00bb, ce n\u2019est pas tellement son&hellip;\n","protected":false},"author":2,"featured_media":342462,"comment_status":"","ping_status":"","sticky":false,"template":"","format":"standard","meta":{"footnotes":""},"categories":[2821],"tags":[1111,11,829,2339,765,1777,674,1011,27,848,26053,10736,12,3364,584,25],"class_list":{"0":"post-342461","1":"post","2":"type-post","3":"status-publish","4":"format-standard","5":"has-post-thumbnail","7":"category-rennes","8":"tag-actu","9":"tag-actualites","10":"tag-bretagne","11":"tag-ecologistes","12":"tag-en-continu","13":"tag-eu","14":"tag-europe","15":"tag-fr","16":"tag-france","17":"tag-ille-et-vilaine","18":"tag-municipales-2026-a-rennes","19":"tag-nathalie-appere","20":"tag-news","21":"tag-politique-a-rennes","22":"tag-rennes","23":"tag-republique-francaise"},"share_on_mastodon":{"url":"https:\/\/pubeurope.com\/@fr\/115088633627705355","error":""},"_links":{"self":[{"href":"https:\/\/www.europesays.com\/fr\/wp-json\/wp\/v2\/posts\/342461","targetHints":{"allow":["GET"]}}],"collection":[{"href":"https:\/\/www.europesays.com\/fr\/wp-json\/wp\/v2\/posts"}],"about":[{"href":"https:\/\/www.europesays.com\/fr\/wp-json\/wp\/v2\/types\/post"}],"author":[{"embeddable":true,"href":"https:\/\/www.europesays.com\/fr\/wp-json\/wp\/v2\/users\/2"}],"replies":[{"embeddable":true,"href":"https:\/\/www.europesays.com\/fr\/wp-json\/wp\/v2\/comments?post=342461"}],"version-history":[{"count":0,"href":"https:\/\/www.europesays.com\/fr\/wp-json\/wp\/v2\/posts\/342461\/revisions"}],"wp:featuredmedia":[{"embeddable":true,"href":"https:\/\/www.europesays.com\/fr\/wp-json\/wp\/v2\/media\/342462"}],"wp:attachment":[{"href":"https:\/\/www.europesays.com\/fr\/wp-json\/wp\/v2\/media?parent=342461"}],"wp:term":[{"taxonomy":"category","embeddable":true,"href":"https:\/\/www.europesays.com\/fr\/wp-json\/wp\/v2\/categories?post=342461"},{"taxonomy":"post_tag","embeddable":true,"href":"https:\/\/www.europesays.com\/fr\/wp-json\/wp\/v2\/tags?post=342461"}],"curies":[{"name":"wp","href":"https:\/\/api.w.org\/{rel}","templated":true}]}}