{"id":342463,"date":"2025-08-25T09:12:25","date_gmt":"2025-08-25T09:12:25","guid":{"rendered":"https:\/\/www.europesays.com\/fr\/342463\/"},"modified":"2025-08-25T09:12:25","modified_gmt":"2025-08-25T09:12:25","slug":"rennes-contacte-lasse-pour-stassin","status":"publish","type":"post","link":"https:\/\/www.europesays.com\/fr\/342463\/","title":{"rendered":"Rennes contacte l\u2019ASSE pour Stassin"},"content":{"rendered":"<p><strong>Encore et toujours \u00e0 la recherche d\u2019un nouvel attaquant pour renforcer son \u00e9quipe avant la fin du mercato d\u2019\u00e9t\u00e9, le Stade Rennais s\u2019attaque maintenant \u00e0 la piste Lucas Stassin.<\/strong><\/p>\n<p>Dimanche, le club breton a \u00e9t\u00e9 brutalement frein\u00e9 dans son bel \u00e9lan de sa victoire inaugurale contre l\u2019OM en encaissant un tr\u00e8s gros revers sur la pelouse de Lorient (0-4). Une claque qui a remis tout le monde en place du c\u00f4t\u00e9 de <a href=\"https:\/\/www.foot01.com\/equipe\/rennes\/\" rel=\"nofollow noopener\" target=\"_blank\">Rennes<\/a>, o\u00f9 la fin de mercato estival s\u2019annonce agit\u00e9e dans les deux sens. D\u00e9j\u00e0 bien actif durant cet \u00e9t\u00e9, avec plus de 40 millions d\u2019euros d\u00e9pens\u00e9s pour recruter Rongier, Merlin, Camara ou Frankowski, le SRFC pr\u00e9voit encore de renforcer son effectif \u00e0 plusieurs postes, notamment en attaque, o\u00f9 un nouveau buteur est attendu.<\/p>\n<p><strong>Rennes pense aussi \u00e0 Lucas Stassin<\/strong><\/p>\n<blockquote class=\"twitter-tweet\"><p>&#13;<\/p>\n<p lang=\"fr\" dir=\"ltr\">\u203c\ufe0fEXCLU <a href=\"https:\/\/twitter.com\/hashtag\/SRFC?src=hash&amp;ref_src=twsrc%5Etfw\" rel=\"nofollow noopener\" target=\"_blank\">#SRFC<\/a> <a href=\"https:\/\/twitter.com\/hashtag\/ASSE?src=hash&amp;ref_src=twsrc%5Etfw\" rel=\"nofollow noopener\" target=\"_blank\">#ASSE<\/a> \ud83d\udd34\u26ab\ufe0f\/\ud83d\udfe2<\/p>\n<p>\ud83d\udea8Selon nos informations, le Stade Rennais est venu aux renseignements concernant Lucas Stassin \ud83c\udde7\ud83c\uddea il y a deux jours \u23f3<\/p>\n<p>\u27a1\ufe0fLe joueur est int\u00e9ress\u00e9 \u00e0 l\u2019id\u00e9e de rejoindre la Bretagne \ud83d\udc40<\/p>\n<p>\u27a1\ufe0fRennes va-t-il passer \u00e0 l\u2019action avant la fin du mercato ? \ud83c\udfaf\u2026 <a href=\"https:\/\/t.co\/llyuqa4EdW\" rel=\"nofollow\">pic.twitter.com\/llyuqa4EdW<\/a><\/p>\n<p>&#13;<br \/>\n\u2014 Transfert Radar (@TransfertRadar) <a href=\"https:\/\/twitter.com\/TransfertRadar\/status\/1959664516104405471?ref_src=twsrc%5Etfw\" rel=\"nofollow noopener\" target=\"_blank\">August 24, 2025<\/a><\/p><\/blockquote>\n<p>La semaine pass\u00e9e, Rennes a explor\u00e9 plusieurs pistes, comme celles menant \u00e0 Esteban Lepaul (Angers) ou \u00e0 Conrad Harder (Sporting Portugal). Mais alors que ces dossiers semblent compliqu\u00e9s \u00e0 finaliser, la direction rennaise commence d\u00e9j\u00e0 \u00e0 plancher sur d\u2019autres attaquants, \u00e0 l\u2019image de Lucas Stassin. En effet, selon les informations de Transfert Radar, le club rouge et noir s\u2019est mis en t\u00eate de recruter le buteur belge de l\u2019ASSE. \u00ab Le Stade Rennais est venu aux renseignements concernant Lucas Stassin il y a deux jours. Le joueur est int\u00e9ress\u00e9 \u00e0 l\u2019id\u00e9e de rejoindre la Bretagne. Rennes va-t-il passer \u00e0 l\u2019action avant la fin du mercato ? \u00bb, peut-on lire sur le compte X du m\u00e9dia foot.<\/p>\n<p><strong>Stassin attend le bon projet pour quitter l\u2019ASSE<\/strong><\/p>\n<p>Auteur d\u2019une belle premi\u00e8re saison en Ligue 1 sous le maillot des Verts, avec 12 buts en 28 matchs, le joueur de 20 ans a \u00e9t\u00e9 l\u2019une des r\u00e9v\u00e9lations du championnat en 2025. Et pourtant, Stassin est toujours \u00e0 Saint\u00e9, o\u00f9 il \u00e9volue d\u00e9sormais en Ligue 2. Cibl\u00e9 par plusieurs clubs durant ce mercato, l\u2019ancien de Westerlo n\u2019a toujours pas trouv\u00e9 preneur. Apr\u00e8s la victoire de l\u2019ASSE contre Boulogne-sur-Mer samedi (0-1), le Belge avait laiss\u00e9 la porte ouverte \u00e0 un d\u00e9part : \u00ab Je suis encore \u00e0 Saint-\u00c9tienne, on verra dans le futur, je donne tout pour l\u2019instant \u00bb. Mais qu\u2019en sera-t-il dans les jours \u00e0 venir ? Si Rennes d\u00e9cide d\u2019en faire le rempla\u00e7ant d\u2019Arnaud Kalimuendo en posant 20 millions d\u2019euros sur la table, il y a de grandes chances que le deal se fasse. Mais \u00e0 l\u2019heure actuelle, rien ne dit que le SRFC choisira le Belge plut\u00f4t que Lepaul ou Harder.<\/p>\n<p>          <script async src=\"https:\/\/platform.twitter.com\/widgets.js\" charset=\"utf-8\"><\/script><\/p>\n","protected":false},"excerpt":{"rendered":"Encore et toujours \u00e0 la recherche d\u2019un nouvel attaquant pour renforcer son \u00e9quipe avant la fin du mercato&hellip;\n","protected":false},"author":2,"featured_media":342464,"comment_status":"","ping_status":"","sticky":false,"template":"","format":"standard","meta":{"footnotes":""},"categories":[2821],"tags":[1111,11,829,1777,674,1011,27,12,584,25],"class_list":{"0":"post-342463","1":"post","2":"type-post","3":"status-publish","4":"format-standard","5":"has-post-thumbnail","7":"category-rennes","8":"tag-actu","9":"tag-actualites","10":"tag-bretagne","11":"tag-eu","12":"tag-europe","13":"tag-fr","14":"tag-france","15":"tag-news","16":"tag-rennes","17":"tag-republique-francaise"},"share_on_mastodon":{"url":"https:\/\/pubeurope.com\/@fr\/115088637513861530","error":""},"_links":{"self":[{"href":"https:\/\/www.europesays.com\/fr\/wp-json\/wp\/v2\/posts\/342463","targetHints":{"allow":["GET"]}}],"collection":[{"href":"https:\/\/www.europesays.com\/fr\/wp-json\/wp\/v2\/posts"}],"about":[{"href":"https:\/\/www.europesays.com\/fr\/wp-json\/wp\/v2\/types\/post"}],"author":[{"embeddable":true,"href":"https:\/\/www.europesays.com\/fr\/wp-json\/wp\/v2\/users\/2"}],"replies":[{"embeddable":true,"href":"https:\/\/www.europesays.com\/fr\/wp-json\/wp\/v2\/comments?post=342463"}],"version-history":[{"count":0,"href":"https:\/\/www.europesays.com\/fr\/wp-json\/wp\/v2\/posts\/342463\/revisions"}],"wp:featuredmedia":[{"embeddable":true,"href":"https:\/\/www.europesays.com\/fr\/wp-json\/wp\/v2\/media\/342464"}],"wp:attachment":[{"href":"https:\/\/www.europesays.com\/fr\/wp-json\/wp\/v2\/media?parent=342463"}],"wp:term":[{"taxonomy":"category","embeddable":true,"href":"https:\/\/www.europesays.com\/fr\/wp-json\/wp\/v2\/categories?post=342463"},{"taxonomy":"post_tag","embeddable":true,"href":"https:\/\/www.europesays.com\/fr\/wp-json\/wp\/v2\/tags?post=342463"}],"curies":[{"name":"wp","href":"https:\/\/api.w.org\/{rel}","templated":true}]}}