{"id":342465,"date":"2025-08-25T09:13:11","date_gmt":"2025-08-25T09:13:11","guid":{"rendered":"https:\/\/www.europesays.com\/fr\/342465\/"},"modified":"2025-08-25T09:13:11","modified_gmt":"2025-08-25T09:13:11","slug":"strasbourg-colis-suspect-a-la-station-de-tram-melanie-la-circulation-perturbee","status":"publish","type":"post","link":"https:\/\/www.europesays.com\/fr\/342465\/","title":{"rendered":"Strasbourg. Colis suspect \u00e0 la station de tram M\u00e9lanie : la circulation perturb\u00e9e"},"content":{"rendered":"<p>La police a \u00e9t\u00e9 appel\u00e9e ce lundi 25 ao\u00fbt, peu avant 9h, pour pour un colis suspect \u00e0 la station de tramway M\u00e9lanie, dans le quartier de la Robertsau \u00e0 Strasbourg. Une valise bleue \u00e9tait cadenass\u00e9e \u00e0 l&rsquo;abri de tram.<\/p>\n<p>Les d\u00e9mineurs de la S\u00e9curit\u00e9 civile sont arriv\u00e9s vers 10h. Apr\u00e8s une radiographie de la valise, ils ont d\u00e9cid\u00e9 de sa destruction au moyen d&rsquo;un canon \u00e0 eau. Le bagage rigide ne contenait que des papiers, des v\u00eatements, du shampooing&#8230;<\/p>\n<p>D&rsquo;apr\u00e8s les voisins, il se trouvait sous l&rsquo;arr\u00eat de tram depuis une \u00e0 deux semaines.<\/p>\n<p>Tout danger ayant \u00e9t\u00e9 \u00e9cart\u00e9, la circulation des trams de la ligne E a pu reprendre vers 10h30.<\/p>\n","protected":false},"excerpt":{"rendered":"La police a \u00e9t\u00e9 appel\u00e9e ce lundi 25 ao\u00fbt, peu avant 9h, pour pour un colis suspect \u00e0&hellip;\n","protected":false},"author":2,"featured_media":342466,"comment_status":"","ping_status":"","sticky":false,"template":"","format":"standard","meta":{"footnotes":""},"categories":[2820],"tags":[1111,11,2880,1777,674,274,107,1011,27,775,12,25,640],"class_list":{"0":"post-342465","1":"post","2":"type-post","3":"status-publish","4":"format-standard","5":"has-post-thumbnail","7":"category-strasbourg","8":"tag-actu","9":"tag-actualites","10":"tag-edition-strasbourg","11":"tag-eu","12":"tag-europe","13":"tag-faits-divers-justice","14":"tag-fil-info","15":"tag-fr","16":"tag-france","17":"tag-grand-est","18":"tag-news","19":"tag-republique-francaise","20":"tag-strasbourg"},"share_on_mastodon":{"url":"https:\/\/pubeurope.com\/@fr\/115088641426879377","error":""},"_links":{"self":[{"href":"https:\/\/www.europesays.com\/fr\/wp-json\/wp\/v2\/posts\/342465","targetHints":{"allow":["GET"]}}],"collection":[{"href":"https:\/\/www.europesays.com\/fr\/wp-json\/wp\/v2\/posts"}],"about":[{"href":"https:\/\/www.europesays.com\/fr\/wp-json\/wp\/v2\/types\/post"}],"author":[{"embeddable":true,"href":"https:\/\/www.europesays.com\/fr\/wp-json\/wp\/v2\/users\/2"}],"replies":[{"embeddable":true,"href":"https:\/\/www.europesays.com\/fr\/wp-json\/wp\/v2\/comments?post=342465"}],"version-history":[{"count":0,"href":"https:\/\/www.europesays.com\/fr\/wp-json\/wp\/v2\/posts\/342465\/revisions"}],"wp:featuredmedia":[{"embeddable":true,"href":"https:\/\/www.europesays.com\/fr\/wp-json\/wp\/v2\/media\/342466"}],"wp:attachment":[{"href":"https:\/\/www.europesays.com\/fr\/wp-json\/wp\/v2\/media?parent=342465"}],"wp:term":[{"taxonomy":"category","embeddable":true,"href":"https:\/\/www.europesays.com\/fr\/wp-json\/wp\/v2\/categories?post=342465"},{"taxonomy":"post_tag","embeddable":true,"href":"https:\/\/www.europesays.com\/fr\/wp-json\/wp\/v2\/tags?post=342465"}],"curies":[{"name":"wp","href":"https:\/\/api.w.org\/{rel}","templated":true}]}}