{"id":342469,"date":"2025-08-25T09:16:14","date_gmt":"2025-08-25T09:16:14","guid":{"rendered":"https:\/\/www.europesays.com\/fr\/342469\/"},"modified":"2025-08-25T09:16:14","modified_gmt":"2025-08-25T09:16:14","slug":"un-bilan-mitige-pour-la-ligne-ferroviaire-transdev-marseille-toulon-nice","status":"publish","type":"post","link":"https:\/\/www.europesays.com\/fr\/342469\/","title":{"rendered":"Un bilan mitig\u00e9 pour la ligne ferroviaire Transdev Marseille-Toulon-Nice"},"content":{"rendered":"<p><img loading=\"lazy\" decoding=\"async\" alt=\"\u00a9 A. Assante - Quel bilan apr\u00e8s deux mois d'exploitation par Transdev d'une nouvelle offre ferroviaire entre Marseille, Toulon et Nice ?\" data-zoom-src=\"https:\/\/www.europesays.com\/fr\/wp-content\/uploads\/2025\/08\/initial-interieur-ter-region-sud-transdev-alstom-antoine.jpg\" data-zoomable=\"\" height=\"702\" src=\"https:\/\/www.europesays.com\/fr\/wp-content\/uploads\/2025\/08\/initial-interieur-ter-region-sud-transdev-alstom-antoine.jpg\" width=\"1248\"\/>  <\/p>\n<p class=\"article-desc\">\u00a9 A. Assante &#8211; Quel bilan apr\u00e8s deux mois d&rsquo;exploitation par Transdev d&rsquo;une nouvelle offre ferroviaire entre Marseille, Toulon et Nice ? <\/p>\n<p>Huit semaines apr\u00e8s <a href=\"https:\/\/mesinfos.fr\/provence-alpes-cote-d-azur\/marseille-toulon-nice-lancement-de-la-premiere-ligne-ter-regionale-ouverte-a-la-concurrence-222739.html\" rel=\"noopener\" target=\"_blank\">le lancement de l&rsquo;exploitation de la ligne TER Marseille-Toulon-Nice par Transdev<\/a>, la R\u00e9gion Provence-Alpes-C\u00f4te d&rsquo;Azur publie un premier bilan qu&rsquo;elle qualifie de \u00ab positif \u00bb.\u00a0 <\/p>\n<p>Marseille-Toulon-Nice : un bilan tr\u00e8s satisfaisant pour la R\u00e9gion <\/p>\n<p>Avec <strong>seize trains neufs<\/strong> mis en circulation et un <strong>doublement de l&rsquo;offre<\/strong> (15 allers-retours quotidiens contre sept auparavant), la <strong>R\u00e9gion Paca<\/strong> estime que l&rsquo;<strong>ouverture \u00e0 la concurrence<\/strong> a permis une <strong>am\u00e9lioration <\/strong>notable du service. <\/p>\n<p>La <strong>ponctualit\u00e9 <\/strong>atteindrait 95,3\u00a0%, tandis que la <strong>fr\u00e9quentation <\/strong>aurait bondi de 15\u00a0% en juillet, soit 735\u00a0000 voyageurs recens\u00e9s depuis fin juin. <\/p>\n<p>La R\u00e9gion insiste \u00e9galement sur la <strong>modernisation <\/strong>du mat\u00e9riel, avec Wi-Fi, espace restauration, climatisation renforc\u00e9e, acc\u00e8s facilit\u00e9 aux personnes \u00e0 mobilit\u00e9 r\u00e9duite et espaces v\u00e9los. Le <strong>taux de suppression<\/strong> reste faible (0,25\u00a0%), bien inf\u00e9rieur aux 3,1\u00a0% enregistr\u00e9s un an plus t\u00f4t.\u00a0 <\/p>\n<p><a href=\"https:\/\/www.linkedin.com\/in\/jean-pierre-serrus-7574a72a3\/\" rel=\"noopener\" target=\"_blank\">Jean-Pierre Serrus<\/a>, vice-pr\u00e9sident du conseil r\u00e9gional, en charge des Transports et de la mobilit\u00e9 durable, se f\u00e9licite via un <strong>post LinkedIn<\/strong> publi\u00e9 le 21 ao\u00fbt de \u00ab l&rsquo;indice de satisfaction de 4,3 sur 5 mesur\u00e9 par enqu\u00eate aupr\u00e8s de 2 000 usagers. \u00bb<\/p>\n<p>Pourtant, sur les r\u00e9seaux sociaux, les usagers de la ligne ferroviaire ne cachent pas leur m\u00e9contentement&#8230;<\/p>\n<p>  Ligne ferroviaire Marseille-Toulon-Nice : des usagers m\u00e9contents\u00a0 <\/p>\n<p>Du c\u00f4t\u00e9 des passagers, l&rsquo;enthousiasme est plus mesur\u00e9. Si les nouveaux trains sont appr\u00e9ci\u00e9s, des voyageurs d\u00e9noncent sur les r\u00e9seaux sociaux : <\/p>\n<ul>\n<li>des <strong>retards r\u00e9currents<\/strong> aux heures de pointe, <\/li>\n<li>des <strong>wagons bond\u00e9s<\/strong> en p\u00e9riode estivale, <\/li>\n<li>la frustration d&rsquo;attendre parfois une heure en cas de suppression.\u00a0<\/li>\n<\/ul>\n<p>Le groupe <strong>Facebook <\/strong><a href=\"https:\/\/www.facebook.com\/groups\/572741849469507\" rel=\"noopener\" target=\"_blank\">Ras-le-bol de la SNCF Paca<\/a>\u00a0d\u00e9non\u00e7ant les al\u00e9as des usagers de la ligne ferroviaire Marseille-Toulon-Nice, r\u00e9unit d\u00e9j\u00e0 plus de 4 000 participants. <\/p>\n<p>Jean-Pierre Serrus rappelle \u00e9galement que : \u00ab La prochaine r\u00e9union de suivi r\u00e9guli\u00e8re et contractuelle, individuellement avec chacun des trois op\u00e9rateurs ferroviaires\u00a0se tiendra le 5 septembre. \u00bb\u00a0 <\/p>\n<p>\u00a0<\/p>\n","protected":false},"excerpt":{"rendered":"\u00a9 A. Assante &#8211; Quel bilan apr\u00e8s deux mois d&rsquo;exploitation par Transdev d&rsquo;une nouvelle offre ferroviaire entre Marseille,&hellip;\n","protected":false},"author":2,"featured_media":342470,"comment_status":"","ping_status":"","sticky":false,"template":"","format":"standard","meta":{"footnotes":""},"categories":[2819],"tags":[1111,11,1777,674,1011,27,7690,12,2401,882,25,2215,926],"class_list":{"0":"post-342469","1":"post","2":"type-post","3":"status-publish","4":"format-standard","5":"has-post-thumbnail","7":"category-nice","8":"tag-actu","9":"tag-actualites","10":"tag-eu","11":"tag-europe","12":"tag-fr","13":"tag-france","14":"tag-mobilitu00e9","15":"tag-news","16":"tag-nice","17":"tag-provence-alpes-cote-dazur","18":"tag-republique-francaise","19":"tag-sncf","20":"tag-train"},"share_on_mastodon":{"url":"https:\/\/pubeurope.com\/@fr\/115088653285507304","error":""},"_links":{"self":[{"href":"https:\/\/www.europesays.com\/fr\/wp-json\/wp\/v2\/posts\/342469","targetHints":{"allow":["GET"]}}],"collection":[{"href":"https:\/\/www.europesays.com\/fr\/wp-json\/wp\/v2\/posts"}],"about":[{"href":"https:\/\/www.europesays.com\/fr\/wp-json\/wp\/v2\/types\/post"}],"author":[{"embeddable":true,"href":"https:\/\/www.europesays.com\/fr\/wp-json\/wp\/v2\/users\/2"}],"replies":[{"embeddable":true,"href":"https:\/\/www.europesays.com\/fr\/wp-json\/wp\/v2\/comments?post=342469"}],"version-history":[{"count":0,"href":"https:\/\/www.europesays.com\/fr\/wp-json\/wp\/v2\/posts\/342469\/revisions"}],"wp:featuredmedia":[{"embeddable":true,"href":"https:\/\/www.europesays.com\/fr\/wp-json\/wp\/v2\/media\/342470"}],"wp:attachment":[{"href":"https:\/\/www.europesays.com\/fr\/wp-json\/wp\/v2\/media?parent=342469"}],"wp:term":[{"taxonomy":"category","embeddable":true,"href":"https:\/\/www.europesays.com\/fr\/wp-json\/wp\/v2\/categories?post=342469"},{"taxonomy":"post_tag","embeddable":true,"href":"https:\/\/www.europesays.com\/fr\/wp-json\/wp\/v2\/tags?post=342469"}],"curies":[{"name":"wp","href":"https:\/\/api.w.org\/{rel}","templated":true}]}}