{"id":342471,"date":"2025-08-25T09:17:12","date_gmt":"2025-08-25T09:17:12","guid":{"rendered":"https:\/\/www.europesays.com\/fr\/342471\/"},"modified":"2025-08-25T09:17:12","modified_gmt":"2025-08-25T09:17:12","slug":"un-important-incendie-au-sud-de-nantes","status":"publish","type":"post","link":"https:\/\/www.europesays.com\/fr\/342471\/","title":{"rendered":"un important incendie au sud de Nantes"},"content":{"rendered":"<p><img decoding=\"async\" class=\"\" style=\"width:100%;max-width:100%\" src=\"https:\/\/www.europesays.com\/fr\/wp-content\/uploads\/2025\/08\/pompiers1749709516761-format16by9.png\" alt=\"Incendie\"\/><\/p>\n<p>Cr\u00e9dit : illustration Envato &#8211; DR<\/p>\n<p style=\"text-align: justify;\"><strong>Un incendie s&rsquo;est d\u00e9clar\u00e9 ce dimanche 24 ao\u00fbt vers 16h au Sud de Nantes, au lieu-dit \u00ab\u00a0la Jeudonnerie\u00a0\u00bb entre Pont-Saint-Martin et Viais. En quelques heures, plus de 20 hectares de v\u00e9g\u00e9tations ont br\u00fbl\u00e9.<\/strong><\/p>\n<p style=\"text-align: justify;\">Les <strong>17 engins et 48 sapeurs-pompiers<\/strong> sont intervenus rapidement pour ma\u00eetriser le feu. Mais la t\u00e2che n&rsquo;a pas \u00e9t\u00e9 facilit\u00e9e par des <strong>parcelles difficilement accessibles<\/strong>. L&rsquo;incendie a tout de m\u00eame \u00e9t\u00e9 fix\u00e9 dans la soir\u00e9e. Les pompiers sont <strong>rest\u00e9s sur place pour traiter les lisi\u00e8res<\/strong>. \u00ab\u00a0Une op\u00e9ration de longue dur\u00e9e\u00a0\u00bb, indique le service d\u00e9partemental d&rsquo;incendie et de secours de Loire-Atlantique.<\/p>\n<p style=\"text-align: justify;\">\u00a0<\/p>\n<p>Des pr\u00e9s \u00e9vacu\u00e9s<\/p>\n<p style=\"text-align: justify;\">L&rsquo;incendie a rapidement atteint <strong>les pr\u00e9s des \u00c9curies de la M\u00f4ne<\/strong>, qui ont <strong>\u00e9vacu\u00e9 en urgence leurs chevaux<\/strong>. \u00ab\u00a0Plus de 40 pompiers ont lutt\u00e9 jusqu&rsquo;\u00e0 ce soir pour \u00e9viter la catastrophe. <strong>Un grand merci pour leur travail<\/strong>. <strong>Merci \u00e9galement pour la solidarit\u00e9 de tout le voisinage.<\/strong> Cavalier(es) des \u00e9curies, agriculteur, \u00e9curie voisine\u00a0\u00bb, a \u00e9crit le centre \u00e9questre sur sa page Facebook.\u00a0<\/p>\n","protected":false},"excerpt":{"rendered":"Cr\u00e9dit : illustration Envato &#8211; DR Un incendie s&rsquo;est d\u00e9clar\u00e9 ce dimanche 24 ao\u00fbt vers 16h au Sud&hellip;\n","protected":false},"author":2,"featured_media":342472,"comment_status":"","ping_status":"","sticky":false,"template":"","format":"standard","meta":{"footnotes":""},"categories":[2818],"tags":[47867,1111,11,47865,1777,674,1312,1011,27,1310,19975,3047,766,12,2636,1311,5689,25,5153,47866,47864],"class_list":{"0":"post-342471","1":"post","2":"type-post","3":"status-publish","4":"format-standard","5":"has-post-thumbnail","7":"category-nantes","8":"tag-20-hectares","9":"tag-actu","10":"tag-actualites","11":"tag-ecurie","12":"tag-eu","13":"tag-europe","14":"tag-feu","15":"tag-fr","16":"tag-france","17":"tag-incendie","18":"tag-intervention","19":"tag-loire-atlantique","20":"tag-nantes","21":"tag-news","22":"tag-pays-de-la-loire","23":"tag-pompiers","24":"tag-pont-saint-martin","25":"tag-republique-francaise","26":"tag-sapeurs-pompiers","27":"tag-vegetations","28":"tag-viais"},"share_on_mastodon":{"url":"https:\/\/pubeurope.com\/@fr\/115088657329651315","error":""},"_links":{"self":[{"href":"https:\/\/www.europesays.com\/fr\/wp-json\/wp\/v2\/posts\/342471","targetHints":{"allow":["GET"]}}],"collection":[{"href":"https:\/\/www.europesays.com\/fr\/wp-json\/wp\/v2\/posts"}],"about":[{"href":"https:\/\/www.europesays.com\/fr\/wp-json\/wp\/v2\/types\/post"}],"author":[{"embeddable":true,"href":"https:\/\/www.europesays.com\/fr\/wp-json\/wp\/v2\/users\/2"}],"replies":[{"embeddable":true,"href":"https:\/\/www.europesays.com\/fr\/wp-json\/wp\/v2\/comments?post=342471"}],"version-history":[{"count":0,"href":"https:\/\/www.europesays.com\/fr\/wp-json\/wp\/v2\/posts\/342471\/revisions"}],"wp:featuredmedia":[{"embeddable":true,"href":"https:\/\/www.europesays.com\/fr\/wp-json\/wp\/v2\/media\/342472"}],"wp:attachment":[{"href":"https:\/\/www.europesays.com\/fr\/wp-json\/wp\/v2\/media?parent=342471"}],"wp:term":[{"taxonomy":"category","embeddable":true,"href":"https:\/\/www.europesays.com\/fr\/wp-json\/wp\/v2\/categories?post=342471"},{"taxonomy":"post_tag","embeddable":true,"href":"https:\/\/www.europesays.com\/fr\/wp-json\/wp\/v2\/tags?post=342471"}],"curies":[{"name":"wp","href":"https:\/\/api.w.org\/{rel}","templated":true}]}}