{"id":342473,"date":"2025-08-25T09:18:16","date_gmt":"2025-08-25T09:18:16","guid":{"rendered":"https:\/\/www.europesays.com\/fr\/342473\/"},"modified":"2025-08-25T09:18:16","modified_gmt":"2025-08-25T09:18:16","slug":"une-femme-saute-du-pont-de-chevire-sous-les-yeux-de-sa-mere","status":"publish","type":"post","link":"https:\/\/www.europesays.com\/fr\/342473\/","title":{"rendered":"Une femme saute du pont de Chevir\u00e9 sous les yeux de sa m\u00e8re"},"content":{"rendered":"<p>La sc\u00e8ne s\u2019est d\u00e9roul\u00e9e aux alentours de 16 heures dimanche. Alors que la circulation \u00e9tait dense, un v\u00e9hicule s\u2019est arr\u00eat\u00e9 sur le pont de Chevir\u00e9, qui enjambe la Loire, \u00e0 <a href=\"https:\/\/www.20minutes.fr\/nantes\/\" class=\"c-link c-link--is-underlined\" target=\"_blank\" rel=\"noopener\">Nantes<\/a>. Une femme en est sortie et a saut\u00e9 du pont, haut d\u2019un peu plus de cinquante m\u00e8tres. Les pompiers de <a href=\"https:\/\/www.20minutes.fr\/societe\/loire-atlantique\/\" class=\"c-link c-link--is-underlined\" target=\"_blank\" rel=\"noopener\">Loire-Atlantique<\/a> sont intervenus dimanche pour tenter de la retrouver, mais en vain. \u00ab\u00a0Les recherches effectu\u00e9es en Loire se sont r\u00e9v\u00e9l\u00e9es infructueuses\u00a0\u00bb, a fait savoir le CODIS 44, qui avait engag\u00e9 13 pompiers et cinq engins. Dimanche soir, la personne n\u2019avait toujours pas \u00e9t\u00e9 retrouv\u00e9e.<\/p>\n<p><a href=\"https:\/\/www.ouest-france.fr\/societe\/faits-divers\/portee-disparue-apres-avoir-saute-devant-sa-mere-du-pont-de-chevire-a-nantes-58859d8a-8104-11f0-a070-ec6a7f83d549\" rel=\"nofollow noopener\" target=\"_blank\" class=\"c-link c-link--is-underlined\">D\u2019apr\u00e8s nos confr\u00e8res de Presse Oc\u00e9an<\/a>, la femme \u00e9tait accompagn\u00e9e de sa m\u00e8re, qui \u00e9tait rest\u00e9e dans la voiture. Cette derni\u00e8re a assist\u00e9, impuissante, au geste d\u00e9sesp\u00e9r\u00e9 de sa fille. La victime \u00e9tait \u00e2g\u00e9e d\u2019une soixantaine d\u2019ann\u00e9es.<\/p>\n<p>Ces derniers mois, le pont de Chevir\u00e9 avait d\u00e9j\u00e0 \u00e9t\u00e9 le th\u00e9\u00e2tre de plusieurs suicides.<\/p>\n","protected":false},"excerpt":{"rendered":"La sc\u00e8ne s\u2019est d\u00e9roul\u00e9e aux alentours de 16 heures dimanche. Alors que la circulation \u00e9tait dense, un v\u00e9hicule&hellip;\n","protected":false},"author":2,"featured_media":342474,"comment_status":"","ping_status":"","sticky":false,"template":"","format":"standard","meta":{"footnotes":""},"categories":[2818],"tags":[1111,47,11,1777,674,118,1011,27,3047,766,12,2636,1311,5604,25,5748,22128],"class_list":{"0":"post-342473","1":"post","2":"type-post","3":"status-publish","4":"format-standard","5":"has-post-thumbnail","7":"category-nantes","8":"tag-actu","9":"tag-actualite","10":"tag-actualites","11":"tag-eu","12":"tag-europe","13":"tag-faits-divers","14":"tag-fr","15":"tag-france","16":"tag-loire-atlantique","17":"tag-nantes","18":"tag-news","19":"tag-pays-de-la-loire","20":"tag-pompiers","21":"tag-pont","22":"tag-republique-francaise","23":"tag-suicide","24":"tag-tentative-de-suicide"},"share_on_mastodon":{"url":"https:\/\/pubeurope.com\/@fr\/115088661151525095","error":""},"_links":{"self":[{"href":"https:\/\/www.europesays.com\/fr\/wp-json\/wp\/v2\/posts\/342473","targetHints":{"allow":["GET"]}}],"collection":[{"href":"https:\/\/www.europesays.com\/fr\/wp-json\/wp\/v2\/posts"}],"about":[{"href":"https:\/\/www.europesays.com\/fr\/wp-json\/wp\/v2\/types\/post"}],"author":[{"embeddable":true,"href":"https:\/\/www.europesays.com\/fr\/wp-json\/wp\/v2\/users\/2"}],"replies":[{"embeddable":true,"href":"https:\/\/www.europesays.com\/fr\/wp-json\/wp\/v2\/comments?post=342473"}],"version-history":[{"count":0,"href":"https:\/\/www.europesays.com\/fr\/wp-json\/wp\/v2\/posts\/342473\/revisions"}],"wp:featuredmedia":[{"embeddable":true,"href":"https:\/\/www.europesays.com\/fr\/wp-json\/wp\/v2\/media\/342474"}],"wp:attachment":[{"href":"https:\/\/www.europesays.com\/fr\/wp-json\/wp\/v2\/media?parent=342473"}],"wp:term":[{"taxonomy":"category","embeddable":true,"href":"https:\/\/www.europesays.com\/fr\/wp-json\/wp\/v2\/categories?post=342473"},{"taxonomy":"post_tag","embeddable":true,"href":"https:\/\/www.europesays.com\/fr\/wp-json\/wp\/v2\/tags?post=342473"}],"curies":[{"name":"wp","href":"https:\/\/api.w.org\/{rel}","templated":true}]}}