{"id":342477,"date":"2025-08-25T09:20:10","date_gmt":"2025-08-25T09:20:10","guid":{"rendered":"https:\/\/www.europesays.com\/fr\/342477\/"},"modified":"2025-08-25T09:20:10","modified_gmt":"2025-08-25T09:20:10","slug":"une-femme-dans-le-coma-apres-une-violente-agression-son-conjoint-mis-en-examen","status":"publish","type":"post","link":"https:\/\/www.europesays.com\/fr\/342477\/","title":{"rendered":"une femme dans le coma apr\u00e8s une violente agression, son conjoint mis en examen"},"content":{"rendered":"<p>Un homme de 44 ans a \u00e9t\u00e9 mis en examen ce dimanche par le parquet de Bordeaux. Il avait port\u00e9 un coup violent \u00e0 sa compagne devant leur domicile, jeudi soir dernier. La victime est entre la vie et la mort.<\/p>\n<p class=\"fig-paragraph\">Les faits se sont d\u00e9roul\u00e9s dans la soir\u00e9e de jeudi, sur le bassin d\u2019Arcachon, \u00e0\u00a0<a href=\"http:\/\/www.lefigaro.fr\/economie\/origine-immobilier-l-expertise-immobiliere-sur-la-teste-de-buch-et-le-bassin-d-arcachon-20250704\" data-fig-type=\"Article\" rel=\"sponsored noopener\" data-gtm-custom-categorie=\"navigation\" data-gtm-custom-action=\"crossclick\" data-gtm-custom-label=\"Contextuel\" data-gtm-event=\"customEventSPE\" data-fig-domain=\"LEFIGARO\" target=\"_blank\">La Teste-de-Buch<\/a>. D\u2019apr\u00e8s des r\u00e9v\u00e9lations du journal Sud-Ouest confirm\u00e9es au Figaro par le parquet de\u00a0<a href=\"http:\/\/www.lefigaro.fr\/bordeaux\/cela-va-dans-le-sens-de-l-histoire-a-bordeaux-le-maire-pierre-hurmic-veut-creer-une-zone-de-baignade-dans-la-garonne-20250823\" data-fig-type=\"NewsFlash\" data-gtm-custom-categorie=\"navigation\" data-gtm-custom-action=\"crossclick\" data-gtm-custom-label=\"Contextuel\" data-gtm-event=\"customEventSPE\" data-fig-domain=\"LEFIGARO\" target=\"_blank\" rel=\"noopener\">Bordeaux<\/a>, une violente\u00a0<a href=\"http:\/\/www.lefigaro.fr\/culture\/une-scene-de-dispute-entre-scarlett-johansson-et-d-adam-driver-utilisee-pour-faire-fuir-les-loups-aux-etats-unis-20250806\" data-fig-type=\"Article\" data-gtm-custom-categorie=\"navigation\" data-gtm-custom-action=\"crossclick\" data-gtm-custom-label=\"Contextuel\" data-gtm-event=\"customEventSPE\" data-fig-domain=\"LEFIGARO\" target=\"_blank\" rel=\"noopener\">dispute<\/a>\u00a0a \u00e9clat\u00e9 entre un couple devant leur domicile, situ\u00e9 dans le quartier du port du Rocher, \u00e0 l\u2019issue d\u2019une soir\u00e9e. La femme aurait gifl\u00e9 son compagnon, qui lui aurait alors r\u00e9pondu par un coup de poing. Elle s\u2019est alors effondr\u00e9e au sol, inconsciente, sa t\u00eate heurtant violemment le bitume.<\/p>\n<p class=\"fig-paragraph\">Rapidement alert\u00e9s, les secours ont tent\u00e9 de la r\u00e9animer sur place avant de la transf\u00e9rer \u00e0 l\u2019h\u00f4pital. Ce dimanche, la victime se trouvait toujours dans le coma, entre la vie et la mort. En cas de r\u00e9veil, elle pourrait conserver de lourdes s\u00e9quelles neurologiques.<\/p>\n<p>                                    <a class=\"fig-a11y-skip a11y-hidden\" href=\"#fig-a11y-skip-main-inarticle\"><br \/>\n        Passer la publicit\u00e9<br \/>\n    <\/a><\/p>\n<p>Forte consommation d\u2019alcool<\/p>\n<p class=\"fig-paragraph\">L\u2019auteur pr\u00e9sum\u00e9 des faits, un ostr\u00e9iculteur de 44 ans, a \u00e9t\u00e9 interpell\u00e9 vendredi soir. Il avait d\u2019abord \u00e9voqu\u00e9 un accident domestique. Mais le t\u00e9moignage d\u2019une jeune fille, amie de la fille du couple et t\u00e9moin direct de la sc\u00e8ne, a permis de faire la lumi\u00e8re sur les \u00e9v\u00e9nements. C\u2019est elle qui s\u2019est rendue au commissariat de Bordeaux pour raconter ce qu\u2019elle avait vu.<\/p>\n<p class=\"fig-paragraph\">Plac\u00e9 en garde \u00e0 vue, l\u2019homme a reconnu qu\u2019une altercation avait bien eu lieu, mais a affirm\u00e9 ne pas se souvenir de son geste, invoquant une forte consommation d\u2019alcool ce soir-l\u00e0. Il a \u00e9t\u00e9 mis en examen pour violences volontaires ayant entra\u00een\u00e9 une infirmit\u00e9 permanente sur conjoint.<\/p>\n","protected":false},"excerpt":{"rendered":"Un homme de 44 ans a \u00e9t\u00e9 mis en examen ce dimanche par le parquet de Bordeaux. Il&hellip;\n","protected":false},"author":2,"featured_media":342478,"comment_status":"","ping_status":"","sticky":false,"template":"","format":"standard","meta":{"footnotes":""},"categories":[2817],"tags":[1111,11,1997,1777,674,1011,27,12,2219,25,809,798],"class_list":{"0":"post-342477","1":"post","2":"type-post","3":"status-publish","4":"format-standard","5":"has-post-thumbnail","7":"category-bordeaux","8":"tag-actu","9":"tag-actualites","10":"tag-bordeaux","11":"tag-eu","12":"tag-europe","13":"tag-fr","14":"tag-france","15":"tag-news","16":"tag-nouvelle-aquitaine","17":"tag-republique-francaise","18":"tag-violence","19":"tag-violences-conjugales"},"share_on_mastodon":{"url":"https:\/\/pubeurope.com\/@fr\/115088669110848720","error":""},"_links":{"self":[{"href":"https:\/\/www.europesays.com\/fr\/wp-json\/wp\/v2\/posts\/342477","targetHints":{"allow":["GET"]}}],"collection":[{"href":"https:\/\/www.europesays.com\/fr\/wp-json\/wp\/v2\/posts"}],"about":[{"href":"https:\/\/www.europesays.com\/fr\/wp-json\/wp\/v2\/types\/post"}],"author":[{"embeddable":true,"href":"https:\/\/www.europesays.com\/fr\/wp-json\/wp\/v2\/users\/2"}],"replies":[{"embeddable":true,"href":"https:\/\/www.europesays.com\/fr\/wp-json\/wp\/v2\/comments?post=342477"}],"version-history":[{"count":0,"href":"https:\/\/www.europesays.com\/fr\/wp-json\/wp\/v2\/posts\/342477\/revisions"}],"wp:featuredmedia":[{"embeddable":true,"href":"https:\/\/www.europesays.com\/fr\/wp-json\/wp\/v2\/media\/342478"}],"wp:attachment":[{"href":"https:\/\/www.europesays.com\/fr\/wp-json\/wp\/v2\/media?parent=342477"}],"wp:term":[{"taxonomy":"category","embeddable":true,"href":"https:\/\/www.europesays.com\/fr\/wp-json\/wp\/v2\/categories?post=342477"},{"taxonomy":"post_tag","embeddable":true,"href":"https:\/\/www.europesays.com\/fr\/wp-json\/wp\/v2\/tags?post=342477"}],"curies":[{"name":"wp","href":"https:\/\/api.w.org\/{rel}","templated":true}]}}