{"id":342479,"date":"2025-08-25T09:21:15","date_gmt":"2025-08-25T09:21:15","guid":{"rendered":"https:\/\/www.europesays.com\/fr\/342479\/"},"modified":"2025-08-25T09:21:15","modified_gmt":"2025-08-25T09:21:15","slug":"ce-parking-va-disparaitre-au-profit-dun-immense-projet-immobilier","status":"publish","type":"post","link":"https:\/\/www.europesays.com\/fr\/342479\/","title":{"rendered":"ce parking va dispara\u00eetre au profit d\u2019un immense projet immobilier"},"content":{"rendered":"<p><strong>Le parking relais de Jolimont \u00e0 Toulouse ferme d\u00e9finitivement \u00e0 partir du 29 ao\u00fbt. Les 284 places c\u00e8dent la place au projet immobilier My Jolimont. Les automobilistes devront se tourner vers d\u2019autres parcs relais.<\/strong><\/p>\n<p><img fetchpriority=\"high\" decoding=\"async\" width=\"1200\" height=\"675\" src=\"https:\/\/www.europesays.com\/fr\/wp-content\/uploads\/2025\/08\/parking.jpg\" alt=\"Le parking relais de Jolimont, \u00e0 Toulouse, va d\u00e9finitivement fermer.\"  \/><\/p>\n<p>\u00a9 Merrymuuu \/ Depositphotos<\/p>\n<p>Mauvaise nouvelle pour les automobilistes qui prennent le m\u00e9tro dans l\u2019Est de Toulous.<strong> Le parking relais de Jolimont sera d\u00e9finitivement <\/strong>ferm\u00e9 \u00e0 partir du vendredi 29 ao\u00fbt. <strong>\u00ab\u00a0Tous les v\u00e9hicules doivent imp\u00e9rativement sortir\u00a0\u00bb<\/strong>, indique Tiss\u00e9o dans une note sur son site internet.<\/p>\n<p>C\u2019est un espace de stationnement historique du r\u00e9seau de transports en commun de l\u2019agglom\u00e9ration toulousaine qui va ainsi dispara\u00eetre. Le site est situ\u00e9 au pied de la station de m\u00e9tro, qui fut <strong>pendant dix ans, de 1993 \u00e0 2004, le terminus de la ligne A<\/strong>. Aujourd\u2019hui, ses <strong>284 places sont appel\u00e9es \u00e0 \u00eatre remplac\u00e9es par un vaste projet immobilier<\/strong>.<\/p>\n<p>Le projet My Jolimont rempacera le parking de Jolimont<\/p>\n<p>Le terrain a \u00e9t\u00e9 c\u00e9d\u00e9 au promoteur et gestionnaire immobilier Nexity. <a href=\"https:\/\/www.lejournaltoulousain.fr\/occitanie\/haute-garonne\/toulouse\/toulouse-le-parking-relais-de-jolimont-sera-bientot-remplace-par-des-immeubles-231536\/\" target=\"_blank\" data-type=\"post\" data-id=\"231536\" rel=\"noreferrer noopener nofollow\">Le futur quartier My Jolimont<\/a> fait partie des quinze laur\u00e9ats du concours Dessine-moi Toulouse. Le programme s\u2019\u00e9tendra sur <strong>14\u00a0600 m\u00b2 le long du viaduc du m\u00e9tro<\/strong>, jusqu\u2019au nouveau quartier Guillaumet.<\/p>\n<p>Il pr\u00e9voit notamment un b\u00e2timent de bureaux, des logements classiques et d\u2019autres pour des jeunes actifs, une pension de famille et une cr\u00e8che. <strong>Une travers\u00e9e v\u00e9g\u00e9tale pour pi\u00e9tons et cyclistes compl\u00e9tera l\u2019ensemble.<\/strong> Si l\u2019agenda est respect\u00e9, les travaux devraient d\u00e9buter au troisi\u00e8me trimestre 2025. La livraison est pr\u00e9vue en 2027.<\/p>\n<p>Des alternatives dans l\u2019Est de Toulouse<\/p>\n<p>Apr\u00e8s cette fermeture, Tiss\u00e9o invite les usagers \u00e0 <strong>se diriger vers deux autres parcs relais <\/strong>connect\u00e9s \u00e0 la ligne A :<\/p>\n<ul class=\"wp-block-list\">\n<li>Argoulets, \u00e0 5 minutes en voiture, avec 800 places<\/li>\n<li>Balma-Gramont, \u00e0 10 minutes, offrant plus de mille places<\/li>\n<\/ul>\n<p>Les automobilistes peuvent consulter en temps r\u00e9el <a href=\"https:\/\/www.tisseo.fr\/se-deplacer\/parc-relais\" target=\"_blank\" data-type=\"link\" data-id=\"https:\/\/www.tisseo.fr\/se-deplacer\/parc-relais\" rel=\"noreferrer noopener nofollow\">la disponibilit\u00e9 des autres espaces de stationnement<\/a> sur le site et l\u2019application Tiss\u00e9o. D\u00e8s le 1er septembre, <a href=\"https:\/\/www.lejournaltoulousain.fr\/occitanie\/haute-garonne\/toulouse\/tisseo-rentree-2025-333871\/\" data-type=\"post\" data-id=\"333871\" rel=\"nofollow noopener\" target=\"_blank\">la nouvelle ligne de bus Lin\u00e9o 12<\/a> reliera Borderouge \u00e0 Rangueil, permettant ainsi une connexion avec la ligne A \u00e0 la station Roseraie.<\/p>\n","protected":false},"excerpt":{"rendered":"Le parking relais de Jolimont \u00e0 Toulouse ferme d\u00e9finitivement \u00e0 partir du 29 ao\u00fbt. Les 284 places c\u00e8dent&hellip;\n","protected":false},"author":2,"featured_media":342480,"comment_status":"","ping_status":"","sticky":false,"template":"","format":"standard","meta":{"footnotes":""},"categories":[2816],"tags":[1111,11,1777,674,1011,27,12,2680,25,2312,47868],"class_list":{"0":"post-342479","1":"post","2":"type-post","3":"status-publish","4":"format-standard","5":"has-post-thumbnail","7":"category-toulouse","8":"tag-actu","9":"tag-actualites","10":"tag-eu","11":"tag-europe","12":"tag-fr","13":"tag-france","14":"tag-news","15":"tag-occitanie","16":"tag-republique-francaise","17":"tag-toulouse","18":"tag-toulouse-ce-parking-va-disparau00eetre-au-profit-du2019un-immense-projet-immobilier"},"share_on_mastodon":{"url":"https:\/\/pubeurope.com\/@fr\/115088673029205538","error":""},"_links":{"self":[{"href":"https:\/\/www.europesays.com\/fr\/wp-json\/wp\/v2\/posts\/342479","targetHints":{"allow":["GET"]}}],"collection":[{"href":"https:\/\/www.europesays.com\/fr\/wp-json\/wp\/v2\/posts"}],"about":[{"href":"https:\/\/www.europesays.com\/fr\/wp-json\/wp\/v2\/types\/post"}],"author":[{"embeddable":true,"href":"https:\/\/www.europesays.com\/fr\/wp-json\/wp\/v2\/users\/2"}],"replies":[{"embeddable":true,"href":"https:\/\/www.europesays.com\/fr\/wp-json\/wp\/v2\/comments?post=342479"}],"version-history":[{"count":0,"href":"https:\/\/www.europesays.com\/fr\/wp-json\/wp\/v2\/posts\/342479\/revisions"}],"wp:featuredmedia":[{"embeddable":true,"href":"https:\/\/www.europesays.com\/fr\/wp-json\/wp\/v2\/media\/342480"}],"wp:attachment":[{"href":"https:\/\/www.europesays.com\/fr\/wp-json\/wp\/v2\/media?parent=342479"}],"wp:term":[{"taxonomy":"category","embeddable":true,"href":"https:\/\/www.europesays.com\/fr\/wp-json\/wp\/v2\/categories?post=342479"},{"taxonomy":"post_tag","embeddable":true,"href":"https:\/\/www.europesays.com\/fr\/wp-json\/wp\/v2\/tags?post=342479"}],"curies":[{"name":"wp","href":"https:\/\/api.w.org\/{rel}","templated":true}]}}