{"id":342481,"date":"2025-08-25T09:22:11","date_gmt":"2025-08-25T09:22:11","guid":{"rendered":"https:\/\/www.europesays.com\/fr\/342481\/"},"modified":"2025-08-25T09:22:11","modified_gmt":"2025-08-25T09:22:11","slug":"toulouse-salon-de-la-poissonnerie-conferences-et-demonstrations-culinaires","status":"publish","type":"post","link":"https:\/\/www.europesays.com\/fr\/342481\/","title":{"rendered":"TOULOUSE : Salon de la poissonnerie, conf\u00e9rences et d\u00e9monstrations culinaires"},"content":{"rendered":"<p><strong>Le 1er Salon fran\u00e7ais de la poissonnerie et des produits de la mer (SNAP)\u00a0vous donne rendez-vous les 5 et 6 octobre 2025 au Grand March\u00e9 de Toulouse.<\/strong><\/p>\n<p>Cette premi\u00e8re \u00e9dition accueillera plus de 100 exposants professionnels venus de toute la France et de l\u2019\u00e9tranger pour vous faire d\u00e9couvrir leurs savoir-faire.\u00a0Ce salon offrira aussi, aux visiteurs et aux exposants, des temps de r\u00e9flexion, d\u2019inspiration et de d\u00e9couverte autour d\u2019une programmation sur les deux jours :\u00a0des conf\u00e9rences en lien avec les enjeux des fili\u00e8res, des d\u00e9monstrations culinaires autour des produits et des savoir-faire, un concours in\u00e9dit, une exposition autour de la p\u00eache du thon rouge de M\u00e9diterran\u00e9e.<b><\/b><\/p>\n<p><strong>Les inscriptions sont ouvertes !<\/strong><b><\/b><\/p>\n<p><strong>Tout sur le SNAP :\u00a0<\/strong><strong><a href=\"https:\/\/u44196987.ct.sendgrid.net\/ls\/click?upn=u001.oAvz0GakhwwEd9tE4-2BZc7JvXAjNiKe5LvYZCrCmCmSZ3hhxyDnXg-2BARX4TNQp8u-2FYbea_Cy1gKJ78C7YbA-2Bj-2BlN-2Brdg45j31CHH-2BJmir0nmWm5AM-2BiY5k0JIygvZkcLBIpH0OlK-2BI3C9Dt2NcDRDwxcijzck-2BnvaquMbH0AZXDytVRD5rGmrFqjZLpOzmdsTBO-2BELHL5cx2V-2BA29mbWJpi5X2ksr3qzKx-2BvLq-2BJSmuLZY3NPdWi0fpIr3BGTw-2FuM9pB3lXJm2FcckQs1HIVuq4D-2FJwFxFBfhcoYfHf3dwksv8iSzJjq3vt8N4SV1U7BE9T3AY3smQQ0FgZe7Maa77cgwBj3-2FaLcOkv5FYFYw4FqVaDP2YUXKDjHoYqZJo1-2FGNRfFjrVP2-2FYZ-2FNXHmYJTVZhaI7BXfZEMNkMyevj34fkSLYhI-3D\" target=\"_blank\" rel=\"noopener nofollow\" data-saferedirecturl=\"https:\/\/www.google.com\/url?q=https:\/\/u44196987.ct.sendgrid.net\/ls\/click?upn%3Du001.oAvz0GakhwwEd9tE4-2BZc7JvXAjNiKe5LvYZCrCmCmSZ3hhxyDnXg-2BARX4TNQp8u-2FYbea_Cy1gKJ78C7YbA-2Bj-2BlN-2Brdg45j31CHH-2BJmir0nmWm5AM-2BiY5k0JIygvZkcLBIpH0OlK-2BI3C9Dt2NcDRDwxcijzck-2BnvaquMbH0AZXDytVRD5rGmrFqjZLpOzmdsTBO-2BELHL5cx2V-2BA29mbWJpi5X2ksr3qzKx-2BvLq-2BJSmuLZY3NPdWi0fpIr3BGTw-2FuM9pB3lXJm2FcckQs1HIVuq4D-2FJwFxFBfhcoYfHf3dwksv8iSzJjq3vt8N4SV1U7BE9T3AY3smQQ0FgZe7Maa77cgwBj3-2FaLcOkv5FYFYw4FqVaDP2YUXKDjHoYqZJo1-2FGNRfFjrVP2-2FYZ-2FNXHmYJTVZhaI7BXfZEMNkMyevj34fkSLYhI-3D&amp;source=gmail&amp;ust=1756195834893000&amp;usg=AOvVaw0r5cy-v2EVRFX0Gyz4Gbos\"><b>www.snaptoulouse.fr<\/b><\/a><\/strong><\/p>\n","protected":false},"excerpt":{"rendered":"Le 1er Salon fran\u00e7ais de la poissonnerie et des produits de la mer (SNAP)\u00a0vous donne rendez-vous les 5&hellip;\n","protected":false},"author":2,"featured_media":342482,"comment_status":"","ping_status":"","sticky":false,"template":"","format":"standard","meta":{"footnotes":""},"categories":[2816],"tags":[1111,11,1777,674,1011,27,12,2680,25,2312],"class_list":{"0":"post-342481","1":"post","2":"type-post","3":"status-publish","4":"format-standard","5":"has-post-thumbnail","7":"category-toulouse","8":"tag-actu","9":"tag-actualites","10":"tag-eu","11":"tag-europe","12":"tag-fr","13":"tag-france","14":"tag-news","15":"tag-occitanie","16":"tag-republique-francaise","17":"tag-toulouse"},"share_on_mastodon":{"url":"https:\/\/pubeurope.com\/@fr\/115088676904288043","error":""},"_links":{"self":[{"href":"https:\/\/www.europesays.com\/fr\/wp-json\/wp\/v2\/posts\/342481","targetHints":{"allow":["GET"]}}],"collection":[{"href":"https:\/\/www.europesays.com\/fr\/wp-json\/wp\/v2\/posts"}],"about":[{"href":"https:\/\/www.europesays.com\/fr\/wp-json\/wp\/v2\/types\/post"}],"author":[{"embeddable":true,"href":"https:\/\/www.europesays.com\/fr\/wp-json\/wp\/v2\/users\/2"}],"replies":[{"embeddable":true,"href":"https:\/\/www.europesays.com\/fr\/wp-json\/wp\/v2\/comments?post=342481"}],"version-history":[{"count":0,"href":"https:\/\/www.europesays.com\/fr\/wp-json\/wp\/v2\/posts\/342481\/revisions"}],"wp:featuredmedia":[{"embeddable":true,"href":"https:\/\/www.europesays.com\/fr\/wp-json\/wp\/v2\/media\/342482"}],"wp:attachment":[{"href":"https:\/\/www.europesays.com\/fr\/wp-json\/wp\/v2\/media?parent=342481"}],"wp:term":[{"taxonomy":"category","embeddable":true,"href":"https:\/\/www.europesays.com\/fr\/wp-json\/wp\/v2\/categories?post=342481"},{"taxonomy":"post_tag","embeddable":true,"href":"https:\/\/www.europesays.com\/fr\/wp-json\/wp\/v2\/tags?post=342481"}],"curies":[{"name":"wp","href":"https:\/\/api.w.org\/{rel}","templated":true}]}}