{"id":342483,"date":"2025-08-25T09:23:11","date_gmt":"2025-08-25T09:23:11","guid":{"rendered":"https:\/\/www.europesays.com\/fr\/342483\/"},"modified":"2025-08-25T09:23:11","modified_gmt":"2025-08-25T09:23:11","slug":"villeneuve-dascq-une-toute-nouvelle-boutique-de-mode-va-ouvrir-ses-portes-chez-aushopping-v2","status":"publish","type":"post","link":"https:\/\/www.europesays.com\/fr\/342483\/","title":{"rendered":"Villeneuve-d&rsquo;Ascq. Une toute nouvelle boutique de mode va ouvrir ses portes chez Aushopping V2"},"content":{"rendered":"<p>            Par<br \/>\n        <strong><br \/>\n            <a href=\"https:\/\/actu.fr\/auteur\/nicolas-demollien\" title=\"Consulter tous les articles de Nicolas Demollien\" target=\"_blank\" rel=\"noopener\">Nicolas Demollien<\/a><br \/>\n        <\/strong><\/p>\n<p>        Publi\u00e9 le<\/p>\n<p>            25 ao\u00fbt 2025 \u00e0 10h48        <\/p>\n<p>Avis aux passionn\u00e9s de mode et aux afficionados du <b>shopping<\/b> ! Le <b>centre commercial Aushopping V2<\/b> de <a href=\"https:\/\/actu.fr\/hauts-de-france\/villeneuve-d-ascq_59009\" target=\"_blank\" rel=\"noopener\">Villeneuve-d\u2019Ascq<\/a> (Nord) va accueillir une toute <b>nouvelle boutique<\/b> dans ses all\u00e9es.<\/p>\n<p>Une nouvelle marque s\u2019installe chez Aushopping V2 \u00e0 Villeneuve-d\u2019Ascq<\/p>\n<p class=\" wall-content\">Cette marque qui installe un nouveau commerce sur place, c\u2019est <b>ONLY<\/b>. L\u2019ouverture est <b>programm\u00e9e mercredi 11 septembre 2025<\/b>.<\/p>\n<p class=\" wall-content\">ONLY, c\u2019est la promesse \u00ab\u00a0de l\u2019une des marques de mode internationales les plus branch\u00e9es\u00a0\u00bb, lance-t-on du c\u00f4t\u00e9 du centre commercial. Et d\u2019assurer : \u00ab\u00a0vous trouverez toujours les\u00a0<b>plus grandes tendances<\/b> de la mode et des v\u00eatements qui vous aideront \u00e0 vous pr\u00e9parer quelle que soit l\u2019occasion\u00a0\u00bb.<\/p>\n<p class=\" wall-content\">Robes, jeans ou vestes tendance, les propositions sont multiples chez ONLY pour parfaire votre garde-robe. Vous trouverez \u00e9galement des rayons enfants et grandes tailles.<\/p>\n<p class=\" wall-content\">D\u2019ici cette ouverture all\u00e9chante, notons qu\u2019une <a href=\"https:\/\/actu.fr\/hauts-de-france\/lille_59350\/metropole-de-lille-les-centres-commerciaux-font-leur-braderie-avec-des-prix-casses-ce-qui-vous-attend_63071216.html\" target=\"_blank\" rel=\"noopener\">grande braderie sera organis\u00e9e dans le centre commercial<\/a> avec la promesse de prix cass\u00e9s.<\/p>\n<p class=\" wall-content\">Plus d\u2019infos sur le site <a href=\"https:\/\/v2.aushopping.com\/magasins\/only-v2\" target=\"_blank\" rel=\"noopener\">v2.aushopping.com<\/a><\/p>\n<p class=\" wall-content\">Personnalisez votre actualit\u00e9 en ajoutant vos villes et m\u00e9dias en favori avec <a href=\"https:\/\/moncompte.actu.fr\" title=\"D\u00e9couvez Mon Actu\" rel=\"nofollow noopener\" data-trk=\"{&quot;cta&quot;:{&quot;action&quot;:&quot;https:\\\/\\\/moncompte.actu.fr&quot;,&quot;category&quot;:&quot;mon compte&quot;,&quot;from&quot;:&quot;article footer&quot;,&quot;name&quot;:&quot;Mon actu&quot;,&quot;type&quot;:&quot;cta&quot;}}\" target=\"_blank\">Mon Actu<\/a>.<\/p>\n","protected":false},"excerpt":{"rendered":"Par Nicolas Demollien Publi\u00e9 le 25 ao\u00fbt 2025 \u00e0 10h48 Avis aux passionn\u00e9s de mode et aux afficionados&hellip;\n","protected":false},"author":2,"featured_media":342484,"comment_status":"","ping_status":"","sticky":false,"template":"","format":"standard","meta":{"footnotes":""},"categories":[2815],"tags":[1111,11,33,1777,674,1011,27,811,1307,12,3147,25],"class_list":{"0":"post-342483","1":"post","2":"type-post","3":"status-publish","4":"format-standard","5":"has-post-thumbnail","7":"category-lille","8":"tag-actu","9":"tag-actualites","10":"tag-economie","11":"tag-eu","12":"tag-europe","13":"tag-fr","14":"tag-france","15":"tag-hauts-de-france","16":"tag-lille","17":"tag-news","18":"tag-nouveaux-commerces","19":"tag-republique-francaise"},"share_on_mastodon":{"url":"https:\/\/pubeurope.com\/@fr\/115088680992158872","error":""},"_links":{"self":[{"href":"https:\/\/www.europesays.com\/fr\/wp-json\/wp\/v2\/posts\/342483","targetHints":{"allow":["GET"]}}],"collection":[{"href":"https:\/\/www.europesays.com\/fr\/wp-json\/wp\/v2\/posts"}],"about":[{"href":"https:\/\/www.europesays.com\/fr\/wp-json\/wp\/v2\/types\/post"}],"author":[{"embeddable":true,"href":"https:\/\/www.europesays.com\/fr\/wp-json\/wp\/v2\/users\/2"}],"replies":[{"embeddable":true,"href":"https:\/\/www.europesays.com\/fr\/wp-json\/wp\/v2\/comments?post=342483"}],"version-history":[{"count":0,"href":"https:\/\/www.europesays.com\/fr\/wp-json\/wp\/v2\/posts\/342483\/revisions"}],"wp:featuredmedia":[{"embeddable":true,"href":"https:\/\/www.europesays.com\/fr\/wp-json\/wp\/v2\/media\/342484"}],"wp:attachment":[{"href":"https:\/\/www.europesays.com\/fr\/wp-json\/wp\/v2\/media?parent=342483"}],"wp:term":[{"taxonomy":"category","embeddable":true,"href":"https:\/\/www.europesays.com\/fr\/wp-json\/wp\/v2\/categories?post=342483"},{"taxonomy":"post_tag","embeddable":true,"href":"https:\/\/www.europesays.com\/fr\/wp-json\/wp\/v2\/tags?post=342483"}],"curies":[{"name":"wp","href":"https:\/\/api.w.org\/{rel}","templated":true}]}}