{"id":342487,"date":"2025-08-25T09:25:12","date_gmt":"2025-08-25T09:25:12","guid":{"rendered":"https:\/\/www.europesays.com\/fr\/342487\/"},"modified":"2025-08-25T09:25:12","modified_gmt":"2025-08-25T09:25:12","slug":"debats-performances-concerts-le-so-good-maif-festival-revient-a-marseille","status":"publish","type":"post","link":"https:\/\/www.europesays.com\/fr\/342487\/","title":{"rendered":"D\u00e9bats, performances, concerts\u2026 Le So good Maif Festival revient \u00e0 Marseille"},"content":{"rendered":"<p>N\u00e9 \u00e0 Marseille sous l\u2019impulsion du m\u00e9dia ind\u00e9pendant So good et de la Maif, le So good Maif Festival prend la route d\u2019une tourn\u00e9e nationale en 2025\u00a0! Apr\u00e8s deux \u00e9ditions \u00e0 guichet ferm\u00e9 dans la cit\u00e9 phoc\u00e9enne, dont la derni\u00e8re qui a r\u00e9uni 8 000 participants, Lyon et Nantes s\u2019ajoutent au planning cette ann\u00e9e. Entre les deux, la <a href=\"https:\/\/www.sogoodmaiffestival.com\/\" rel=\"noopener\" target=\"\">date marseillaise se d\u00e9roulera les 11 et 12 septembre \u00e0 la Friche la Belle de Mai.<\/a><\/p>\n<p>\u00ab\u00a0L\u2019\u00e9v\u00e9nement est d\u00e9di\u00e9 \u00e0 celles et ceux qui ont envie d\u2019agir sans toujours savoir par o\u00f9 commencer, soulignent les organisateurs. C\u2019est un festival pour r\u00e9inventer, apprendre, partager, imaginer, danser, d\u00e9battre, rire\u2026 et bousculer les id\u00e9es re\u00e7ues, avec exigence et l\u00e9g\u00e8ret\u00e9.\u00a0\u00bb En journ\u00e9e, les participants seront invit\u00e9s \u00e0 participer \u00e0 des d\u00e9bats, des ateliers ou encore des spectacles. Le soir venu, place aux concerts, aux DJ sets et \u00e0 la lib\u00e9ration des corps.<\/p>\n<p>Le programme du So good Maif Festival<\/p>\n<p><strong>Le parcours Pro<\/strong><\/p>\n<p>Le jeudi 11 septembre, entreprises et associations marseillaises sont invit\u00e9es \u00e0 participer \u00e0 un dispositif unique, cr\u00e9\u00e9 sp\u00e9cialement avec Marseille Solutions\u00a0: le Marseille Express\u00a0! Ce parcours, suivi par petites \u00e9quipes interentreprises, propose aux int\u00e9ress\u00e9s de d\u00e9couvrir les actions des associations et de les accompagner sur le terrain. Un moment de partage, suivi d\u2019un cocktail d\u00eenatoire \u00e0 la Vieille Charit\u00e9, et d\u2019une performance d\u2019une vingtaine de musiciens du monde.<\/p>\n<p>Le vendredi, d\u00e8s 10h, le programme est bien rempli, entre des interventions th\u00e9matiques, des d\u00e9bats entre les jeunes issus des quartiers prioritaires et les entreprises, un d\u00e9jeuner sur le th\u00e8me du climat, ou encore un serious game avec des acteurs engag\u00e9s.<\/p>\n<p><strong>Grand public<\/strong><\/p>\n<p>Le grand public peut quant \u00e0 lui, \u00e0 partir de 17h30, se rendre \u00e0 l\u2019espace La Cartonnerie pour le Mezze Quiz (un Burger Quizz revisit\u00e9, sans Alain Chabat) anim\u00e9 par Vinz Kant\u00e9 et, avec des c\u00e9l\u00e9brit\u00e9s et des experts tels que Shirley Souagnon, Vincent Beaugrand, David Baiot, Yanis Bacha ou encore Alice Barbe pour d\u00e9cortiquer diversit\u00e9 et inclusion \u00e0 l\u2019heure des crises. S\u2019en suivent un one man show et des concerts sur le rooftop et le parking mettant en sc\u00e8ne Noga Erez, Missan, Myd, Terrenoire ou encore Cassius<\/p>\n<p><strong>Parcours jeunes<\/strong><\/p>\n<p>Parce que l\u2019avenir, ce sont les jeunes, une programmation sp\u00e9cifique leur est d\u00e9di\u00e9e pendant le festival. Une exp\u00e9rience festive, ludique et p\u00e9dagogique a \u00e9t\u00e9 imagin\u00e9e pour cette 3e \u00e9dition. Le vendredi, d\u00e8s 14h sur la cour Jobin, ils sont invit\u00e9s \u00e0 participer \u00e0 des ateliers sur la diversit\u00e9 des cultures, \u00e0 des jeux grandeur nature, des performances et des espaces de dialogue. Une jolie mani\u00e8re d\u2019\u00e9clairer les esprits pour mieux appr\u00e9hender le futur.<\/p>\n<p><strong>Informations pratiques<\/strong><\/p>\n<p>Friche la Belle de Mai, 41 rue Jobin, 13003 Marseille<\/p>\n<p>Tarifs\u00a0: \u00e0 partir de 35 euros<\/p>\n<p>Billetterie et informations sur le site <a href=\"https:\/\/www.sogoodmaiffestival.com\/\" rel=\"noopener\" target=\"\">www.sogoodmaiffestival.com<\/a><\/p>\n","protected":false},"excerpt":{"rendered":"N\u00e9 \u00e0 Marseille sous l\u2019impulsion du m\u00e9dia ind\u00e9pendant So good et de la Maif, le So good Maif&hellip;\n","protected":false},"author":2,"featured_media":342488,"comment_status":"","ping_status":"","sticky":false,"template":"","format":"standard","meta":{"footnotes":""},"categories":[2814],"tags":[17,1111,11,4156,13946,1777,674,849,1011,27,47869,2831,47870,884,12,21676,882,25,14173],"class_list":{"0":"post-342487","1":"post","2":"type-post","3":"status-publish","4":"format-standard","5":"has-post-thumbnail","7":"category-marseille","8":"tag-17","9":"tag-actu","10":"tag-actualites","11":"tag-concerts","12":"tag-debats","13":"tag-eu","14":"tag-europe","15":"tag-festival","16":"tag-fr","17":"tag-france","18":"tag-good","19":"tag-loisirs-traditions","20":"tag-maif","21":"tag-marseille","22":"tag-news","23":"tag-performances","24":"tag-provence-alpes-cote-dazur","25":"tag-republique-francaise","26":"tag-revient"},"share_on_mastodon":{"url":"https:\/\/pubeurope.com\/@fr\/115088688660958572","error":""},"_links":{"self":[{"href":"https:\/\/www.europesays.com\/fr\/wp-json\/wp\/v2\/posts\/342487","targetHints":{"allow":["GET"]}}],"collection":[{"href":"https:\/\/www.europesays.com\/fr\/wp-json\/wp\/v2\/posts"}],"about":[{"href":"https:\/\/www.europesays.com\/fr\/wp-json\/wp\/v2\/types\/post"}],"author":[{"embeddable":true,"href":"https:\/\/www.europesays.com\/fr\/wp-json\/wp\/v2\/users\/2"}],"replies":[{"embeddable":true,"href":"https:\/\/www.europesays.com\/fr\/wp-json\/wp\/v2\/comments?post=342487"}],"version-history":[{"count":0,"href":"https:\/\/www.europesays.com\/fr\/wp-json\/wp\/v2\/posts\/342487\/revisions"}],"wp:featuredmedia":[{"embeddable":true,"href":"https:\/\/www.europesays.com\/fr\/wp-json\/wp\/v2\/media\/342488"}],"wp:attachment":[{"href":"https:\/\/www.europesays.com\/fr\/wp-json\/wp\/v2\/media?parent=342487"}],"wp:term":[{"taxonomy":"category","embeddable":true,"href":"https:\/\/www.europesays.com\/fr\/wp-json\/wp\/v2\/categories?post=342487"},{"taxonomy":"post_tag","embeddable":true,"href":"https:\/\/www.europesays.com\/fr\/wp-json\/wp\/v2\/tags?post=342487"}],"curies":[{"name":"wp","href":"https:\/\/api.w.org\/{rel}","templated":true}]}}