{"id":342489,"date":"2025-08-25T09:26:15","date_gmt":"2025-08-25T09:26:15","guid":{"rendered":"https:\/\/www.europesays.com\/fr\/342489\/"},"modified":"2025-08-25T09:26:15","modified_gmt":"2025-08-25T09:26:15","slug":"marseille-intensification-des-controles-de-velos-et-trottinettes","status":"publish","type":"post","link":"https:\/\/www.europesays.com\/fr\/342489\/","title":{"rendered":"Marseille : intensification des contr\u00f4les de v\u00e9los et trottinettes"},"content":{"rendered":"<p><img loading=\"lazy\" decoding=\"async\" alt=\"\u00a9 DR - En p\u00e9riode estivale, v\u00e9los et trottinettes sont tr\u00e8s pris\u00e9s, mais certains s'affranchissent all\u00e8grement des r\u00e8gles du Code de la route.\" data-zoom-src=\"https:\/\/www.europesays.com\/fr\/wp-content\/uploads\/2025\/08\/initial-trottinette.jpg\" data-zoomable=\"\" height=\"702\" src=\"https:\/\/www.europesays.com\/fr\/wp-content\/uploads\/2025\/08\/initial-trottinette.jpg\" width=\"1248\"\/>  <\/p>\n<p class=\"article-desc\">\u00a9 DR &#8211; En p\u00e9riode estivale, v\u00e9los et trottinettes sont tr\u00e8s pris\u00e9s, mais certains s&rsquo;affranchissent all\u00e8grement des r\u00e8gles du Code de la route. <\/p>\n<p>Face aux conduites de plus en plus erratiques constat\u00e9es chaque jour dans les rues de Marseille et du d\u00e9partement, la pr\u00e9fecture de police des Bouches-du-Rh\u00f4ne a d\u00e9cid\u00e9 <strong>d\u2019intensifier les contr\u00f4les qui ciblent les cyclistes et les pilotes de trottinettes.\u00a0<\/strong> <\/p>\n<p>Dans un message public adress\u00e9 \u00e0 ceux qui prennent le guidon, on peut lire: \u00ab Plus de mobilit\u00e9 \u00e9gale plus de risques. Cet \u00e9t\u00e9, on roule en s\u00e9curit\u00e9. \u00bb A bon entendeur, salut ! La pr\u00e9fecture invite donc les cyclistes et les pilotes de trottinettes \u00e0 \u00ab adopter les bons r\u00e9flexes : Code de la route respect\u00e9, casque viss\u00e9, attitude responsable \u00bb. <\/p>\n<p> Le bilan des contr\u00f4les depuis quatre semaines <\/p>\n<p>Au terme de quatre semaines de contr\u00f4les intensifi\u00e9s, la pr\u00e9fecture de police fait \u00e9tat de 196 op\u00e9rations men\u00e9es dans le d\u00e9partement. Depuis le 26 juillet, <strong>ce sont 339 personnes qui ont \u00e9t\u00e9 contr\u00f4l\u00e9es et plus de 50 infractions diverses au Code de la route<\/strong> qui ont \u00e9t\u00e9 relev\u00e9es, dont quatre refus d\u2019obtemp\u00e9rer et deux conduites sous l\u2019empire de stup\u00e9fiants qui ont \u00e9t\u00e9 recens\u00e9s.\u00a0 <\/p>\n<p>En 2024, les pilotes de deux-roues repr\u00e9sentaient plus de 30% des victimes d\u2019accidents mortels, soit pr\u00e8s d\u2019un sur trois. <strong>Les Bouches-du-Rh\u00f4ne restent le d\u00e9partement le plus meurtrier de France<\/strong> sur les routes avec 115 tu\u00e9s en 2024 contre 89 en 2023. Et 37 de ces personnes circulaient sur un deux-roues.<\/p>\n","protected":false},"excerpt":{"rendered":"\u00a9 DR &#8211; En p\u00e9riode estivale, v\u00e9los et trottinettes sont tr\u00e8s pris\u00e9s, mais certains s&rsquo;affranchissent all\u00e8grement des r\u00e8gles&hellip;\n","protected":false},"author":2,"featured_media":342490,"comment_status":"","ping_status":"","sticky":false,"template":"","format":"standard","meta":{"footnotes":""},"categories":[2814],"tags":[1111,11,10786,47871,1777,674,1011,27,884,12,882,25,37328,47872],"class_list":{"0":"post-342489","1":"post","2":"type-post","3":"status-publish","4":"format-standard","5":"has-post-thumbnail","7":"category-marseille","8":"tag-actu","9":"tag-actualites","10":"tag-code-de-la-route","11":"tag-controle-routier","12":"tag-eu","13":"tag-europe","14":"tag-fr","15":"tag-france","16":"tag-marseille","17":"tag-news","18":"tag-provence-alpes-cote-dazur","19":"tag-republique-francaise","20":"tag-trottinettes","21":"tag-vu00e9los"},"share_on_mastodon":{"url":"https:\/\/pubeurope.com\/@fr\/115088692639274341","error":""},"_links":{"self":[{"href":"https:\/\/www.europesays.com\/fr\/wp-json\/wp\/v2\/posts\/342489","targetHints":{"allow":["GET"]}}],"collection":[{"href":"https:\/\/www.europesays.com\/fr\/wp-json\/wp\/v2\/posts"}],"about":[{"href":"https:\/\/www.europesays.com\/fr\/wp-json\/wp\/v2\/types\/post"}],"author":[{"embeddable":true,"href":"https:\/\/www.europesays.com\/fr\/wp-json\/wp\/v2\/users\/2"}],"replies":[{"embeddable":true,"href":"https:\/\/www.europesays.com\/fr\/wp-json\/wp\/v2\/comments?post=342489"}],"version-history":[{"count":0,"href":"https:\/\/www.europesays.com\/fr\/wp-json\/wp\/v2\/posts\/342489\/revisions"}],"wp:featuredmedia":[{"embeddable":true,"href":"https:\/\/www.europesays.com\/fr\/wp-json\/wp\/v2\/media\/342490"}],"wp:attachment":[{"href":"https:\/\/www.europesays.com\/fr\/wp-json\/wp\/v2\/media?parent=342489"}],"wp:term":[{"taxonomy":"category","embeddable":true,"href":"https:\/\/www.europesays.com\/fr\/wp-json\/wp\/v2\/categories?post=342489"},{"taxonomy":"post_tag","embeddable":true,"href":"https:\/\/www.europesays.com\/fr\/wp-json\/wp\/v2\/tags?post=342489"}],"curies":[{"name":"wp","href":"https:\/\/api.w.org\/{rel}","templated":true}]}}