{"id":342491,"date":"2025-08-25T09:27:13","date_gmt":"2025-08-25T09:27:13","guid":{"rendered":"https:\/\/www.europesays.com\/fr\/342491\/"},"modified":"2025-08-25T09:27:13","modified_gmt":"2025-08-25T09:27:13","slug":"le-temps-va-radicalement-changer","status":"publish","type":"post","link":"https:\/\/www.europesays.com\/fr\/342491\/","title":{"rendered":"le temps va radicalement changer"},"content":{"rendered":"<p>            Par<br \/>\n        <strong><br \/>\n            <a href=\"https:\/\/actu.fr\/auteur\/theo-zuili\" title=\"Consulter tous les articles de Th\u00e9o Zuili\" rel=\"nofollow noopener\" target=\"_blank\">Th\u00e9o Zuili<\/a><br \/>\n        <\/strong><\/p>\n<p>        Publi\u00e9 le<\/p>\n<p>            25 ao\u00fbt 2025 \u00e0 10h57        <\/p>\n<p>La rentr\u00e9e approche et la chaleur laisse place aux d\u00e9gradations orageuses \u00e0 <a href=\"https:\/\/actu.fr\/lyon\/\" rel=\"nofollow noopener\" target=\"_blank\">Lyon<\/a> et dans le Rh\u00f4ne. M\u00e9t\u00e9o-France annonce d\u00e9j\u00e0 placer <a href=\"https:\/\/actu.fr\/meteo\/orages-deja-une-dizaine-de-departements-places-en-vigilance-ce-lundi-25-aout-les-previsions-meteo_63072279.html\" rel=\"nofollow noopener\" target=\"_blank\">une dizaine de d\u00e9partements en vigilance jaune aux orages<\/a> d\u00e8s mardi 26 ao\u00fbt 2025 alors qu\u2019une <strong>importante d\u00e9gradation<\/strong> est attendue cette semaine, <a href=\"https:\/\/actu.fr\/auvergne-rhone-alpes\/lyon_69123\/l-ouragan-erin-peut-devenir-une-tempete-explosive-en-france-quels-risques-a-lyon_63058537.html\" rel=\"nofollow noopener\" target=\"_blank\">li\u00e9e \u00e0 l\u2019ex-ouragan Erin<\/a>.<\/p>\n<p>Une semaine tr\u00e8s agit\u00e9e<\/p>\n<p class=\" wall-content\">Ce lundi chaud et ensoleill\u00e9 restera la journ\u00e9e la plus stable de la semaine \u00e0 Lyon et dans le Rh\u00f4ne avec 31\u00b0C attendus.<\/p>\n<p class=\" wall-content\">D\u00e8s 16h mardi, une partie de la r\u00e9gion Auvergne-Rh\u00f4ne-Alpes et de l\u2019est de la France bascule en vigilance jaune aux orages. M\u00e9t\u00e9o-France s\u2019attend \u00e0 un temps<strong> lourd et orageux \u00e0 Lyon<\/strong> avec jusqu\u2019\u00e0 34\u00b0C et des averses orageuses.<\/p>\n<p class=\" wall-content\">Selon Guillaume S\u00e9chet, m\u00e9t\u00e9orologue fondateur de <a href=\"https:\/\/www.meteo-lyon.net\/\" rel=\"nofollow noopener\" target=\"_blank\">M\u00e9t\u00e9o-Villes<\/a>, l\u2019arriv\u00e9e de l\u2019ex-cyclone Erin au large des \u00celes Britanniques va provoquer d\u2019importants conflits de masses d\u2019air sur l\u2019est de la France entre l\u2019air froid oc\u00e9anique et chaud m\u00e9diterran\u00e9en. Lyon et le Rh\u00f4ne devraient se trouver dans cette zone de <strong>fortes pr\u00e9cipitations orageuses<\/strong> et d\u2019instabilit\u00e9.<\/p>\n<p>Orages et vents violents<\/p>\n<p class=\" wall-content\">La journ\u00e9e du mercredi 27 ao\u00fbt s\u2019annonce comme le point culminant de cette instabilit\u00e9, avec des<strong> orages attendus de la matin\u00e9e \u00e0 la nuit<\/strong>.<\/p>\n<p class=\" wall-content\">Des rafales jusqu\u2019\u00e0 65 km\/h localement sont \u00e0 craindre et le soleil ne devrait pas appara\u00eetre dans le ciel lyonnais. Des pluies probablement abondantes et orageuses avec un risque d\u2019inondations pourraient balayer l\u2019ensemble du d\u00e9partement.<\/p>\n<p>Votre r\u00e9gion, votre actu !<\/p>\n<p>Recevez chaque jour les infos qui comptent pour vous.<\/p>\n<p>\t<a href=\"https:\/\/actu.fr\/newsletter\" class=\"ac-btn ac-btn--corner ac-btn--medium ac-btn--blue800\" rel=\"nofollow noopener\" target=\"_blank\">S&rsquo;incrire<\/a><\/p>\n<p class=\" wall-content\">\n<p class=\" wall-content\">Le mercure continuera de descendre pour une maximale \u00e0 25\u00b0C jeudi 28 ao\u00fbt avec toujours des orages et averses. Des rafales \u00e0 40 km\/h sont attendues vendredi 29 avec un risque d\u2019orages l\u2019apr\u00e8s-midi, pr\u00e9voit M\u00e9t\u00e9o-France. <strong>Temp\u00e9rature maximale : 22\u00b0C<\/strong>, bien en dessous des normales de saison.<\/p>\n<p class=\" wall-content\">L\u2019incertitude est forte pour la fin de semaine et les journ\u00e9es de samedi et dimanche, qui s\u2019annoncent toutefois plus calmes avec des averses, des \u00e9claircies et un mercure en hausse.<\/p>\n<p class=\" wall-content\">Personnalisez votre actualit\u00e9 en ajoutant vos villes et m\u00e9dias en favori avec <a href=\"https:\/\/moncompte.actu.fr\" title=\"D\u00e9couvez Mon Actu\" rel=\"nofollow noopener\" data-trk=\"{&quot;cta&quot;:{&quot;action&quot;:&quot;https:\\\/\\\/moncompte.actu.fr&quot;,&quot;category&quot;:&quot;mon compte&quot;,&quot;from&quot;:&quot;article footer&quot;,&quot;name&quot;:&quot;Mon actu&quot;,&quot;type&quot;:&quot;cta&quot;}}\" target=\"_blank\">Mon Actu<\/a>.<\/p>\n","protected":false},"excerpt":{"rendered":"Par Th\u00e9o Zuili Publi\u00e9 le 25 ao\u00fbt 2025 \u00e0 10h57 La rentr\u00e9e approche et la chaleur laisse place&hellip;\n","protected":false},"author":2,"featured_media":342492,"comment_status":"","ping_status":"","sticky":false,"template":"","format":"standard","meta":{"footnotes":""},"categories":[1889],"tags":[1111,11,2430,1777,674,1011,27,2428,2357,12,4594,25,104],"class_list":{"0":"post-342491","1":"post","2":"type-post","3":"status-publish","4":"format-standard","5":"has-post-thumbnail","7":"category-lyon","8":"tag-actu","9":"tag-actualites","10":"tag-auvergne-rhone-alpes","11":"tag-eu","12":"tag-europe","13":"tag-fr","14":"tag-france","15":"tag-lyon","16":"tag-meteo-france","17":"tag-news","18":"tag-orages","19":"tag-republique-francaise","20":"tag-societe"},"share_on_mastodon":{"url":"https:\/\/pubeurope.com\/@fr\/115088696525781261","error":""},"_links":{"self":[{"href":"https:\/\/www.europesays.com\/fr\/wp-json\/wp\/v2\/posts\/342491","targetHints":{"allow":["GET"]}}],"collection":[{"href":"https:\/\/www.europesays.com\/fr\/wp-json\/wp\/v2\/posts"}],"about":[{"href":"https:\/\/www.europesays.com\/fr\/wp-json\/wp\/v2\/types\/post"}],"author":[{"embeddable":true,"href":"https:\/\/www.europesays.com\/fr\/wp-json\/wp\/v2\/users\/2"}],"replies":[{"embeddable":true,"href":"https:\/\/www.europesays.com\/fr\/wp-json\/wp\/v2\/comments?post=342491"}],"version-history":[{"count":0,"href":"https:\/\/www.europesays.com\/fr\/wp-json\/wp\/v2\/posts\/342491\/revisions"}],"wp:featuredmedia":[{"embeddable":true,"href":"https:\/\/www.europesays.com\/fr\/wp-json\/wp\/v2\/media\/342492"}],"wp:attachment":[{"href":"https:\/\/www.europesays.com\/fr\/wp-json\/wp\/v2\/media?parent=342491"}],"wp:term":[{"taxonomy":"category","embeddable":true,"href":"https:\/\/www.europesays.com\/fr\/wp-json\/wp\/v2\/categories?post=342491"},{"taxonomy":"post_tag","embeddable":true,"href":"https:\/\/www.europesays.com\/fr\/wp-json\/wp\/v2\/tags?post=342491"}],"curies":[{"name":"wp","href":"https:\/\/api.w.org\/{rel}","templated":true}]}}