{"id":342493,"date":"2025-08-25T09:28:10","date_gmt":"2025-08-25T09:28:10","guid":{"rendered":"https:\/\/www.europesays.com\/fr\/342493\/"},"modified":"2025-08-25T09:28:10","modified_gmt":"2025-08-25T09:28:10","slug":"une-nouvelle-ligne-de-bus-desservira-laeroport-de-lyon-pour-210-e","status":"publish","type":"post","link":"https:\/\/www.europesays.com\/fr\/342493\/","title":{"rendered":"une nouvelle ligne de bus desservira l&rsquo;a\u00e9roport de Lyon pour 2,10 \u20ac"},"content":{"rendered":"<p>                            <img loading=\"lazy\" width=\"1080\" height=\"675\" class=\"attachment-article size-article wp-post-image lazyload\" alt=\"TCL\" decoding=\"async\" src=\"https:\/\/www.europesays.com\/fr\/wp-content\/uploads\/2025\/08\/TCL-Romane-Thevenot-13-scaled-e1702381264928.jpg\" data-eio-rwidth=\"1080\" data-eio-rheight=\"675\"\/><\/p>\n<p>Illustration d\u2019un bus TCL. \u00a9 Romane Thevenot<\/p>\n<p class=\"content\" style=\"font-size:1.2em;font-weight:700\">Une nouvelle ligne du r\u00e9seau TCL va permettre de rejoindre l&rsquo;a\u00e9roport de Lyon depuis Vaulx-en-Velin pour 2,10 \u20ac.<\/p>\n<p>La nouvelle ligne de bus C200 du r\u00e9seau TCL, fruit de la fusion entre les lignes 28 et 48 permettra d\u00e8s le 1er septembre de rejoindre l&rsquo;a\u00e9roport de Lyon pour seulement 2,10 \u20ac contre 16 \u20ac en Rh\u00f4nexpress.<\/p>\n<p>Elle reliera Vaulx-en-Velin La Soie \u00e0 Genas en passant par Sept Chemins et Chassieu en une trentaine de minutes. Un bus sur trois permettra de rejoindre l&rsquo;a\u00e9roport en semaine, et un bus sur deux le week-end. Il faudra compter 40 minutes eu d\u00e9part de Vaulx-en-Velin. <\/p>\n<p>La ligne circulera de 5 h 35 \u00e0 minuit avec un bus toutes les dix minutes en heures de pointe et toutes les 20 minutes en journ\u00e9e. \u00c0 noter que la ligne 47 est maintenue. Elle permet de relier l&rsquo;a\u00e9roport via Meyzieu et Saint-Laurent-de-Mure. <\/p>\n","protected":false},"excerpt":{"rendered":"Illustration d\u2019un bus TCL. \u00a9 Romane Thevenot Une nouvelle ligne du r\u00e9seau TCL va permettre de rejoindre l&rsquo;a\u00e9roport&hellip;\n","protected":false},"author":2,"featured_media":342494,"comment_status":"","ping_status":"","sticky":false,"template":"","format":"standard","meta":{"footnotes":""},"categories":[1889],"tags":[1111,11,2430,1777,674,1011,27,2428,12,25],"class_list":{"0":"post-342493","1":"post","2":"type-post","3":"status-publish","4":"format-standard","5":"has-post-thumbnail","7":"category-lyon","8":"tag-actu","9":"tag-actualites","10":"tag-auvergne-rhone-alpes","11":"tag-eu","12":"tag-europe","13":"tag-fr","14":"tag-france","15":"tag-lyon","16":"tag-news","17":"tag-republique-francaise"},"share_on_mastodon":{"url":"https:\/\/pubeurope.com\/@fr\/115088700447998913","error":""},"_links":{"self":[{"href":"https:\/\/www.europesays.com\/fr\/wp-json\/wp\/v2\/posts\/342493","targetHints":{"allow":["GET"]}}],"collection":[{"href":"https:\/\/www.europesays.com\/fr\/wp-json\/wp\/v2\/posts"}],"about":[{"href":"https:\/\/www.europesays.com\/fr\/wp-json\/wp\/v2\/types\/post"}],"author":[{"embeddable":true,"href":"https:\/\/www.europesays.com\/fr\/wp-json\/wp\/v2\/users\/2"}],"replies":[{"embeddable":true,"href":"https:\/\/www.europesays.com\/fr\/wp-json\/wp\/v2\/comments?post=342493"}],"version-history":[{"count":0,"href":"https:\/\/www.europesays.com\/fr\/wp-json\/wp\/v2\/posts\/342493\/revisions"}],"wp:featuredmedia":[{"embeddable":true,"href":"https:\/\/www.europesays.com\/fr\/wp-json\/wp\/v2\/media\/342494"}],"wp:attachment":[{"href":"https:\/\/www.europesays.com\/fr\/wp-json\/wp\/v2\/media?parent=342493"}],"wp:term":[{"taxonomy":"category","embeddable":true,"href":"https:\/\/www.europesays.com\/fr\/wp-json\/wp\/v2\/categories?post=342493"},{"taxonomy":"post_tag","embeddable":true,"href":"https:\/\/www.europesays.com\/fr\/wp-json\/wp\/v2\/tags?post=342493"}],"curies":[{"name":"wp","href":"https:\/\/api.w.org\/{rel}","templated":true}]}}