{"id":342495,"date":"2025-08-25T09:32:10","date_gmt":"2025-08-25T09:32:10","guid":{"rendered":"https:\/\/www.europesays.com\/fr\/342495\/"},"modified":"2025-08-25T09:32:10","modified_gmt":"2025-08-25T09:32:10","slug":"des-arrets-de-metro-non-desservis-sur-ordre-de-la-police","status":"publish","type":"post","link":"https:\/\/www.europesays.com\/fr\/342495\/","title":{"rendered":"des arr\u00eats de m\u00e9tro non desservis sur ordre de la police"},"content":{"rendered":"<p>            Par<br \/>\n        <strong><br \/>\n            <a href=\"https:\/\/actu.fr\/auteur\/redaction-paris\" title=\"Consulter tous les articles de R\u00e9daction Paris\" target=\"_blank\" rel=\"noopener\">R\u00e9daction Paris<\/a><br \/>\n        <\/strong><\/p>\n<p>        Publi\u00e9 le<\/p>\n<p>            25 ao\u00fbt 2025 \u00e0 11h14        <\/p>\n<p>Le 25\u00a0ao\u00fbt 1944, <a href=\"https:\/\/actu.fr\/ile-de-france\/paris_75056\/liberation-de-paris-pourquoi-la-capitulation-allemande-a-t-elle-ete-signee-dans-une-salle-de-billard_61510054.html\" target=\"_blank\" rel=\"noopener\">Paris a \u00e9t\u00e9 lib\u00e9r\u00e9e de l\u2019occupation allemande<\/a>. 81\u00a0ans plus tard, ce lundi 25\u00a0ao\u00fbt 2025, la Ville comm\u00e9more ce <strong>moment fort de son histoire<\/strong>. Des c\u00e9l\u00e9brations qui vont avoir des r\u00e9percussions sur la <a href=\"https:\/\/actu.fr\/tag\/circulation\" target=\"_blank\" rel=\"noopener\">circulation<\/a> des transports en commun, notamment dans les m\u00e9tros.<\/p>\n<p>\u00c9vocation historique et lecture de textes<\/p>\n<p class=\" wall-content\">Sur X, la <a href=\"https:\/\/actu.fr\/tag\/ratp\" target=\"_blank\" rel=\"noopener\">RATP<\/a> a annonc\u00e9 que \u00ab\u2009sur ordre de la <a href=\"https:\/\/actu.fr\/tag\/prefecture-de-police-de-paris\" target=\"_blank\" rel=\"noopener\">Pr\u00e9fecture de Police<\/a>, la <strong>station H\u00f4tel de Ville<\/strong> sera ferm\u00e9e \u00e0 partir de 14h00\u2009\u00bb sur les lignes 1 et 11. Les trains \u00ab\u2009ne marqueront pas l\u2019arr\u00eat\u2009\u00bb et les correspondances ne seront \u00ab\u2009pas assur\u00e9es.\u2009\u00bb La r\u00e9ouverture ne sera effective qu\u2019une fois que les autorit\u00e9s l\u2019auront d\u00e9cid\u00e9.<\/p>\n<p class=\" wall-content\">\n<p class=\" wall-content\">\n<p class=\" wall-content\">Prise d\u2019armes, \u00e9vocation historique et lecture de textes\u2026 Plusieurs temps forts sont pr\u00e9vus lors de cette c\u00e9r\u00e9monie qui se d\u00e9roulera \u00e0 <strong>17h30<\/strong> sur la place de l\u2019H\u00f4tel de Ville. L\u2019acc\u00e8s se fera uniquement par l\u2019avenue Victoria, angle rue de la Coutellerie.<\/p>\n<p class=\" wall-content\">\u00c0 noter qu\u2019un <strong>p\u00e9rim\u00e8tre<\/strong> contraignant la circulation a \u00e9t\u00e9 mis en place aux abords de la mairie de Paris. Les cort\u00e8ges, d\u00e9fil\u00e9s et rassemblements qui n\u2019ont pas \u00e9t\u00e9 d\u00e9clar\u00e9s, sont interdits le lundi 25 ao\u00fbt 2025 de 11h00 \u00e0 21\u2009h\u200900.<\/p>\n<p class=\" wall-content\">Personnalisez votre actualit\u00e9 en ajoutant vos villes et m\u00e9dias en favori avec <a href=\"https:\/\/moncompte.actu.fr\" title=\"D\u00e9couvez Mon Actu\" rel=\"nofollow noopener\" data-trk=\"{&quot;cta&quot;:{&quot;action&quot;:&quot;https:\\\/\\\/moncompte.actu.fr&quot;,&quot;category&quot;:&quot;mon compte&quot;,&quot;from&quot;:&quot;article footer&quot;,&quot;name&quot;:&quot;Mon actu&quot;,&quot;type&quot;:&quot;cta&quot;}}\" target=\"_blank\">Mon Actu<\/a>.<\/p>\n","protected":false},"excerpt":{"rendered":"Par R\u00e9daction Paris Publi\u00e9 le 25 ao\u00fbt 2025 \u00e0 11h14 Le 25\u00a0ao\u00fbt 1944, Paris a \u00e9t\u00e9 lib\u00e9r\u00e9e de&hellip;\n","protected":false},"author":2,"featured_media":309621,"comment_status":"","ping_status":"","sticky":false,"template":"","format":"standard","meta":{"footnotes":""},"categories":[1888],"tags":[1111,1928,11,1927,1777,674,1011,27,4047,12,1926,626,1925,1931,625,25,104],"class_list":{"0":"post-342495","1":"post","2":"type-post","3":"status-publish","4":"format-standard","5":"has-post-thumbnail","7":"category-paris","8":"tag-actu","9":"tag-actu-paris","10":"tag-actualites","11":"tag-actualites-paris","12":"tag-eu","13":"tag-europe","14":"tag-fr","15":"tag-france","16":"tag-metro","17":"tag-news","18":"tag-news-paris","19":"tag-paris","20":"tag-paris-news","21":"tag-prefecture-de-police-de-paris","22":"tag-ratp","23":"tag-republique-francaise","24":"tag-societe"},"share_on_mastodon":{"url":"https:\/\/pubeurope.com\/@fr\/115088716167042586","error":""},"_links":{"self":[{"href":"https:\/\/www.europesays.com\/fr\/wp-json\/wp\/v2\/posts\/342495","targetHints":{"allow":["GET"]}}],"collection":[{"href":"https:\/\/www.europesays.com\/fr\/wp-json\/wp\/v2\/posts"}],"about":[{"href":"https:\/\/www.europesays.com\/fr\/wp-json\/wp\/v2\/types\/post"}],"author":[{"embeddable":true,"href":"https:\/\/www.europesays.com\/fr\/wp-json\/wp\/v2\/users\/2"}],"replies":[{"embeddable":true,"href":"https:\/\/www.europesays.com\/fr\/wp-json\/wp\/v2\/comments?post=342495"}],"version-history":[{"count":0,"href":"https:\/\/www.europesays.com\/fr\/wp-json\/wp\/v2\/posts\/342495\/revisions"}],"wp:featuredmedia":[{"embeddable":true,"href":"https:\/\/www.europesays.com\/fr\/wp-json\/wp\/v2\/media\/309621"}],"wp:attachment":[{"href":"https:\/\/www.europesays.com\/fr\/wp-json\/wp\/v2\/media?parent=342495"}],"wp:term":[{"taxonomy":"category","embeddable":true,"href":"https:\/\/www.europesays.com\/fr\/wp-json\/wp\/v2\/categories?post=342495"},{"taxonomy":"post_tag","embeddable":true,"href":"https:\/\/www.europesays.com\/fr\/wp-json\/wp\/v2\/tags?post=342495"}],"curies":[{"name":"wp","href":"https:\/\/api.w.org\/{rel}","templated":true}]}}