{"id":342498,"date":"2025-08-25T09:34:11","date_gmt":"2025-08-25T09:34:11","guid":{"rendered":"https:\/\/www.europesays.com\/fr\/342498\/"},"modified":"2025-08-25T09:34:11","modified_gmt":"2025-08-25T09:34:11","slug":"last-train-en-concert-au-zenith-de-paris-en-octobre-2026-news-rockurlife","status":"publish","type":"post","link":"https:\/\/www.europesays.com\/fr\/342498\/","title":{"rendered":"Last Train : en concert au Z\u00e9nith de Paris en octobre 2026 ! &#8211; News &#8211; RockUrLife"},"content":{"rendered":"<p>Au lendemain de son concert enflamm\u00e9 \u00e0\u00a0<strong>Rock En Seine<\/strong>, l\u2019annonce a fait frissonner les fans :\u00a0<strong>Last Train<\/strong> se produira pour la toute premi\u00e8re fois au <strong>Z\u00e9nith Paris \u2013 La Villette<\/strong> le samedi 3 octobre 2026 !<\/p>\n<p>Un cap symbolique pour le quatuor originaire de <strong>Mulhouse<\/strong>, pass\u00e9 des salles de lyc\u00e9e aux plus grandes sc\u00e8nes fran\u00e7aises en moins d\u2019une d\u00e9cennie. Ce show marquera\u00a0l\u2019ultime date de la tourn\u00e9e actuelle, d\u00e9j\u00e0 couronn\u00e9e de succ\u00e8s. Les deux concerts au <strong>Trianon<\/strong> les<a href=\"https:\/\/www.rockurlife.net\/news\/last-train-nouvelle-date-au-trianon-de-paris-en-decembre-2025\/\" target=\"_blank\" rel=\"noopener\"> 4<\/a> et <a href=\"https:\/\/www.rockurlife.net\/news\/last-train-en-concert-au-trianon-de-paris-en-decembre-2025\/\" target=\"_blank\" rel=\"noopener\">5 d\u00e9cembre 2025<\/a> affichent complet depuis plusieurs mois, preuve de l\u2019impatience grandissante autour du groupe.<\/p>\n<p>Pour ce rendez-vous exceptionnel, les fans les plus fid\u00e8les auront l\u2019occasion de s\u00e9curiser leurs places en avant-premi\u00e8re gr\u00e2ce \u00e0 la\u00a0pr\u00e9vente<strong> Last Train<\/strong>\u00a0(jeudi 28 ao\u00fbt 2025 \u00e0 10h00, sur inscription). Suivront une pr\u00e9vente Ticketmaster le\u00a0vendredi 29 ao\u00fbt\u00a0puis la\u00a0mise en vente g\u00e9n\u00e9rale le lundi 1er septembre. Attention : les quotas de pr\u00e9vente sont limit\u00e9s.<\/p>\n<p><strong>Jean-No\u00ebl<\/strong>, <strong>Tim<\/strong>, <strong>Julien<\/strong> et <strong>Antoine<\/strong> promettent une soir\u00e9e unique et intense pour c\u00e9l\u00e9brer comme il se doit la fin d\u2019un chapitre d\u00e9j\u00e0 historique de leur carri\u00e8re.<\/p>\n<p>Rendez-vous le\u00a0<strong>3 octobre 2026 au Z\u00e9nith de Paris<\/strong>\u00a0pour \u00e9crire une nouvelle page de l\u2019aventure <strong>Last Train<\/strong>.<\/p>\n<p><img loading=\"lazy\" decoding=\"async\" width=\"819\" height=\"1024\" src=\"https:\/\/www.europesays.com\/fr\/wp-content\/uploads\/2025\/08\/IMG_2189-819x1024.jpeg\" alt=\"\" class=\"wp-image-225193\"\/><\/p>\n","protected":false},"excerpt":{"rendered":"Au lendemain de son concert enflamm\u00e9 \u00e0\u00a0Rock En Seine, l\u2019annonce a fait frissonner les fans :\u00a0Last Train se&hellip;\n","protected":false},"author":2,"featured_media":342499,"comment_status":"","ping_status":"","sticky":false,"template":"","format":"standard","meta":{"footnotes":""},"categories":[1888],"tags":[11,1777,674,1011,27,37508,12,626,25,13141],"class_list":{"0":"post-342498","1":"post","2":"type-post","3":"status-publish","4":"format-standard","5":"has-post-thumbnail","7":"category-paris","8":"tag-actualites","9":"tag-eu","10":"tag-europe","11":"tag-fr","12":"tag-france","13":"tag-last-train","14":"tag-news","15":"tag-paris","16":"tag-republique-francaise","17":"tag-zenith-paris-la-villette"},"share_on_mastodon":{"url":"https:\/\/pubeurope.com\/@fr\/115088724383206661","error":""},"_links":{"self":[{"href":"https:\/\/www.europesays.com\/fr\/wp-json\/wp\/v2\/posts\/342498","targetHints":{"allow":["GET"]}}],"collection":[{"href":"https:\/\/www.europesays.com\/fr\/wp-json\/wp\/v2\/posts"}],"about":[{"href":"https:\/\/www.europesays.com\/fr\/wp-json\/wp\/v2\/types\/post"}],"author":[{"embeddable":true,"href":"https:\/\/www.europesays.com\/fr\/wp-json\/wp\/v2\/users\/2"}],"replies":[{"embeddable":true,"href":"https:\/\/www.europesays.com\/fr\/wp-json\/wp\/v2\/comments?post=342498"}],"version-history":[{"count":0,"href":"https:\/\/www.europesays.com\/fr\/wp-json\/wp\/v2\/posts\/342498\/revisions"}],"wp:featuredmedia":[{"embeddable":true,"href":"https:\/\/www.europesays.com\/fr\/wp-json\/wp\/v2\/media\/342499"}],"wp:attachment":[{"href":"https:\/\/www.europesays.com\/fr\/wp-json\/wp\/v2\/media?parent=342498"}],"wp:term":[{"taxonomy":"category","embeddable":true,"href":"https:\/\/www.europesays.com\/fr\/wp-json\/wp\/v2\/categories?post=342498"},{"taxonomy":"post_tag","embeddable":true,"href":"https:\/\/www.europesays.com\/fr\/wp-json\/wp\/v2\/tags?post=342498"}],"curies":[{"name":"wp","href":"https:\/\/api.w.org\/{rel}","templated":true}]}}