{"id":342502,"date":"2025-08-25T09:36:17","date_gmt":"2025-08-25T09:36:17","guid":{"rendered":"https:\/\/www.europesays.com\/fr\/342502\/"},"modified":"2025-08-25T09:36:17","modified_gmt":"2025-08-25T09:36:17","slug":"les-parents-de-laurent-vinatier-detenu-en-russie-et-qui-risque-20-ans-de-prison-ce-lundi-confient-leur-detresse","status":"publish","type":"post","link":"https:\/\/www.europesays.com\/fr\/342502\/","title":{"rendered":"les parents de Laurent Vinatier, d\u00e9tenu en Russie et qui risque 20 ans de prison ce lundi, confient leur d\u00e9tresse"},"content":{"rendered":"<p>            lire plus tard<\/p>\n<p id=\"dialog__title\" class=\"dialog__title\">Pour sauvegarder cet article, connectez-vous ou cr\u00e9ez un compte franceinfo<\/p>\n<p class=\"dialog__description\">Sans paiement. Sans abonnement.<\/p>\n<p>        Fermer la fen\u00eatre d\u2019activation des notifications France Info<\/p>\n<p>            cr\u00e9er votre compte<\/p>\n<p>            se connecter<\/p>\n<p>        Fermer la fen\u00eatre de pr\u00e9sentation<\/p>\n<p>    Publi\u00e9 le 25\/08\/2025 11:18<\/p>\n<p>      Mis \u00e0 jour le 25\/08\/2025 11:18<\/p>\n<p>        Temps de lecture : 1min &#8211; vid\u00e9o : 1min<\/p>\n<p>    <img decoding=\"async\" class=\"francetv-player-wrapper__image\" alt=\"&quot;On ne le reverra plus de notre vie&quot; : les parents de Laurent Vinatier, d\u00e9tenu en Russie et qui risque 20 ans de prison ce lundi, confient leur d\u00e9tresse\"  width=\"432\" height=\"243\" src=\"https:\/\/www.europesays.com\/fr\/wp-content\/uploads\/2025\/08\/russie-jt-8h-2508-68ac29fd7c83f683095760.jpg\" fetchpriority=\"high\"\/><\/p>\n<p>              \u00ab\u00a0On ne le reverra plus de notre vie\u00a0\u00bb : les parents de Laurent Vinatier, d\u00e9tenu en Russie et qui risque 20 ans de prison ce lundi, confient leur d\u00e9tresse<br \/>\n                    (France 2)<\/p>\n<p>      1min<\/p>\n<p>\n  Les proches de Laurent Vinatier retiennent leur souffle. Incarc\u00e9r\u00e9 en Russie depuis plus d&rsquo;un an, il pourrait \u00eatre fix\u00e9 sur son sort ce lundi 25 ao\u00fbt. Le salari\u00e9 d&rsquo;une ONG suisse accus\u00e9 d&rsquo;espionnage risque jusqu&rsquo;\u00e0 20 ans de prison.\n<\/p>\n<p><strong>Ce texte correspond \u00e0 une partie de la retranscription du reportage ci-dessus. Cliquez sur la vid\u00e9o pour la regarder en int\u00e9gralit\u00e9.<\/strong><\/p>\n<p>C&rsquo;est l&rsquo;une des rares images de <a target=\"_self\" rel=\"noopener noreferrer nofollow\" href=\"https:\/\/www.franceinfo.fr\/replay-jt\/france-2\/20-heures\/francais-emprisonne-en-russie-les-parents-de-laurent-vinatier-temoignent_7452559.html\">Laurent Vinatier<\/a>, qui purge une peine de trois ans de prison \u00e0 Moscou. Ses parents s&rsquo;inqui\u00e8tent, car les Russes l&rsquo;accusent d\u00e9sormais d&rsquo;\u00eatre un espion fran\u00e7ais. Il risque jusqu&rsquo;\u00e0 20 ans de prison. \u00ab\u00a0Je n&rsquo;imagine m\u00eame pas 20 ans. De toute fa\u00e7on, si vraiment Laurent est d\u00e9tenu pendant 20 ans, on ne le reverra plus de notre vie, puisqu&rsquo;on sera morts, c&rsquo;est certain, vu notre \u00e2ge\u00a0\u00bb, confie sa m\u00e8re, Brigitte Vinatier.<\/p>\n<p>En juin 2024, Laurent Vinatier est arr\u00eat\u00e9 dans un restaurant de Moscou (Russie), devant les cam\u00e9ras des services russes. Il lui est reproch\u00e9 de ne pas s&rsquo;\u00eatre enregistr\u00e9 comme agent de l&rsquo;\u00e9tranger, une formalit\u00e9 administrative en Russie. \u00c0 ce moment-l\u00e0, il travaille pour une ONG suisse sp\u00e9cialis\u00e9e dans la m\u00e9diation internationale, de la diplomatie parall\u00e8le avec l&rsquo;accord du Kremlin, selon ses parents.<\/p>\n<p>\u00ab\u00a0On sait justement qu&rsquo;il travaille pour une ONG o\u00f9 tout ce qui est fait est absolument transparent\u00a0\u00bb, assure Brigitte Vinatier. \u00ab\u00a0Pour un Russe, d\u00e8s qu&rsquo;on est \u00e9tranger, on est espion\u00a0\u00bb, ajoute son p\u00e8re, Alain Vinatier. Le couple \u00ab\u00a0suppose\u00a0\u00bb que leur fils fait les frais des tensions diplomatiques de la France avec Moscou.<\/p>\n<p>L&rsquo;\u00e9t\u00e9 dernier, plusieurs Occidentaux ont \u00e9t\u00e9 \u00e9chang\u00e9s contre des Russes d\u00e9tenus \u00e0 l&rsquo;\u00e9tranger. En sera-t-il de m\u00eame pour Laurent Vinatier ? C&rsquo;est en tout cas \u00e0 cet espoir que ses parents s&rsquo;accrochent aujourd&rsquo;hui.<\/p>\n","protected":false},"excerpt":{"rendered":"lire plus tard Pour sauvegarder cet article, connectez-vous ou cr\u00e9ez un compte franceinfo Sans paiement. Sans abonnement. Fermer&hellip;\n","protected":false},"author":2,"featured_media":342503,"comment_status":"","ping_status":"","sticky":false,"template":"","format":"standard","meta":{"footnotes":""},"categories":[1591],"tags":[11,1887,12,1885,1886,132],"class_list":{"0":"post-342502","1":"post","2":"type-post","3":"status-publish","4":"format-standard","5":"has-post-thumbnail","7":"category-russie","8":"tag-actualites","9":"tag-federation-de-russie","10":"tag-news","11":"tag-russia","12":"tag-russian-federation","13":"tag-russie"},"share_on_mastodon":{"url":"https:\/\/pubeurope.com\/@fr\/115088731925420092","error":""},"_links":{"self":[{"href":"https:\/\/www.europesays.com\/fr\/wp-json\/wp\/v2\/posts\/342502","targetHints":{"allow":["GET"]}}],"collection":[{"href":"https:\/\/www.europesays.com\/fr\/wp-json\/wp\/v2\/posts"}],"about":[{"href":"https:\/\/www.europesays.com\/fr\/wp-json\/wp\/v2\/types\/post"}],"author":[{"embeddable":true,"href":"https:\/\/www.europesays.com\/fr\/wp-json\/wp\/v2\/users\/2"}],"replies":[{"embeddable":true,"href":"https:\/\/www.europesays.com\/fr\/wp-json\/wp\/v2\/comments?post=342502"}],"version-history":[{"count":0,"href":"https:\/\/www.europesays.com\/fr\/wp-json\/wp\/v2\/posts\/342502\/revisions"}],"wp:featuredmedia":[{"embeddable":true,"href":"https:\/\/www.europesays.com\/fr\/wp-json\/wp\/v2\/media\/342503"}],"wp:attachment":[{"href":"https:\/\/www.europesays.com\/fr\/wp-json\/wp\/v2\/media?parent=342502"}],"wp:term":[{"taxonomy":"category","embeddable":true,"href":"https:\/\/www.europesays.com\/fr\/wp-json\/wp\/v2\/categories?post=342502"},{"taxonomy":"post_tag","embeddable":true,"href":"https:\/\/www.europesays.com\/fr\/wp-json\/wp\/v2\/tags?post=342502"}],"curies":[{"name":"wp","href":"https:\/\/api.w.org\/{rel}","templated":true}]}}