{"id":342504,"date":"2025-08-25T09:37:12","date_gmt":"2025-08-25T09:37:12","guid":{"rendered":"https:\/\/www.europesays.com\/fr\/342504\/"},"modified":"2025-08-25T09:37:12","modified_gmt":"2025-08-25T09:37:12","slug":"direct-guerre-en-ukraine-zelensky-veut-rencontrer-poutine-a-tout-prix-moscou-lui-reproche-son-insistance-suivez-les-dernieres-informations","status":"publish","type":"post","link":"https:\/\/www.europesays.com\/fr\/342504\/","title":{"rendered":"DIRECT. Guerre en Ukraine\u00a0: Zelensky veut rencontrer Poutine \u00e0 tout prix, Moscou lui reproche son \u00ab\u00a0insistance\u00a0\u00bb\u2026 Suivez les derni\u00e8res informations"},"content":{"rendered":"<p>11h16.L&rsquo;arm\u00e9e russe revendique la capture d&rsquo;une nouvelle localit\u00e9 dans la r\u00e9gion de Dnipropetrovsk<\/p>\n<p class=\"live-post__amorce\">L&rsquo;arm\u00e9e russe a revendiqu\u00e9 lundi la prise d&rsquo;une nouvelle localit\u00e9 dans la r\u00e9gion de Dnipropetrovsk, territoire du centre-est de l&rsquo;Ukraine o\u00f9 elle a p\u00e9n\u00e9tr\u00e9 pour la premi\u00e8re fois en juillet. Selon le rapport quotidien du minist\u00e8re russe de la D\u00e9fense, ses troupes ont captur\u00e9 le village de Zaporizk\u00e9, situ\u00e9 \u00e0 une vingtaine de kilom\u00e8tres \u00e0 l&rsquo;ouest de la ville de Velyka Novossylka sous contr\u00f4le russe depuis janvier.<\/p>\n<p>10h05.Le vice-chancelier allemand r\u00e9clame des \u00ab\u00a0garanties de s\u00e9curit\u00e9 fiables\u00a0\u00bb pour l&rsquo;Ukraine<\/p>\n<p class=\"live-post__amorce\">Lars Klingbeil, le vice-chancelier allemande, a appel\u00e9 \u00e0 un cessez-le-feu en garantissant que l&rsquo;Allemagne \u00ab\u00a0assumera ses responsabilit\u00e9s\u00a0\u00bb dans la qu\u00eate d&rsquo;un accord sur les garanties de s\u00e9curit\u00e9 \u00e0 apporter \u00e0 l&rsquo;Ukraine, ce lundi 25 ao\u00fbt.<\/p>\n<p>07h55.L&rsquo;arm\u00e9e ukrainienne assure avoir repris trois villages dans la r\u00e9gion orientale de Donetsk<\/p>\n<p class=\"live-post__amorce\">Le commandant en chef des arm\u00e9es ukrainiennes, Oleksandre Syrsky, a assur\u00e9 dimanche que les troupes de Kiev avaient repris trois villages de la r\u00e9gion orientale de Donetsk qui \u00e9taient tomb\u00e9s sous le contr\u00f4le de la Russie. \u00ab\u00a0Nos troupes ont contre-attaqu\u00e9 avec succ\u00e8s et lib\u00e9r\u00e9 de l&rsquo;ennemi les villages de Mykhailivka, Zeleni\u00ef Gai et Volodymyrivka dans la r\u00e9gion de Donetsk\u00a0\u00bb, situ\u00e9s non loin de la r\u00e9gion centrale de Dnipropetrovsk, a d\u00e9clar\u00e9 M. Syrsky sur Facebook.<\/p>\n<p>07h55.Le Premier ministre canadien appelle \u00e0 un \u00ab\u00a0cessez-le-feu\u00a0\u00bb pour \u00ab\u00a0mettre fin aux tueries\u00a0\u00bb<\/p>\n<p class=\"live-post__amorce\">Le Premier ministre canadien, Mark Carney, a appel\u00e9 ce dimanche \u00e0 un cessez-le-feu entre la Russie et l&rsquo;Ukraine, alors le pr\u00e9sident am\u00e9ricain DonaldTrump a dit mi-ao\u00fbt pr\u00e9f\u00e9rer un accord de paix direct entre les bellig\u00e9rants pour mettre fin \u00e0 la guerre. \u00ab\u00a0Premi\u00e8rement, nous avons besoin d&rsquo;une cessation des hostilit\u00e9s. Nous avons besoin d&rsquo;un cessez-le-feu. Nous pouvons l&rsquo;appeler un cessez-le-feu, une tr\u00eave, un armistice. C&rsquo;est n\u00e9cessaire pour arr\u00eater les massacres\u00a0\u00bb, a-t-il affirm\u00e9 lors d&rsquo;une conf\u00e9rence de presse conjointe avec le pr\u00e9sident ukrainien Volodymyr Zelensky.<\/p>\n<p>07h52.La Russie a fait d'\u00a0\u00bbimportantes concessions\u00a0\u00bb \u00e0 Trump, affirme Vance<\/p>\n<p class=\"live-post__amorce\">JD Vance a donn\u00e9 une interview \u00e0 la cha\u00eene am\u00e9ricaine NBC, diffus\u00e9e ce dimanche. Le vice-pr\u00e9sident des Etats-Unis y a \u00e9voqu\u00e9 le conflit ukrainien et a affirm\u00e9 que la Russie a fait d'\u00a0\u00bbimportantes concessions\u00a0\u00bb. \u00ab\u00a0Je pense que les Russes ont fait des concessions importantes au pr\u00e9sident Trump, pour la premi\u00e8re fois en trois ans et demi de conflit. Ils veulent en fait \u00eatre flexibles sur certaines de leurs exigences fondamentales\u00a0\u00bb, a-t-il notamment d\u00e9clar\u00e9. <\/p>\n<p>07h48.Toujours pas de rencontre pr\u00e9vue entre Zelensky et Poutine\u00a0<\/p>\n<p class=\"live-post__amorce\">Volodymyr Zelensky a affirm\u00e9 dimanche, le jour de la f\u00eate de l&rsquo;ind\u00e9pendance de l&rsquo;Ukraine, qu&rsquo;une rencontre avec Vladimir Poutine constituait le moyen \u00ab\u00a0le plus efficace pour avancer\u00a0\u00bb, alors que Moscou lui reproche son insistance \u00e0 la r\u00e9clamer \u00ab\u00a0co\u00fbte que co\u00fbte\u00a0\u00bb, au moment o\u00f9 les efforts diplomatiques pour r\u00e9gler le conflit semblent s&rsquo;enliser.<\/p>\n<p>07h46.Ouverture de ce direct<\/p>\n<p class=\"live-post__amorce\">Bonjour \u00e0 toutes et \u00e0 tous et bienvenue dans ce direct.<\/p>\n","protected":false},"excerpt":{"rendered":"11h16.L&rsquo;arm\u00e9e russe revendique la capture d&rsquo;une nouvelle localit\u00e9 dans la r\u00e9gion de Dnipropetrovsk L&rsquo;arm\u00e9e russe a revendiqu\u00e9 lundi&hellip;\n","protected":false},"author":2,"featured_media":342505,"comment_status":"","ping_status":"","sticky":false,"template":"","format":"standard","meta":{"footnotes":""},"categories":[1590],"tags":[11,1777,674,12,220],"class_list":{"0":"post-342504","1":"post","2":"type-post","3":"status-publish","4":"format-standard","5":"has-post-thumbnail","7":"category-ukraine","8":"tag-actualites","9":"tag-eu","10":"tag-europe","11":"tag-news","12":"tag-ukraine"},"share_on_mastodon":{"url":"https:\/\/pubeurope.com\/@fr\/115088736032053753","error":""},"_links":{"self":[{"href":"https:\/\/www.europesays.com\/fr\/wp-json\/wp\/v2\/posts\/342504","targetHints":{"allow":["GET"]}}],"collection":[{"href":"https:\/\/www.europesays.com\/fr\/wp-json\/wp\/v2\/posts"}],"about":[{"href":"https:\/\/www.europesays.com\/fr\/wp-json\/wp\/v2\/types\/post"}],"author":[{"embeddable":true,"href":"https:\/\/www.europesays.com\/fr\/wp-json\/wp\/v2\/users\/2"}],"replies":[{"embeddable":true,"href":"https:\/\/www.europesays.com\/fr\/wp-json\/wp\/v2\/comments?post=342504"}],"version-history":[{"count":0,"href":"https:\/\/www.europesays.com\/fr\/wp-json\/wp\/v2\/posts\/342504\/revisions"}],"wp:featuredmedia":[{"embeddable":true,"href":"https:\/\/www.europesays.com\/fr\/wp-json\/wp\/v2\/media\/342505"}],"wp:attachment":[{"href":"https:\/\/www.europesays.com\/fr\/wp-json\/wp\/v2\/media?parent=342504"}],"wp:term":[{"taxonomy":"category","embeddable":true,"href":"https:\/\/www.europesays.com\/fr\/wp-json\/wp\/v2\/categories?post=342504"},{"taxonomy":"post_tag","embeddable":true,"href":"https:\/\/www.europesays.com\/fr\/wp-json\/wp\/v2\/tags?post=342504"}],"curies":[{"name":"wp","href":"https:\/\/api.w.org\/{rel}","templated":true}]}}